{"id":10672,"date":"2025-02-24T16:09:40","date_gmt":"2025-02-24T15:09:40","guid":{"rendered":"https:\/\/agora.xtec.cat\/insbadiaimargarit\/?p=10672"},"modified":"2025-03-04T11:54:08","modified_gmt":"2025-03-04T10:54:08","slug":"distincions-a-les-millors-notes-a-la-pau-2024","status":"publish","type":"post","link":"https:\/\/agora.xtec.cat\/insbadiaimargarit\/portada\/distincions-a-les-millors-notes-a-la-pau-2024\/","title":{"rendered":"Distincions a les millors notes a la PAU 2024"},"content":{"rendered":"<p><span lang=\"CA\">La Marina Dranda, estudiant de Batxillerat del nostre institut, va rebre el passat mes de setembre el reconeixement de l\u2019Ajuntament d\u2019Igualada per aconseguir una de les millors notes a la Prova d\u2019Acc\u00e9s a la Universitat (PAU) del passat any a la ciutat. L\u2019alcalde d\u2019Igualada, Marc Castells i el regidor d\u2019Ensenyament, Josep Maria Carpi, van felicitar els quatre igualadins guardonats per la seva excel\u00b7l\u00e8ncia i van posar en valor el seu esfor\u00e7 i la seva const\u00e0ncia. A m\u00e9s del reconeixement p\u00fablic, els joves van ser obsequiats amb llibres, material promocional de la ciutat, dues entrades de teatre per cadasc\u00fa i una estada multicultural organitzada pel Club Rotary. D\u2019altra banda, la Marina juntament amb l\u2019 Alejandro <\/span>Flores i la Laia Mu\u00f1oz\u00a0<span lang=\"CA\">van rebre el passat mes de novembre tres distincions PAU que atorga la Generalitat de Catalunya a trav\u00e9s del Consell Interuniversitari de Catalunya (CIC) amb l\u2019objectiu de recon\u00e8ixer p\u00fablicament la bona preparaci\u00f3, el m\u00e8rit i l\u2019esfor\u00e7\u00a0de l\u2019alumnat de Catalunya que ha\u00a0obtingut una nota igual o superior a 9 en la convocat\u00f2ria ordin\u00e0ria de la fase general de les PAU. El\u00a02024,\u00a0928 alumnes (1.160 el 2023), 547 noies i 381 nois de 39 comarques d\u2019arreu de Catalunya, han rebut aquesta distinci\u00f3.<\/span><\/p>\n<p style=\"text-align: right;\"><strong>Maria Jos\u00e9 Morcillo<\/strong><\/p>\n<p><a href=\"https:\/\/agora.xtec.cat\/insbadiaimargarit\/wp-content\/uploads\/usu348\/2025\/02\/dranda.jpg\"><img loading=\"lazy\" decoding=\"async\" class=\"alignnone wp-image-10673\" src=\"https:\/\/agora.xtec.cat\/insbadiaimargarit\/wp-content\/uploads\/usu348\/2025\/02\/dranda-768x1024.jpg\" alt=\"\" width=\"440\" height=\"587\" srcset=\"https:\/\/agora.xtec.cat\/insbadiaimargarit\/wp-content\/uploads\/usu348\/2025\/02\/dranda-768x1024.jpg 768w, https:\/\/agora.xtec.cat\/insbadiaimargarit\/wp-content\/uploads\/usu348\/2025\/02\/dranda-225x300.jpg 225w, https:\/\/agora.xtec.cat\/insbadiaimargarit\/wp-content\/uploads\/usu348\/2025\/02\/dranda-1152x1536.jpg 1152w, https:\/\/agora.xtec.cat\/insbadiaimargarit\/wp-content\/uploads\/usu348\/2025\/02\/dranda.jpg 1536w\" sizes=\"auto, (max-width: 440px) 100vw, 440px\" \/>\u00a0\u00a0<\/a><\/p>\n","protected":false},"excerpt":{"rendered":"<p>La Marina Dranda, estudiant de Batxillerat del nostre institut, va rebre el passat mes de setembre el reconeixement de l\u2019Ajuntament d\u2019Igualada per aconseguir una de les millors notes a la Prova d\u2019Acc\u00e9s a la Universitat (PAU) del passat any a la ciutat. L\u2019alcalde d\u2019Igualada, Marc&hellip;  <a href=\"https:\/\/agora.xtec.cat\/insbadiaimargarit\/portada\/distincions-a-les-millors-notes-a-la-pau-2024\/\" title=\"Read Distincions a les millors notes a la PAU 2024\">Llegeix m\u00e9s\u00bb<\/a><\/p>\n","protected":false},"author":149,"featured_media":10673,"comment_status":"closed","ping_status":"closed","sticky":false,"template":"","format":"standard","meta":{"_bbp_topic_count":0,"_bbp_reply_count":0,"_bbp_total_topic_count":0,"_bbp_total_reply_count":0,"_bbp_voice_count":0,"_bbp_anonymous_reply_count":0,"_bbp_topic_count_hidden":0,"_bbp_reply_count_hidden":0,"_bbp_forum_subforum_count":0,"footnotes":""},"categories":[218,29,106],"tags":[268,351,122,124],"class_list":["post-10672","post","type-post","status-publish","format-standard","has-post-thumbnail","hentry","category-batillerat","category-portada","category-projecte-educatiu","tag-batxillerat","tag-curs-2023-24","tag-premis","tag-projecte-educatiu"],"post_mailing_queue_ids":[],"_links":{"self":[{"href":"https:\/\/agora.xtec.cat\/insbadiaimargarit\/wp-json\/wp\/v2\/posts\/10672","targetHints":{"allow":["GET"]}}],"collection":[{"href":"https:\/\/agora.xtec.cat\/insbadiaimargarit\/wp-json\/wp\/v2\/posts"}],"about":[{"href":"https:\/\/agora.xtec.cat\/insbadiaimargarit\/wp-json\/wp\/v2\/types\/post"}],"author":[{"embeddable":true,"href":"https:\/\/agora.xtec.cat\/insbadiaimargarit\/wp-json\/wp\/v2\/users\/149"}],"replies":[{"embeddable":true,"href":"https:\/\/agora.xtec.cat\/insbadiaimargarit\/wp-json\/wp\/v2\/comments?post=10672"}],"version-history":[{"count":1,"href":"https:\/\/agora.xtec.cat\/insbadiaimargarit\/wp-json\/wp\/v2\/posts\/10672\/revisions"}],"predecessor-version":[{"id":10674,"href":"https:\/\/agora.xtec.cat\/insbadiaimargarit\/wp-json\/wp\/v2\/posts\/10672\/revisions\/10674"}],"wp:featuredmedia":[{"embeddable":true,"href":"https:\/\/agora.xtec.cat\/insbadiaimargarit\/wp-json\/wp\/v2\/media\/10673"}],"wp:attachment":[{"href":"https:\/\/agora.xtec.cat\/insbadiaimargarit\/wp-json\/wp\/v2\/media?parent=10672"}],"wp:term":[{"taxonomy":"category","embeddable":true,"href":"https:\/\/agora.xtec.cat\/insbadiaimargarit\/wp-json\/wp\/v2\/categories?post=10672"},{"taxonomy":"post_tag","embeddable":true,"href":"https:\/\/agora.xtec.cat\/insbadiaimargarit\/wp-json\/wp\/v2\/tags?post=10672"}],"curies":[{"name":"wp","href":"https:\/\/api.w.org\/{rel}","templated":true}]}}