{"id":10668,"date":"2025-02-25T08:45:53","date_gmt":"2025-02-25T07:45:53","guid":{"rendered":"https:\/\/agora.xtec.cat\/insbadiaimargarit\/?p=10668"},"modified":"2025-02-25T08:45:53","modified_gmt":"2025-02-25T07:45:53","slug":"2n-de-batxillerat-visita-el-campus-udl-digualada","status":"publish","type":"post","link":"https:\/\/agora.xtec.cat\/insbadiaimargarit\/portada\/2n-de-batxillerat-visita-el-campus-udl-digualada\/","title":{"rendered":"2n de batxillerat visita el Campus UdL d&#8217;Igualada"},"content":{"rendered":"<p><span style=\"font-weight: 400;\">El passat dimarts dia 11 de febrer, els alumnes de 2n de Batxillerat van anar a visitar\u00a0 el campus universitari d\u2019Igualada, que pertany a la Universitat de Lleida. All\u00e0 els van fer una breu presentaci\u00f3 sobre el campus i els estudis que imparteixen, tant a Igualada com a Lleida.\u00a0<\/span><\/p>\n<p><span style=\"font-weight: 400;\">En acabar aquesta xerrada introduct\u00f2ria, van dividir els alumnes per modalitat. Els alumnes de la modalitat social van realitzar un taller sobre creativitat, efic\u00e0cia i efici\u00e8ncia en angl\u00e8s: amb diferents materials, s\u2019havia de protegir un ou de manera que no es trenqu\u00e9s si es tirava des de dos metres d\u2019al\u00e7ada. Per il\u00b7lustrar aquests conceptes, s\u2019havia d\u2019aconseguir amb el m\u00ednim cost possible.\u00a0<\/span><\/p>\n<p><span style=\"font-weight: 400;\">Per un altre costat, els alumnes de la modalitat human\u00edstic van assistir a un taller sobre criptografia. Aquesta ci\u00e8ncia fa refer\u00e8ncia a la pr\u00e0ctica de codificar missatges per tal d\u2019ocultar-los a tercers que els poguessin interceptar. A m\u00e9s, els nostres alumnes van poder aprendre a descodificar alguns d\u2019aquests missatges.<\/span><\/p>\n<p><span style=\"font-weight: 400;\">I, finalment, els alumnes del cient\u00edfic van realitzar una pr\u00e0ctica de qu\u00edmica, on havien de determinar la duresa de diverses mostres d\u2019aigua, calcular la quantitat de calci dissolt per litre d\u2019aigua.<\/span><\/p>\n<p><span style=\"font-weight: 400;\">Tots aquests tallers pretenien aproximar els alumnes que estan cursant l\u2019\u00faltim curs de Batxillerat als estudis universitaris d\u2019una manera m\u00e9s l\u00fadica.<\/span><\/p>\n<p><b><i>Aquest escrit ha estat elaborat a partir dels textos dels seg\u00fcents alumnes de 2n de Batxillerat: Noa Balsera, Elise Alonso i Unai Mudarra.<\/i><\/b><\/p>\n<p><a href=\"https:\/\/agora.xtec.cat\/insbadiaimargarit\/wp-content\/uploads\/usu348\/2025\/02\/batx_1.jpg\"><img loading=\"lazy\" decoding=\"async\" class=\"alignnone size-large wp-image-10670\" src=\"https:\/\/agora.xtec.cat\/insbadiaimargarit\/wp-content\/uploads\/usu348\/2025\/02\/batx_1-1024x771.jpg\" alt=\"\" width=\"1024\" height=\"771\" srcset=\"https:\/\/agora.xtec.cat\/insbadiaimargarit\/wp-content\/uploads\/usu348\/2025\/02\/batx_1-1024x771.jpg 1024w, https:\/\/agora.xtec.cat\/insbadiaimargarit\/wp-content\/uploads\/usu348\/2025\/02\/batx_1-300x226.jpg 300w, https:\/\/agora.xtec.cat\/insbadiaimargarit\/wp-content\/uploads\/usu348\/2025\/02\/batx_1-768x578.jpg 768w, https:\/\/agora.xtec.cat\/insbadiaimargarit\/wp-content\/uploads\/usu348\/2025\/02\/batx_1-1536x1156.jpg 1536w, https:\/\/agora.xtec.cat\/insbadiaimargarit\/wp-content\/uploads\/usu348\/2025\/02\/batx_1-200x150.jpg 200w, https:\/\/agora.xtec.cat\/insbadiaimargarit\/wp-content\/uploads\/usu348\/2025\/02\/batx_1.jpg 1600w\" sizes=\"auto, (max-width: 1024px) 100vw, 1024px\" \/><\/a><\/p>\n<p><a href=\"https:\/\/agora.xtec.cat\/insbadiaimargarit\/wp-content\/uploads\/usu348\/2025\/02\/IMG_3107.jpeg\"><img loading=\"lazy\" decoding=\"async\" class=\"alignnone size-full wp-image-10675\" src=\"https:\/\/agora.xtec.cat\/insbadiaimargarit\/wp-content\/uploads\/usu348\/2025\/02\/IMG_3107.jpeg\" alt=\"\" width=\"432\" height=\"324\" srcset=\"https:\/\/agora.xtec.cat\/insbadiaimargarit\/wp-content\/uploads\/usu348\/2025\/02\/IMG_3107.jpeg 432w, https:\/\/agora.xtec.cat\/insbadiaimargarit\/wp-content\/uploads\/usu348\/2025\/02\/IMG_3107-300x225.jpeg 300w, https:\/\/agora.xtec.cat\/insbadiaimargarit\/wp-content\/uploads\/usu348\/2025\/02\/IMG_3107-200x150.jpeg 200w\" sizes=\"auto, (max-width: 432px) 100vw, 432px\" \/><\/a> <a href=\"https:\/\/agora.xtec.cat\/insbadiaimargarit\/wp-content\/uploads\/usu348\/2025\/02\/IMG_3108.jpeg\"><img loading=\"lazy\" decoding=\"async\" class=\"alignnone size-large wp-image-10676\" src=\"https:\/\/agora.xtec.cat\/insbadiaimargarit\/wp-content\/uploads\/usu348\/2025\/02\/IMG_3108.jpeg\" alt=\"\" width=\"432\" height=\"324\" srcset=\"https:\/\/agora.xtec.cat\/insbadiaimargarit\/wp-content\/uploads\/usu348\/2025\/02\/IMG_3108.jpeg 432w, https:\/\/agora.xtec.cat\/insbadiaimargarit\/wp-content\/uploads\/usu348\/2025\/02\/IMG_3108-300x225.jpeg 300w, https:\/\/agora.xtec.cat\/insbadiaimargarit\/wp-content\/uploads\/usu348\/2025\/02\/IMG_3108-200x150.jpeg 200w\" sizes=\"auto, (max-width: 432px) 100vw, 432px\" \/><\/a><\/p>\n<p><a href=\"https:\/\/agora.xtec.cat\/insbadiaimargarit\/wp-content\/uploads\/usu348\/2025\/02\/criptogrames.jpg\"><img loading=\"lazy\" decoding=\"async\" class=\"alignnone size-full wp-image-10677\" src=\"https:\/\/agora.xtec.cat\/insbadiaimargarit\/wp-content\/uploads\/usu348\/2025\/02\/criptogrames.jpg\" alt=\"\" width=\"714\" height=\"536\" srcset=\"https:\/\/agora.xtec.cat\/insbadiaimargarit\/wp-content\/uploads\/usu348\/2025\/02\/criptogrames.jpg 714w, https:\/\/agora.xtec.cat\/insbadiaimargarit\/wp-content\/uploads\/usu348\/2025\/02\/criptogrames-300x225.jpg 300w, https:\/\/agora.xtec.cat\/insbadiaimargarit\/wp-content\/uploads\/usu348\/2025\/02\/criptogrames-200x150.jpg 200w\" sizes=\"auto, (max-width: 714px) 100vw, 714px\" \/><\/a><\/p>\n","protected":false},"excerpt":{"rendered":"<p>El passat dimarts dia 11 de febrer, els alumnes de 2n de Batxillerat van anar a visitar\u00a0 el campus universitari d\u2019Igualada, que pertany a la Universitat de Lleida. All\u00e0 els van fer una breu presentaci\u00f3 sobre el campus i els estudis que imparteixen, tant a Igualada com a Lleida.\u00a0&hellip;  <a href=\"https:\/\/agora.xtec.cat\/insbadiaimargarit\/portada\/2n-de-batxillerat-visita-el-campus-udl-digualada\/\" title=\"Read 2n de batxillerat visita el Campus UdL d&#8217;Igualada\">Llegeix m\u00e9s\u00bb<\/a><\/p>\n","protected":false},"author":149,"featured_media":10670,"comment_status":"closed","ping_status":"closed","sticky":false,"template":"","format":"standard","meta":{"_bbp_topic_count":0,"_bbp_reply_count":0,"_bbp_total_topic_count":0,"_bbp_total_reply_count":0,"_bbp_voice_count":0,"_bbp_anonymous_reply_count":0,"_bbp_topic_count_hidden":0,"_bbp_reply_count_hidden":0,"_bbp_forum_subforum_count":0,"footnotes":""},"categories":[218,29],"tags":[268,378,39],"class_list":["post-10668","post","type-post","status-publish","format-standard","has-post-thumbnail","hentry","category-batillerat","category-portada","tag-batxillerat","tag-curs-2024-25","tag-sortides"],"post_mailing_queue_ids":[],"_links":{"self":[{"href":"https:\/\/agora.xtec.cat\/insbadiaimargarit\/wp-json\/wp\/v2\/posts\/10668","targetHints":{"allow":["GET"]}}],"collection":[{"href":"https:\/\/agora.xtec.cat\/insbadiaimargarit\/wp-json\/wp\/v2\/posts"}],"about":[{"href":"https:\/\/agora.xtec.cat\/insbadiaimargarit\/wp-json\/wp\/v2\/types\/post"}],"author":[{"embeddable":true,"href":"https:\/\/agora.xtec.cat\/insbadiaimargarit\/wp-json\/wp\/v2\/users\/149"}],"replies":[{"embeddable":true,"href":"https:\/\/agora.xtec.cat\/insbadiaimargarit\/wp-json\/wp\/v2\/comments?post=10668"}],"version-history":[{"count":3,"href":"https:\/\/agora.xtec.cat\/insbadiaimargarit\/wp-json\/wp\/v2\/posts\/10668\/revisions"}],"predecessor-version":[{"id":10678,"href":"https:\/\/agora.xtec.cat\/insbadiaimargarit\/wp-json\/wp\/v2\/posts\/10668\/revisions\/10678"}],"wp:featuredmedia":[{"embeddable":true,"href":"https:\/\/agora.xtec.cat\/insbadiaimargarit\/wp-json\/wp\/v2\/media\/10670"}],"wp:attachment":[{"href":"https:\/\/agora.xtec.cat\/insbadiaimargarit\/wp-json\/wp\/v2\/media?parent=10668"}],"wp:term":[{"taxonomy":"category","embeddable":true,"href":"https:\/\/agora.xtec.cat\/insbadiaimargarit\/wp-json\/wp\/v2\/categories?post=10668"},{"taxonomy":"post_tag","embeddable":true,"href":"https:\/\/agora.xtec.cat\/insbadiaimargarit\/wp-json\/wp\/v2\/tags?post=10668"}],"curies":[{"name":"wp","href":"https:\/\/api.w.org\/{rel}","templated":true}]}}