{"id":10565,"date":"2025-01-27T09:36:27","date_gmt":"2025-01-27T08:36:27","guid":{"rendered":"https:\/\/agora.xtec.cat\/insbadiaimargarit\/?p=10565"},"modified":"2025-01-27T09:36:27","modified_gmt":"2025-01-27T08:36:27","slug":"la-primera-i-els-mestres-de-la-republica","status":"publish","type":"post","link":"https:\/\/agora.xtec.cat\/insbadiaimargarit\/portada\/la-primera-i-els-mestres-de-la-republica\/","title":{"rendered":"La Primera i els mestres de la Rep\u00fablica"},"content":{"rendered":"<p><span style=\"font-weight: 400;\">El passat dia 20 de Desembre, l\u2019alumnat de 1r, 2n de Batxillerat i PFI del nostre centre va acudir a la representaci\u00f3 teatral \u201cLa Primera i les mestres de la Rep\u00fablica\u201d de Joan Valent\u00ed a l\u2019auditori del Museu Comarcal d\u2019Igualada. <a href=\"https:\/\/agora.xtec.cat\/insbadiaimargarit\/wp-content\/uploads\/usu348\/2025\/01\/BiM_La-Primera.png\"><img loading=\"lazy\" decoding=\"async\" class=\"wp-image-10566 alignright\" src=\"https:\/\/agora.xtec.cat\/insbadiaimargarit\/wp-content\/uploads\/usu348\/2025\/01\/BiM_La-Primera-724x1024.png\" alt=\"\" width=\"297\" height=\"420\" srcset=\"https:\/\/agora.xtec.cat\/insbadiaimargarit\/wp-content\/uploads\/usu348\/2025\/01\/BiM_La-Primera-724x1024.png 724w, https:\/\/agora.xtec.cat\/insbadiaimargarit\/wp-content\/uploads\/usu348\/2025\/01\/BiM_La-Primera-212x300.png 212w, https:\/\/agora.xtec.cat\/insbadiaimargarit\/wp-content\/uploads\/usu348\/2025\/01\/BiM_La-Primera-768x1086.png 768w, https:\/\/agora.xtec.cat\/insbadiaimargarit\/wp-content\/uploads\/usu348\/2025\/01\/BiM_La-Primera-1086x1536.png 1086w, https:\/\/agora.xtec.cat\/insbadiaimargarit\/wp-content\/uploads\/usu348\/2025\/01\/BiM_La-Primera-1448x2048.png 1448w, https:\/\/agora.xtec.cat\/insbadiaimargarit\/wp-content\/uploads\/usu348\/2025\/01\/BiM_La-Primera.png 1587w\" sizes=\"auto, (max-width: 297px) 100vw, 297px\" \/><\/a>Aquesta obra es concentra en un conjunt de dones docents que, durant el primer ter\u00e7 del segle XX i durant el per\u00edode republic\u00e0, van introduir pedagogies renovadores i nous ensenyaments en l\u2019educaci\u00f3 per fer-la m\u00e9s igualit\u00e0ria i de major qualitat, fonamentada en valors laics i en la superaci\u00f3 del sexisme tradicional. Entre aquestes mestres, destaca la figura de Natividad Yarza que va arribar a ser la primera alcaldessa electa d\u2019un consistori espanyol, concretament Bellprat (Anoia), durant l\u2019\u00e8poca de la II Rep\u00fablica. La seva vida com a mestra, pol\u00edtica, pedagoga feminista i miliciana serveix de fil conductor a una obra que tamb\u00e9 vol tenir ress\u00f2 en la situaci\u00f3 del present i homenatjar justament a aquest conjunt de dones que van voler construir una educaci\u00f3 p\u00fablica laica i igualit\u00e0ria, moderna i centrada en les necessitats de l\u2019alumnat. Per desgr\u00e0cia, la guerra i la dictadura van estroncar aquesta esperan\u00e7a innovadora de l\u2019ensenyament p\u00fablic fins la restauraci\u00f3 de la democr\u00e0cia. La nostra protagonista, en perill de ser represaliada per les noves autoritats de la dictadura franquista, va haver d\u2019exiliar-se i passar a Fran\u00e7a, on acabar\u00e0 morint en l\u2019anonimat i en situaci\u00f3 de pobresa. L\u2019espectacle recupera la seva mem\u00f2ria pel futur, i ens serveix per recordar a les noves generacions el perill de l\u2019autoritarisme contrari a les pol\u00edtiques democr\u00e0tiques, aix\u00ed com els centenars de milers de persones que van seguir el mateix cam\u00ed fora d\u2019Espanya que Natividad Yarza per culpa de la intoler\u00e0ncia.\u00a0<\/span><\/p>\n<p><span style=\"font-weight: 400;\">\u00a0<\/span> <span style=\"font-weight: 400;\">El nostre alumnat va gaudir d\u2019un magn\u00edfic espectacle, que Joan Valent\u00ed va representar-nos en exclusiva, i particip\u00e0 en moments puntuals al llarg del seu desenvolupament. Els estudiants del Badia i Margarit van rebre una lli\u00e7\u00f3 d\u2019hist\u00f2ria, a la vegada que van gaudir igualment d\u2019una experi\u00e8ncia cultural i l\u00fadica d\u2019alt\u00edssima qualitat que els hi va encantar i interessar profundament. Aprofitem per agrair-li al director de l\u2019espectacle i actor principal la seva generositat per realitzar un muntatge nom\u00e9s pels nostres alumnes. Molts \u00e8xits amb aquesta obra \u201cLa Primera i les mestres de la Rep\u00fablica\u201d que recomanem vivament.<\/span><\/p>\n<p style=\"text-align: right;\">Tutors de 2n de batxillerat<\/p>\n<p><a href=\"https:\/\/agora.xtec.cat\/insbadiaimargarit\/wp-content\/uploads\/usu348\/2025\/01\/primera_1-scaled.jpg\"><img loading=\"lazy\" decoding=\"async\" class=\"alignnone  wp-image-10567\" src=\"https:\/\/agora.xtec.cat\/insbadiaimargarit\/wp-content\/uploads\/usu348\/2025\/01\/primera_1-461x1024.jpg\" alt=\"\" width=\"353\" height=\"784\" srcset=\"https:\/\/agora.xtec.cat\/insbadiaimargarit\/wp-content\/uploads\/usu348\/2025\/01\/primera_1-461x1024.jpg 461w, https:\/\/agora.xtec.cat\/insbadiaimargarit\/wp-content\/uploads\/usu348\/2025\/01\/primera_1-135x300.jpg 135w, https:\/\/agora.xtec.cat\/insbadiaimargarit\/wp-content\/uploads\/usu348\/2025\/01\/primera_1-768x1707.jpg 768w, https:\/\/agora.xtec.cat\/insbadiaimargarit\/wp-content\/uploads\/usu348\/2025\/01\/primera_1-691x1536.jpg 691w, https:\/\/agora.xtec.cat\/insbadiaimargarit\/wp-content\/uploads\/usu348\/2025\/01\/primera_1-922x2048.jpg 922w, https:\/\/agora.xtec.cat\/insbadiaimargarit\/wp-content\/uploads\/usu348\/2025\/01\/primera_1-scaled.jpg 1152w\" sizes=\"auto, (max-width: 353px) 100vw, 353px\" \/> \u00a0<\/a><a href=\"https:\/\/agora.xtec.cat\/insbadiaimargarit\/wp-content\/uploads\/usu348\/2025\/01\/primera_2-scaled.jpg\"><img loading=\"lazy\" decoding=\"async\" class=\"alignnone  wp-image-10568\" src=\"https:\/\/agora.xtec.cat\/insbadiaimargarit\/wp-content\/uploads\/usu348\/2025\/01\/primera_2-1024x461.jpg\" alt=\"\" width=\"471\" height=\"212\" srcset=\"https:\/\/agora.xtec.cat\/insbadiaimargarit\/wp-content\/uploads\/usu348\/2025\/01\/primera_2-1024x461.jpg 1024w, https:\/\/agora.xtec.cat\/insbadiaimargarit\/wp-content\/uploads\/usu348\/2025\/01\/primera_2-300x135.jpg 300w, https:\/\/agora.xtec.cat\/insbadiaimargarit\/wp-content\/uploads\/usu348\/2025\/01\/primera_2-768x346.jpg 768w, https:\/\/agora.xtec.cat\/insbadiaimargarit\/wp-content\/uploads\/usu348\/2025\/01\/primera_2-1536x691.jpg 1536w, https:\/\/agora.xtec.cat\/insbadiaimargarit\/wp-content\/uploads\/usu348\/2025\/01\/primera_2-2048x922.jpg 2048w\" sizes=\"auto, (max-width: 471px) 100vw, 471px\" \/><\/a><\/p>\n","protected":false},"excerpt":{"rendered":"<p>El passat dia 20 de Desembre, l\u2019alumnat de 1r, 2n de Batxillerat i PFI del nostre centre va acudir a la representaci\u00f3 teatral \u201cLa Primera i les mestres de la Rep\u00fablica\u201d de Joan Valent\u00ed a l\u2019auditori del Museu Comarcal d\u2019Igualada.&hellip;  <a href=\"https:\/\/agora.xtec.cat\/insbadiaimargarit\/portada\/la-primera-i-els-mestres-de-la-republica\/\" title=\"Read La Primera i els mestres de la Rep\u00fablica\">Llegeix m\u00e9s\u00bb<\/a><\/p>\n","protected":false},"author":149,"featured_media":10566,"comment_status":"closed","ping_status":"closed","sticky":false,"template":"","format":"standard","meta":{"_bbp_topic_count":0,"_bbp_reply_count":0,"_bbp_total_topic_count":0,"_bbp_total_reply_count":0,"_bbp_voice_count":0,"_bbp_anonymous_reply_count":0,"_bbp_topic_count_hidden":0,"_bbp_reply_count_hidden":0,"_bbp_forum_subforum_count":0,"footnotes":""},"categories":[218,312,29,106,123],"tags":[268,378,124,39,40],"class_list":["post-10565","post","type-post","status-publish","format-standard","has-post-thumbnail","hentry","category-batillerat","category-escoles-ambaixadores-parlament-europeu","category-portada","category-projecte-educatiu","category-til","tag-batxillerat","tag-curs-2024-25","tag-projecte-educatiu","tag-sortides","tag-teatre"],"post_mailing_queue_ids":[],"_links":{"self":[{"href":"https:\/\/agora.xtec.cat\/insbadiaimargarit\/wp-json\/wp\/v2\/posts\/10565","targetHints":{"allow":["GET"]}}],"collection":[{"href":"https:\/\/agora.xtec.cat\/insbadiaimargarit\/wp-json\/wp\/v2\/posts"}],"about":[{"href":"https:\/\/agora.xtec.cat\/insbadiaimargarit\/wp-json\/wp\/v2\/types\/post"}],"author":[{"embeddable":true,"href":"https:\/\/agora.xtec.cat\/insbadiaimargarit\/wp-json\/wp\/v2\/users\/149"}],"replies":[{"embeddable":true,"href":"https:\/\/agora.xtec.cat\/insbadiaimargarit\/wp-json\/wp\/v2\/comments?post=10565"}],"version-history":[{"count":2,"href":"https:\/\/agora.xtec.cat\/insbadiaimargarit\/wp-json\/wp\/v2\/posts\/10565\/revisions"}],"predecessor-version":[{"id":10570,"href":"https:\/\/agora.xtec.cat\/insbadiaimargarit\/wp-json\/wp\/v2\/posts\/10565\/revisions\/10570"}],"wp:featuredmedia":[{"embeddable":true,"href":"https:\/\/agora.xtec.cat\/insbadiaimargarit\/wp-json\/wp\/v2\/media\/10566"}],"wp:attachment":[{"href":"https:\/\/agora.xtec.cat\/insbadiaimargarit\/wp-json\/wp\/v2\/media?parent=10565"}],"wp:term":[{"taxonomy":"category","embeddable":true,"href":"https:\/\/agora.xtec.cat\/insbadiaimargarit\/wp-json\/wp\/v2\/categories?post=10565"},{"taxonomy":"post_tag","embeddable":true,"href":"https:\/\/agora.xtec.cat\/insbadiaimargarit\/wp-json\/wp\/v2\/tags?post=10565"}],"curies":[{"name":"wp","href":"https:\/\/api.w.org\/{rel}","templated":true}]}}