{"id":10038,"date":"2024-06-14T07:36:22","date_gmt":"2024-06-14T05:36:22","guid":{"rendered":"https:\/\/agora.xtec.cat\/insbadiaimargarit\/?p=10038"},"modified":"2024-06-14T07:36:22","modified_gmt":"2024-06-14T05:36:22","slug":"celebrant-el-dia-deuropa-al-nostre-institut","status":"publish","type":"post","link":"https:\/\/agora.xtec.cat\/insbadiaimargarit\/eso\/celebrant-el-dia-deuropa-al-nostre-institut\/","title":{"rendered":"Celebrant el Dia d&#8217;Europa al nostre institut"},"content":{"rendered":"<p><a href=\"https:\/\/agora.xtec.cat\/insbadiaimargarit\/wp-content\/uploads\/usu348\/2024\/05\/Lets-clean-up-scaled.jpeg\"><img loading=\"lazy\" decoding=\"async\" class=\"alignnone wp-image-10040\" src=\"https:\/\/agora.xtec.cat\/insbadiaimargarit\/wp-content\/uploads\/usu348\/2024\/05\/Lets-clean-up-1024x768.jpeg\" alt=\"\" width=\"483\" height=\"362\" srcset=\"https:\/\/agora.xtec.cat\/insbadiaimargarit\/wp-content\/uploads\/usu348\/2024\/05\/Lets-clean-up-1024x768.jpeg 1024w, https:\/\/agora.xtec.cat\/insbadiaimargarit\/wp-content\/uploads\/usu348\/2024\/05\/Lets-clean-up-300x225.jpeg 300w, https:\/\/agora.xtec.cat\/insbadiaimargarit\/wp-content\/uploads\/usu348\/2024\/05\/Lets-clean-up-768x576.jpeg 768w, https:\/\/agora.xtec.cat\/insbadiaimargarit\/wp-content\/uploads\/usu348\/2024\/05\/Lets-clean-up-1536x1152.jpeg 1536w, https:\/\/agora.xtec.cat\/insbadiaimargarit\/wp-content\/uploads\/usu348\/2024\/05\/Lets-clean-up-2048x1536.jpeg 2048w, https:\/\/agora.xtec.cat\/insbadiaimargarit\/wp-content\/uploads\/usu348\/2024\/05\/Lets-clean-up-200x150.jpeg 200w\" sizes=\"auto, (max-width: 483px) 100vw, 483px\" \/><\/a><\/p>\n<p>El passat 13 de maig l&#8217;alumnat i professorat de l&#8217;institut Badia i Margarit vam poder celebrar el <strong>Dia d&#8217;Europa<\/strong>,\u00a0 en el marc del projecte d&#8217;Escoles Ambaixadores del Parlament Europeu, del qual el nostre institut n&#8217;\u00e9s mentor i del qual l&#8217;\u00c0mbit Social i Human\u00edstic del centre n&#8217;\u00e9s organitzador de la diada. Durant tota la jornada lectiva l&#8217;alumnat va participar de diferents activitats, segons el curs. El mat\u00ed va comen\u00e7ar amb una recollida de residus al riu Anoia per part de l&#8217;alumnat de 1r i 2n d&#8217;ESO, en el marc del projecte <em>Let&#8217;s clean up Europe, <\/em>monitoritzat per l&#8217;Ag\u00e8ncia Catalana de Residus. Mentrestant, l&#8217;alumnat de 4t d&#8217;ESO va visitar el consistori igualad\u00ed de la m\u00e0 del regidor i la t\u00e8cnica d&#8217;Educaci\u00f3 d&#8217;Igualada. Posteriorment, l&#8217;alumnat de 1r i 2n d&#8217;ESO va participar de diferents tallers l\u00fadics (d&#8217;alfabets, passaports, trivial&#8230;) amb qu\u00e8 van poder treballar aspectes relacionats amb la diversitat cultural europea, aix\u00ed com dues xerrades amb familiars d&#8217;origen estranger residents a Igualada. Per la seva banda, 3r d&#8217;ESO van ser els encarregats, novament, d&#8217;instal\u00b7lar el tradicional <a href=\"https:\/\/drive.google.com\/file\/d\/1j4HkgnoE4XDRXc3oov-ZLfeaqFnXAA8L\/view?usp=drive_link\">Mercat de la Uni\u00f3 Europea<\/a>, amb paradetes de diferents pa\u00efsos, on mostrar aspectes diversos de la cultura del pa\u00eds i que despr\u00e9s havien de ser sotmesos a votaci\u00f3 a gust del &#8220;consumidor&#8221; habitual de l&#8217;institut: l&#8217;estudiant. Despr\u00e9s del primer bloc d&#8217;activitats, els 4ts d&#8217;ESO i 1r de Batxillerat van participar de dues xerrades. La primera, a c\u00e0rrec de l&#8217;entitat <em>M\u00e9s enll\u00e0,<\/em> que els va transportar a les condicions de vida dels presoners dels camps de concentraci\u00f3 i extermini alemanys de la Segona Guerra Mundial on, d&#8217;acord amb estudis publicats, hi va morir una desena d&#8217;igualadins. A la segona xerrada la Maribel i la Conxita, dues veteranes de la lluita sindical i ve\u00efnal durant el segle XX, especialment durant la dictadura franquista, van acostar l&#8217;alumnat al proc\u00e9s de reivindicaci\u00f3 dels drets fonamentals i laborals de la dona tant a Igualada com a Catalunya. Amb el Dia d&#8217;Europa celebrem cada any la pau i la unitat d&#8217;Europa.<\/p>\n","protected":false},"excerpt":{"rendered":"<p>El passat 13 de maig, l&#8217;alumnat i el professorat de l&#8217;institut vam celebrar el Dia d&#8217;Europa dins del marc del programa Escoles Ambaixadores del Parlament Europeu&hellip;  <a href=\"https:\/\/agora.xtec.cat\/insbadiaimargarit\/eso\/celebrant-el-dia-deuropa-al-nostre-institut\/\" title=\"Read Celebrant el Dia d&#8217;Europa al nostre institut\">Llegeix m\u00e9s\u00bb<\/a><\/p>\n","protected":false},"author":288,"featured_media":10039,"comment_status":"closed","ping_status":"closed","sticky":false,"template":"","format":"standard","meta":{"_bbp_topic_count":0,"_bbp_reply_count":0,"_bbp_total_topic_count":0,"_bbp_total_reply_count":0,"_bbp_voice_count":0,"_bbp_anonymous_reply_count":0,"_bbp_topic_count_hidden":0,"_bbp_reply_count_hidden":0,"_bbp_forum_subforum_count":0,"footnotes":""},"categories":[218,312,3,251,29,106,192,123],"tags":[268,113,187,157,44],"class_list":["post-10038","post","type-post","status-publish","format-standard","has-post-thumbnail","hentry","category-batillerat","category-escoles-ambaixadores-parlament-europeu","category-eso","category-innovacio","category-portada","category-projecte-educatiu","category-raco-geografic","category-til","tag-batxillerat","tag-escola-verda","tag-eso","tag-europe","tag-xerrades"],"post_mailing_queue_ids":[],"_links":{"self":[{"href":"https:\/\/agora.xtec.cat\/insbadiaimargarit\/wp-json\/wp\/v2\/posts\/10038","targetHints":{"allow":["GET"]}}],"collection":[{"href":"https:\/\/agora.xtec.cat\/insbadiaimargarit\/wp-json\/wp\/v2\/posts"}],"about":[{"href":"https:\/\/agora.xtec.cat\/insbadiaimargarit\/wp-json\/wp\/v2\/types\/post"}],"author":[{"embeddable":true,"href":"https:\/\/agora.xtec.cat\/insbadiaimargarit\/wp-json\/wp\/v2\/users\/288"}],"replies":[{"embeddable":true,"href":"https:\/\/agora.xtec.cat\/insbadiaimargarit\/wp-json\/wp\/v2\/comments?post=10038"}],"version-history":[{"count":5,"href":"https:\/\/agora.xtec.cat\/insbadiaimargarit\/wp-json\/wp\/v2\/posts\/10038\/revisions"}],"predecessor-version":[{"id":10102,"href":"https:\/\/agora.xtec.cat\/insbadiaimargarit\/wp-json\/wp\/v2\/posts\/10038\/revisions\/10102"}],"wp:featuredmedia":[{"embeddable":true,"href":"https:\/\/agora.xtec.cat\/insbadiaimargarit\/wp-json\/wp\/v2\/media\/10039"}],"wp:attachment":[{"href":"https:\/\/agora.xtec.cat\/insbadiaimargarit\/wp-json\/wp\/v2\/media?parent=10038"}],"wp:term":[{"taxonomy":"category","embeddable":true,"href":"https:\/\/agora.xtec.cat\/insbadiaimargarit\/wp-json\/wp\/v2\/categories?post=10038"},{"taxonomy":"post_tag","embeddable":true,"href":"https:\/\/agora.xtec.cat\/insbadiaimargarit\/wp-json\/wp\/v2\/tags?post=10038"}],"curies":[{"name":"wp","href":"https:\/\/api.w.org\/{rel}","templated":true}]}}