{"id":15262,"date":"2026-09-01T13:28:46","date_gmt":"2026-09-01T11:28:46","guid":{"rendered":"https:\/\/agora.xtec.cat\/insbadia\/?p=15262"},"modified":"2026-09-02T16:17:48","modified_gmt":"2026-09-02T14:17:48","slug":"gestio-de-places-vacants","status":"publish","type":"post","link":"https:\/\/agora.xtec.cat\/insbadia\/portada\/gestio-de-places-vacants\/","title":{"rendered":"Gesti\u00f3 de places vacants"},"content":{"rendered":"<p class=\"isSelectedEnd\"><span style=\"font-family: arial, helvetica, sans-serif; font-size: 12pt;\">El dia <strong>7 de setembre<\/strong>, les persones interessades a optar a alguna de les <strong>places vacants de Formaci\u00f3 Professional<\/strong> que hi pugui haver al centre podran inscriure&#8217;s a la <strong>cua virtual<\/strong> habilitada pel Departament d&#8217;Educaci\u00f3 i Formaci\u00f3 Professional.<\/span><\/p>\n<p class=\"isSelectedEnd\"><span style=\"font-family: arial, helvetica, sans-serif; font-size: 12pt;\">El procediment es realitza <strong>\u00edntegrament en l\u00ednia<\/strong> a trav\u00e9s dels enlla\u00e7os disponibles en aquesta p\u00e0gina.<\/span><\/p>\n<h2><span style=\"font-family: arial, helvetica, sans-serif; font-size: 14pt; color: #800000;\">Com funciona la cua virtual?<\/span><\/h2>\n<p class=\"isSelectedEnd\"><span style=\"font-family: arial, helvetica, sans-serif; font-size: 12pt;\">La inscripci\u00f3 a la cua virtual es fa <strong>per centre i tipus d&#8217;ensenyament<\/strong> (grau mitj\u00e0 o grau superior), i no per a un cicle formatiu concret.<\/span><\/p>\n<p class=\"isSelectedEnd\"><span style=\"font-family: arial, helvetica, sans-serif; font-size: 12pt;\">Les persones inscrites seran ateses <strong>seguint estrictament l&#8217;ordre cronol\u00f2gic d&#8217;inscripci\u00f3<\/strong>. Quan arribi el seu torn, el centre es posar\u00e0 en contacte directament amb la persona interessada a trav\u00e9s de les dades de contacte facilitades.<\/span><\/p>\n<p class=\"isSelectedEnd\"><span style=\"font-family: arial, helvetica, sans-serif; font-size: 12pt;\">En aquell moment, s&#8217;informar\u00e0 de les places que continu\u00efn disponibles en els diferents cicles formatius i es podr\u00e0 formalitzar la matr\u00edcula, si escau.<\/span><\/p>\n<h3><span style=\"font-family: arial, helvetica, sans-serif; font-size: 14pt; color: #800000;\">Tingues en compte<\/span><\/h3>\n<ul data-spread=\"false\">\n<li><span style=\"font-family: arial, helvetica, sans-serif; font-size: 12pt;\">Pots inscriure&#8217;t simult\u00e0niament a les cues virtuals de diferents centres que disposin de vacants.<\/span><\/li>\n<li><span style=\"font-family: arial, helvetica, sans-serif; font-size: 12pt;\">La inscripci\u00f3 a la cua <strong>no es fa per a un cicle formatiu concret<\/strong>, sin\u00f3 per al conjunt de l&#8217;oferta de grau mitj\u00e0 o de grau superior del centre.<\/span><\/li>\n<li><span style=\"font-family: arial, helvetica, sans-serif; font-size: 12pt;\">La <strong>posici\u00f3 a la cua determina \u00fanicament l&#8217;ordre d&#8217;atenci\u00f3<\/strong>.<\/span><\/li>\n<li><span style=\"font-family: arial, helvetica, sans-serif; font-size: 12pt;\">Estar inscrit\/a a la cua <strong>no garanteix l&#8217;obtenci\u00f3 d&#8217;una pla\u00e7a<\/strong> ni d&#8217;una pla\u00e7a en un cicle determinat.<\/span><\/li>\n<li><span style=\"font-family: arial, helvetica, sans-serif; font-size: 12pt;\">Les places que es puguin oferir dependran de les <strong>vacants disponibles en el moment en qu\u00e8 arribi el teu torn<\/strong>.<\/span><\/li>\n<\/ul>\n<h2><span style=\"font-family: arial, helvetica, sans-serif; font-size: 12pt;\">Inscripci\u00f3 a la cua virtual<\/span><\/h2>\n<p class=\"isSelectedEnd\"><span style=\"font-family: arial, helvetica, sans-serif; font-size: 12pt;\">La inscripci\u00f3 estar\u00e0 disponible <strong><span style=\"text-decoration: underline;\">el dia 7 de setembre de 2026, de 9:00h a 23:59h<\/span>.<\/strong><\/span><\/p>\n<p class=\"isSelectedEnd\" style=\"text-align: center;\"><span style=\"text-decoration: underline; font-size: 24pt;\"><a href=\"https:\/\/aplicacions.gestioeducativa.gencat.cat\/ords\/pls\/apex\/f?p=20160079072543618:650:::NO:650:P650_CENTRE:950279C726C63CE25C552C5085307E579E30BEA5EB419071\" target=\"_blank\" rel=\"noopener\"><span style=\"font-family: arial, helvetica, sans-serif; color: #800000; text-decoration: underline;\"><strong><span style=\"font-size: 18pt;\">Accedeix a la cua virtual fent clic aqui<\/span><\/strong><\/span><\/a><\/span><\/p>\n<p class=\"isSelectedEnd\"><span style=\"font-family: arial, helvetica, sans-serif; font-size: 12pt;\">En accedir-hi, haur\u00e0s d&#8217;introduir les teves dades personals i de contacte. Un cop completada la inscripci\u00f3, el sistema confirmar\u00e0 que has quedat incorporat\/da a la cua virtual.<\/span><\/p>\n<p><span style=\"font-family: arial, helvetica, sans-serif; font-size: 12pt;\"><strong>No cal fer cap tr\u00e0mit presencial al centre per inscriure&#8217;s a la cua. Nom\u00e9s en el cas d&#8217;obtenir una vacant, el centre es posar\u00e0 en contacte per confirmar la pla\u00e7a i finalitzar la matr\u00edcula.<\/strong><\/span><\/p>\n","protected":false},"excerpt":{"rendered":"<p>El dia 7 de setembre, les persones interessades a optar a alguna de les places vacants de Formaci\u00f3 Professional que hi pugui haver al centre podran inscriure&#8217;s a la cua virtual habilitada pel Departament d&#8217;Educaci\u00f3 i Formaci\u00f3 Professional. El procediment es realitza \u00edntegrament en l\u00ednia a trav\u00e9s dels enlla\u00e7os disponibles en aquesta p\u00e0gina. Com funciona [&hellip;]<\/p>\n","protected":false},"author":1,"featured_media":15265,"comment_status":"closed","ping_status":"closed","sticky":true,"template":"","format":"standard","meta":{"site-sidebar-layout":"left-sidebar","site-content-layout":"","ast-site-content-layout":"default","site-content-style":"default","site-sidebar-style":"default","ast-global-header-display":"","ast-banner-title-visibility":"","ast-main-header-display":"","ast-hfb-above-header-display":"","ast-hfb-below-header-display":"","ast-hfb-mobile-header-display":"","site-post-title":"","ast-breadcrumbs-content":"","ast-featured-img":"","footer-sml-layout":"","theme-transparent-header-meta":"default","adv-header-id-meta":"","stick-header-meta":"","header-above-stick-meta":"","header-main-stick-meta":"","header-below-stick-meta":"","astra-migrate-meta-layouts":"set","ast-page-background-enabled":"default","ast-page-background-meta":{"desktop":{"background-color":"var(--ast-global-color-4)","background-image":"","background-repeat":"repeat","background-position":"center center","background-size":"auto","background-attachment":"scroll","background-type":"","background-media":"","overlay-type":"","overlay-color":"","overlay-opacity":"","overlay-gradient":""},"tablet":{"background-color":"","background-image":"","background-repeat":"repeat","background-position":"center center","background-size":"auto","background-attachment":"scroll","background-type":"","background-media":"","overlay-type":"","overlay-color":"","overlay-opacity":"","overlay-gradient":""},"mobile":{"background-color":"","background-image":"","background-repeat":"repeat","background-position":"center center","background-size":"auto","background-attachment":"scroll","background-type":"","background-media":"","overlay-type":"","overlay-color":"","overlay-opacity":"","overlay-gradient":""}},"ast-content-background-meta":{"desktop":{"background-color":"var(--ast-global-color-5)","background-image":"","background-repeat":"repeat","background-position":"center center","background-size":"auto","background-attachment":"scroll","background-type":"","background-media":"","overlay-type":"","overlay-color":"","overlay-opacity":"","overlay-gradient":""},"tablet":{"background-color":"var(--ast-global-color-5)","background-image":"","background-repeat":"repeat","background-position":"center center","background-size":"auto","background-attachment":"scroll","background-type":"","background-media":"","overlay-type":"","overlay-color":"","overlay-opacity":"","overlay-gradient":""},"mobile":{"background-color":"var(--ast-global-color-5)","background-image":"","background-repeat":"repeat","background-position":"center center","background-size":"auto","background-attachment":"scroll","background-type":"","background-media":"","overlay-type":"","overlay-color":"","overlay-opacity":"","overlay-gradient":""}},"footnotes":""},"categories":[61,29,263],"tags":[],"class_list":["post-15262","post","type-post","status-publish","format-standard","has-post-thumbnail","hentry","category-formacio-professional","category-portada","category-secretaria"],"post_mailing_queue_ids":[],"_links":{"self":[{"href":"https:\/\/agora.xtec.cat\/insbadia\/wp-json\/wp\/v2\/posts\/15262","targetHints":{"allow":["GET"]}}],"collection":[{"href":"https:\/\/agora.xtec.cat\/insbadia\/wp-json\/wp\/v2\/posts"}],"about":[{"href":"https:\/\/agora.xtec.cat\/insbadia\/wp-json\/wp\/v2\/types\/post"}],"author":[{"embeddable":true,"href":"https:\/\/agora.xtec.cat\/insbadia\/wp-json\/wp\/v2\/users\/1"}],"replies":[{"embeddable":true,"href":"https:\/\/agora.xtec.cat\/insbadia\/wp-json\/wp\/v2\/comments?post=15262"}],"version-history":[{"count":2,"href":"https:\/\/agora.xtec.cat\/insbadia\/wp-json\/wp\/v2\/posts\/15262\/revisions"}],"predecessor-version":[{"id":15269,"href":"https:\/\/agora.xtec.cat\/insbadia\/wp-json\/wp\/v2\/posts\/15262\/revisions\/15269"}],"wp:featuredmedia":[{"embeddable":true,"href":"https:\/\/agora.xtec.cat\/insbadia\/wp-json\/wp\/v2\/media\/15265"}],"wp:attachment":[{"href":"https:\/\/agora.xtec.cat\/insbadia\/wp-json\/wp\/v2\/media?parent=15262"}],"wp:term":[{"taxonomy":"category","embeddable":true,"href":"https:\/\/agora.xtec.cat\/insbadia\/wp-json\/wp\/v2\/categories?post=15262"},{"taxonomy":"post_tag","embeddable":true,"href":"https:\/\/agora.xtec.cat\/insbadia\/wp-json\/wp\/v2\/tags?post=15262"}],"curies":[{"name":"wp","href":"https:\/\/api.w.org\/{rel}","templated":true}]}}