{"id":24653,"date":"2026-09-03T15:19:36","date_gmt":"2026-09-03T13:19:36","guid":{"rendered":"https:\/\/agora.xtec.cat\/insandreunin\/?p=24653"},"modified":"2026-09-03T15:25:06","modified_gmt":"2026-09-03T13:25:06","slug":"proces-dadjudicacio-de-places-vacants-cfpm-i-cfps","status":"publish","type":"post","link":"https:\/\/agora.xtec.cat\/insandreunin\/general\/proces-dadjudicacio-de-places-vacants-cfpm-i-cfps\/","title":{"rendered":"Proc\u00e9s d&#8217;adjudicaci\u00f3 de places vacants (CFPM i CFPS)"},"content":{"rendered":"<h3><a href=\"https:\/\/agora.xtec.cat\/insandreunin\/wp-content\/uploads\/usu1005\/2026\/09\/Gemini_Generated_Image_2iphvg2iphvg2iph.png\"><img loading=\"lazy\" decoding=\"async\" class=\"aligncenter size-large wp-image-24652\" src=\"https:\/\/agora.xtec.cat\/insandreunin\/wp-content\/uploads\/usu1005\/2026\/09\/Gemini_Generated_Image_2iphvg2iphvg2iph-1024x360.png\" alt=\"\" width=\"1024\" height=\"360\" srcset=\"https:\/\/agora.xtec.cat\/insandreunin\/wp-content\/uploads\/usu1005\/2026\/09\/Gemini_Generated_Image_2iphvg2iphvg2iph-1024x360.png 1024w, https:\/\/agora.xtec.cat\/insandreunin\/wp-content\/uploads\/usu1005\/2026\/09\/Gemini_Generated_Image_2iphvg2iphvg2iph-300x105.png 300w, https:\/\/agora.xtec.cat\/insandreunin\/wp-content\/uploads\/usu1005\/2026\/09\/Gemini_Generated_Image_2iphvg2iphvg2iph-768x270.png 768w, https:\/\/agora.xtec.cat\/insandreunin\/wp-content\/uploads\/usu1005\/2026\/09\/Gemini_Generated_Image_2iphvg2iphvg2iph-1536x540.png 1536w, https:\/\/agora.xtec.cat\/insandreunin\/wp-content\/uploads\/usu1005\/2026\/09\/Gemini_Generated_Image_2iphvg2iphvg2iph.png 1729w\" sizes=\"auto, (max-width: 1024px) 100vw, 1024px\" \/><\/a><\/h3>\n<h3><\/h3>\n<h3><b>Proc\u00e9s d&#8217;adjudicaci\u00f3 de places vacants (CFPM i CFPS)<\/b><\/h3>\n<p><span style=\"font-weight: 400;\">Informaci\u00f3 important per a tot l&#8217;alumnat interessat a optar a una pla\u00e7a vacant per als cicles formatius de Grau Mitj\u00e0 (CFPM) i Grau Superior (CFPS).<\/span><\/p>\n<h4><b>Com funciona el proc\u00e9s?<\/b><\/h4>\n<ul>\n<li style=\"font-weight: 400;\" aria-level=\"1\"><b>7 de setembre:<\/b><span style=\"font-weight: 400;\"> El Departament d&#8217;Educaci\u00f3 i Formaci\u00f3 Professional publicar\u00e0 la llista de places vacants per centre educatiu al web de preinscripci\u00f3.<\/span><\/li>\n<li style=\"font-weight: 400;\" aria-level=\"1\"><b>Sol\u00b7licitud en l\u00ednia (7 de setembre):<\/b><span style=\"font-weight: 400;\"> Per accedir a aquestes places cal apuntar-se a trav\u00e9s del web del centre escollit. <\/span><b>No s&#8217;atendr\u00e0 de forma presencial.<\/b><\/li>\n<li style=\"font-weight: 400;\" aria-level=\"1\"><b>Atenci\u00f3 i gesti\u00f3 (del 8 al 10 de setembre):<\/b><span style=\"font-weight: 400;\"> El centre es posar\u00e0 en contacte amb tu telef\u00f2nicament per gestionar la sol\u00b7licitud.<\/span><\/li>\n<li style=\"font-weight: 400;\" aria-level=\"1\"><b>Ordre d&#8217;assignaci\u00f3:<\/b><span style=\"font-weight: 400;\"> L&#8217;atenci\u00f3 es far\u00e0 seguint l&#8217;ordre assignat pel gestor de cues. En el moment que arribi el teu torn, podr\u00e0s optar a qualsevol de les vacants disponibles en aquell moment i dels cicles formatius dels quals compleixis els requisits d&#8217;acc\u00e9s.<\/span><\/li>\n<\/ul>\n<p><b>Important:<\/b><span style=\"font-weight: 400;\"> La possibilitat d&#8217;obtenir pla\u00e7a dependr\u00e0 tant de la teva posici\u00f3 a la cua com de les vacants disponibles en el moment exacte de l&#8217;atenci\u00f3.<\/span><\/p>\n<h4><b>Qui pot optar a una pla\u00e7a vacant?<\/b><\/h4>\n<p><b>Tot l&#8217;alumnat<\/b><span style=\"font-weight: 400;\"> que compleixi els requisits d&#8217;acc\u00e9s de l&#8217;ensenyament que vol cursar, <\/span><b>hagin participat o no<\/b><span style=\"font-weight: 400;\"> en el proc\u00e9s de preinscripci\u00f3 pr\u00e8via..<\/span><\/p>\n<h4><b>Gestor de Cues Virtual i Inscripci\u00f3<\/b><\/h4>\n<p><span style=\"font-weight: 400;\">Per poder optar a una vacant, \u00e9s <\/span><b>obligatori<\/b><span style=\"font-weight: 400;\"> apuntar-se al Gestor de cues virtual el dia 7 de setembre.<\/span><\/p>\n<ul>\n<li style=\"font-weight: 400;\" aria-level=\"1\"><b>Horari d&#8217;inscripci\u00f3:<\/b><span style=\"font-weight: 400;\"> La inscripci\u00f3 s&#8217;activar\u00e0 de manera centralitzada i simult\u00e0nia el <\/span><b>7 de setembre de 2026, entre les 09.00 h i les 23.59 h<\/b><span style=\"font-weight: 400;\">.<\/span><\/li>\n<li style=\"font-weight: 400;\" aria-level=\"1\"><b>Ordre d&#8217;inscripci\u00f3:<\/b><span style=\"font-weight: 400;\"> L&#8217;obtenci\u00f3 de pla\u00e7a es far\u00e0 per ordre d&#8217;inscripci\u00f3.<\/span><\/li>\n<li style=\"font-weight: 400;\" aria-level=\"1\"><b>M\u00faltiples opcions:<\/b><span style=\"font-weight: 400;\"> Hi haur\u00e0 una cua virtual per centre i per tipus d&#8217;ensenyament (CFPM i CFPS). Et pots apuntar a la cua virtual de m\u00e9s d&#8217;un centre educatiu.<\/span><\/li>\n<\/ul>\n<p>&nbsp;<\/p>\n<p><a href=\"https:\/\/aplicacions.gestioeducativa.gencat.cat\/ords\/pls\/apex\/f?p=20160079072543618:650:::NO:650:P650_CENTRE:4E05BB2C031FB6C9F7064B8BACFA7E89006ACEC2B9D2A22C\"><span style=\"font-weight: 400;\">\ud83d\udd17 <\/span><i><span style=\"font-weight: 400;\">L&#8217;enlla\u00e7 al Gestor de cues virtual<\/span><\/i><\/a><\/p>\n","protected":false},"excerpt":{"rendered":"<p>Proc\u00e9s d&#8217;adjudicaci\u00f3 de places vacants (CFPM i CFPS) Informaci\u00f3 important per a tot l&#8217;alumnat interessat a optar a una pla\u00e7a vacant per als cicles formatius de Grau Mitj\u00e0 (CFPM) i Grau Superior (CFPS). Com funciona el proc\u00e9s? 7 de setembre: El Departament d&#8217;Educaci\u00f3 i Formaci\u00f3 Professional publicar\u00e0 la llista de places vacants per centre educatiu [&hellip;]<\/p>\n","protected":false},"author":47,"featured_media":24656,"comment_status":"closed","ping_status":"open","sticky":false,"template":"","format":"standard","meta":{"_bbp_topic_count":0,"_bbp_reply_count":0,"_bbp_total_topic_count":0,"_bbp_total_reply_count":0,"_bbp_voice_count":0,"_bbp_anonymous_reply_count":0,"_bbp_topic_count_hidden":0,"_bbp_reply_count_hidden":0,"_bbp_forum_subforum_count":0,"site-sidebar-layout":"default","site-content-layout":"","ast-site-content-layout":"default","site-content-style":"default","site-sidebar-style":"default","ast-global-header-display":"","ast-banner-title-visibility":"","ast-main-header-display":"","ast-hfb-above-header-display":"","ast-hfb-below-header-display":"","ast-hfb-mobile-header-display":"","site-post-title":"","ast-breadcrumbs-content":"","ast-featured-img":"","footer-sml-layout":"","theme-transparent-header-meta":"default","adv-header-id-meta":"","stick-header-meta":"","header-above-stick-meta":"","header-main-stick-meta":"","header-below-stick-meta":"","astra-migrate-meta-layouts":"set","ast-page-background-enabled":"default","ast-page-background-meta":{"desktop":{"background-color":"var(--ast-global-color-4)","background-image":"","background-repeat":"repeat","background-position":"center center","background-size":"auto","background-attachment":"scroll","background-type":"","background-media":"","overlay-type":"","overlay-color":"","overlay-opacity":"","overlay-gradient":""},"tablet":{"background-color":"","background-image":"","background-repeat":"repeat","background-position":"center center","background-size":"auto","background-attachment":"scroll","background-type":"","background-media":"","overlay-type":"","overlay-color":"","overlay-opacity":"","overlay-gradient":""},"mobile":{"background-color":"","background-image":"","background-repeat":"repeat","background-position":"center center","background-size":"auto","background-attachment":"scroll","background-type":"","background-media":"","overlay-type":"","overlay-color":"","overlay-opacity":"","overlay-gradient":""}},"ast-content-background-meta":{"desktop":{"background-color":"var(--ast-global-color-5)","background-image":"","background-repeat":"repeat","background-position":"center center","background-size":"auto","background-attachment":"scroll","background-type":"","background-media":"","overlay-type":"","overlay-color":"","overlay-opacity":"","overlay-gradient":""},"tablet":{"background-color":"var(--ast-global-color-5)","background-image":"","background-repeat":"repeat","background-position":"center center","background-size":"auto","background-attachment":"scroll","background-type":"","background-media":"","overlay-type":"","overlay-color":"","overlay-opacity":"","overlay-gradient":""},"mobile":{"background-color":"var(--ast-global-color-5)","background-image":"","background-repeat":"repeat","background-position":"center center","background-size":"auto","background-attachment":"scroll","background-type":"","background-media":"","overlay-type":"","overlay-color":"","overlay-opacity":"","overlay-gradient":""}},"footnotes":""},"categories":[1,29],"tags":[],"class_list":["post-24653","post","type-post","status-publish","format-standard","has-post-thumbnail","hentry","category-general","category-portada"],"post_mailing_queue_ids":[],"_links":{"self":[{"href":"https:\/\/agora.xtec.cat\/insandreunin\/wp-json\/wp\/v2\/posts\/24653","targetHints":{"allow":["GET"]}}],"collection":[{"href":"https:\/\/agora.xtec.cat\/insandreunin\/wp-json\/wp\/v2\/posts"}],"about":[{"href":"https:\/\/agora.xtec.cat\/insandreunin\/wp-json\/wp\/v2\/types\/post"}],"author":[{"embeddable":true,"href":"https:\/\/agora.xtec.cat\/insandreunin\/wp-json\/wp\/v2\/users\/47"}],"replies":[{"embeddable":true,"href":"https:\/\/agora.xtec.cat\/insandreunin\/wp-json\/wp\/v2\/comments?post=24653"}],"version-history":[{"count":2,"href":"https:\/\/agora.xtec.cat\/insandreunin\/wp-json\/wp\/v2\/posts\/24653\/revisions"}],"predecessor-version":[{"id":24655,"href":"https:\/\/agora.xtec.cat\/insandreunin\/wp-json\/wp\/v2\/posts\/24653\/revisions\/24655"}],"wp:featuredmedia":[{"embeddable":true,"href":"https:\/\/agora.xtec.cat\/insandreunin\/wp-json\/wp\/v2\/media\/24656"}],"wp:attachment":[{"href":"https:\/\/agora.xtec.cat\/insandreunin\/wp-json\/wp\/v2\/media?parent=24653"}],"wp:term":[{"taxonomy":"category","embeddable":true,"href":"https:\/\/agora.xtec.cat\/insandreunin\/wp-json\/wp\/v2\/categories?post=24653"},{"taxonomy":"post_tag","embeddable":true,"href":"https:\/\/agora.xtec.cat\/insandreunin\/wp-json\/wp\/v2\/tags?post=24653"}],"curies":[{"name":"wp","href":"https:\/\/api.w.org\/{rel}","templated":true}]}}