{"id":10482,"date":"2018-12-18T23:06:37","date_gmt":"2018-12-18T22:06:37","guid":{"rendered":"http:\/\/agora.xtec.cat\/insalpicat\/?p=10482"},"modified":"2020-07-08T11:14:19","modified_gmt":"2020-07-08T09:14:19","slug":"visitem-lexposicio-de-lescultor-lleidata-ruben-aranda","status":"publish","type":"post","link":"https:\/\/agora.xtec.cat\/insalpicat\/portada\/visitem-lexposicio-de-lescultor-lleidata-ruben-aranda\/","title":{"rendered":"Visitem l&#8217;exposici\u00f3 de l&#8217;escultor lleidat\u00e0 Ruben Aranda"},"content":{"rendered":"<p>Dilluns passat, els alumn<span style=\"font-family: inherit; font-size: 1em;\">es de 1r i 2n van visitar l&#8217;exposici\u00f3 de l&#8217;escultor lleidat\u00e0 Ruben Aranda a sala La Uni\u00f3 d&#8217;Alpicat.<\/span><\/p>\n<p>Vam poder con\u00e8ixer de ben a prop en qu\u00e8 consisteixen l&#8217;estil figuratiu i l&#8217;impressionista, aix\u00ed com gaudir dels altrelleus i algunes s\u00e8ries en gran format.<\/p>\n<p><a href=\"https:\/\/agora.xtec.cat\/insalpicat\/wp-content\/uploads\/usu743\/2018\/12\/1-2.jpg\"><img loading=\"lazy\" decoding=\"async\" class=\"aligncenter size-medium wp-image-10483\" src=\"https:\/\/agora.xtec.cat\/insalpicat\/wp-content\/uploads\/usu743\/2018\/12\/1-2-300x169.jpg\" alt=\"\" width=\"300\" height=\"169\" srcset=\"https:\/\/agora.xtec.cat\/insalpicat\/wp-content\/uploads\/usu743\/2018\/12\/1-2-300x169.jpg 300w, https:\/\/agora.xtec.cat\/insalpicat\/wp-content\/uploads\/usu743\/2018\/12\/1-2.jpg 400w\" sizes=\"auto, (max-width: 300px) 100vw, 300px\" \/><\/a><a href=\"https:\/\/agora.xtec.cat\/insalpicat\/wp-content\/uploads\/usu743\/2018\/12\/2-2.jpg\"><img loading=\"lazy\" decoding=\"async\" class=\"aligncenter size-medium wp-image-10484\" src=\"https:\/\/agora.xtec.cat\/insalpicat\/wp-content\/uploads\/usu743\/2018\/12\/2-2-300x225.jpg\" alt=\"\" width=\"300\" height=\"225\" srcset=\"https:\/\/agora.xtec.cat\/insalpicat\/wp-content\/uploads\/usu743\/2018\/12\/2-2-300x225.jpg 300w, https:\/\/agora.xtec.cat\/insalpicat\/wp-content\/uploads\/usu743\/2018\/12\/2-2-200x150.jpg 200w, https:\/\/agora.xtec.cat\/insalpicat\/wp-content\/uploads\/usu743\/2018\/12\/2-2.jpg 400w\" sizes=\"auto, (max-width: 300px) 100vw, 300px\" \/><\/a><\/p>\n<p>&nbsp;<\/p>\n","protected":false},"excerpt":{"rendered":"<p>Dilluns passat, els alumnes de 1r i 2n van visitar l&#8217;exposici\u00f3 de l&#8217;escultor lleidat\u00e0 Ruben Aranda a sala La Uni\u00f3 d&#8217;Alpicat.<br \/>\nVam poder con\u00e8ixer de ben a prop en qu\u00e8 consisteixen l&#8217;estil figuratiu i l&#8217;impressionista, aix\u00ed com gaudir dels altrelleus i algunes s\u00e8ries en gran format.<br \/>\n<a&hellip;  <a href=\"https:\/\/agora.xtec.cat\/insalpicat\/portada\/visitem-lexposicio-de-lescultor-lleidata-ruben-aranda\/\" title=\"Read Visitem l&#8217;exposici\u00f3 de l&#8217;escultor lleidat\u00e0 Ruben Aranda\">Llegeix m\u00e9s\u00bb<\/a><\/p>\n","protected":false},"author":1,"featured_media":10485,"comment_status":"open","ping_status":"closed","sticky":false,"template":"","format":"standard","meta":{"_bbp_topic_count":0,"_bbp_reply_count":0,"_bbp_total_topic_count":0,"_bbp_total_reply_count":0,"_bbp_voice_count":0,"_bbp_anonymous_reply_count":0,"_bbp_topic_count_hidden":0,"_bbp_reply_count_hidden":0,"_bbp_forum_subforum_count":0,"footnotes":""},"categories":[130,132,140,123,29],"tags":[],"class_list":["post-10482","post","type-post","status-publish","format-standard","has-post-thumbnail","hentry","category-1reso","category-2n-eso","category-curs-2018-2019","category-activitats","category-portada"],"post_mailing_queue_ids":[],"_links":{"self":[{"href":"https:\/\/agora.xtec.cat\/insalpicat\/wp-json\/wp\/v2\/posts\/10482","targetHints":{"allow":["GET"]}}],"collection":[{"href":"https:\/\/agora.xtec.cat\/insalpicat\/wp-json\/wp\/v2\/posts"}],"about":[{"href":"https:\/\/agora.xtec.cat\/insalpicat\/wp-json\/wp\/v2\/types\/post"}],"author":[{"embeddable":true,"href":"https:\/\/agora.xtec.cat\/insalpicat\/wp-json\/wp\/v2\/users\/1"}],"replies":[{"embeddable":true,"href":"https:\/\/agora.xtec.cat\/insalpicat\/wp-json\/wp\/v2\/comments?post=10482"}],"version-history":[{"count":1,"href":"https:\/\/agora.xtec.cat\/insalpicat\/wp-json\/wp\/v2\/posts\/10482\/revisions"}],"predecessor-version":[{"id":10486,"href":"https:\/\/agora.xtec.cat\/insalpicat\/wp-json\/wp\/v2\/posts\/10482\/revisions\/10486"}],"wp:featuredmedia":[{"embeddable":true,"href":"https:\/\/agora.xtec.cat\/insalpicat\/wp-json\/wp\/v2\/media\/10485"}],"wp:attachment":[{"href":"https:\/\/agora.xtec.cat\/insalpicat\/wp-json\/wp\/v2\/media?parent=10482"}],"wp:term":[{"taxonomy":"category","embeddable":true,"href":"https:\/\/agora.xtec.cat\/insalpicat\/wp-json\/wp\/v2\/categories?post=10482"},{"taxonomy":"post_tag","embeddable":true,"href":"https:\/\/agora.xtec.cat\/insalpicat\/wp-json\/wp\/v2\/tags?post=10482"}],"curies":[{"name":"wp","href":"https:\/\/api.w.org\/{rel}","templated":true}]}}