{"id":15197,"date":"2026-09-04T09:25:26","date_gmt":"2026-09-04T07:25:26","guid":{"rendered":"https:\/\/agora.xtec.cat\/insalfonscostafreda\/?p=15197"},"modified":"2026-09-04T09:26:53","modified_gmt":"2026-09-04T07:26:53","slug":"inici-de-curs-2026-2027","status":"publish","type":"post","link":"https:\/\/agora.xtec.cat\/insalfonscostafreda\/general\/inici-de-curs-2026-2027\/","title":{"rendered":"Inici de curs 2026-2027"},"content":{"rendered":"\n<p>Ja ho tenim tot a punt per comen\u00e7ar un nou curs! Us informem dels <strong>horaris d\u2019inici de les classes del curs 2026-2027<\/strong> per als diferents ensenyaments del centre.<\/p>\n\n\n\n<p>L\u2019alumnat d\u2019<strong>ESO i Batxillerat<\/strong> comen\u00e7ar\u00e0 el <strong>dimarts 8 de setembre a les 8.00 h<\/strong>.<\/p>\n\n\n\n<p>Els <strong>Cicles Formatius de Grau Mitj\u00e0 i Grau Superior<\/strong> i <strong>PFI<\/strong> iniciaran les classes el <strong>dilluns 14 de setembre<\/strong>, en els horaris indicats a la imatge adjunta.<\/p>\n\n\n\n<p>Finalment, el <strong>Curs d\u2019Especialitzaci\u00f3 en Rob\u00f2tica Col\u00b7laborativa<\/strong> comen\u00e7ar\u00e0 el <strong>dimecres 16 de setembre a les 16.00 h<\/strong>.<\/p>\n\n\n\n<p>Consulteu la imatge per con\u00e8ixer l\u2019horari concret de cada grup.<\/p>\n\n\n\n<p><strong>Us desitgem a tots i totes un molt bon inici de curs 2026-2027!<\/strong><\/p>\n\n\n\n<figure class=\"wp-block-image size-large\"><img loading=\"lazy\" decoding=\"async\" width=\"819\" height=\"1024\" src=\"https:\/\/agora.xtec.cat\/insalfonscostafreda\/wp-content\/uploads\/usu2359\/inici-de-curs-1-819x1024.png\" alt=\"\" class=\"wp-image-15198\" srcset=\"https:\/\/agora.xtec.cat\/insalfonscostafreda\/wp-content\/uploads\/usu2359\/inici-de-curs-1-819x1024.png 819w, https:\/\/agora.xtec.cat\/insalfonscostafreda\/wp-content\/uploads\/usu2359\/inici-de-curs-1-240x300.png 240w, https:\/\/agora.xtec.cat\/insalfonscostafreda\/wp-content\/uploads\/usu2359\/inici-de-curs-1-768x960.png 768w, https:\/\/agora.xtec.cat\/insalfonscostafreda\/wp-content\/uploads\/usu2359\/inici-de-curs-1.png 1080w\" sizes=\"auto, (max-width: 819px) 100vw, 819px\" \/><\/figure>\n","protected":false},"excerpt":{"rendered":"<p>Ja ho tenim tot a punt per comen\u00e7ar un nou curs! Us informem dels horaris d\u2019inici de les classes del curs 2026-2027 per als diferents ensenyaments del centre. L\u2019alumnat d\u2019ESO i Batxillerat comen\u00e7ar\u00e0 el dimarts 8 de setembre a les 8.00 h. Els Cicles Formatius de Grau Mitj\u00e0 i Grau Superior i PFI iniciaran les [&hellip;]<\/p>\n","protected":false},"author":6,"featured_media":15198,"comment_status":"open","ping_status":"open","sticky":false,"template":"","format":"standard","meta":{"_bbp_topic_count":0,"_bbp_reply_count":0,"_bbp_total_topic_count":0,"_bbp_total_reply_count":0,"_bbp_voice_count":0,"_bbp_anonymous_reply_count":0,"_bbp_topic_count_hidden":0,"_bbp_reply_count_hidden":0,"_bbp_forum_subforum_count":0,"site-sidebar-layout":"default","site-content-layout":"","ast-site-content-layout":"default","site-content-style":"default","site-sidebar-style":"default","ast-global-header-display":"","ast-banner-title-visibility":"","ast-main-header-display":"","ast-hfb-above-header-display":"","ast-hfb-below-header-display":"","ast-hfb-mobile-header-display":"","site-post-title":"","ast-breadcrumbs-content":"","ast-featured-img":"","footer-sml-layout":"","theme-transparent-header-meta":"","adv-header-id-meta":"","stick-header-meta":"","header-above-stick-meta":"","header-main-stick-meta":"","header-below-stick-meta":"","astra-migrate-meta-layouts":"set","ast-page-background-enabled":"default","ast-page-background-meta":{"desktop":{"background-color":"var(--ast-global-color-4)","background-image":"","background-repeat":"repeat","background-position":"center center","background-size":"auto","background-attachment":"scroll","background-type":"","background-media":"","overlay-type":"","overlay-color":"","overlay-opacity":"","overlay-gradient":""},"tablet":{"background-color":"","background-image":"","background-repeat":"repeat","background-position":"center center","background-size":"auto","background-attachment":"scroll","background-type":"","background-media":"","overlay-type":"","overlay-color":"","overlay-opacity":"","overlay-gradient":""},"mobile":{"background-color":"","background-image":"","background-repeat":"repeat","background-position":"center center","background-size":"auto","background-attachment":"scroll","background-type":"","background-media":"","overlay-type":"","overlay-color":"","overlay-opacity":"","overlay-gradient":""}},"ast-content-background-meta":{"desktop":{"background-color":"var(--ast-global-color-5)","background-image":"","background-repeat":"repeat","background-position":"center center","background-size":"auto","background-attachment":"scroll","background-type":"","background-media":"","overlay-type":"","overlay-color":"","overlay-opacity":"","overlay-gradient":""},"tablet":{"background-color":"var(--ast-global-color-5)","background-image":"","background-repeat":"repeat","background-position":"center center","background-size":"auto","background-attachment":"scroll","background-type":"","background-media":"","overlay-type":"","overlay-color":"","overlay-opacity":"","overlay-gradient":""},"mobile":{"background-color":"var(--ast-global-color-5)","background-image":"","background-repeat":"repeat","background-position":"center center","background-size":"auto","background-attachment":"scroll","background-type":"","background-media":"","overlay-type":"","overlay-color":"","overlay-opacity":"","overlay-gradient":""}},"footnotes":""},"categories":[1,29],"tags":[],"class_list":["post-15197","post","type-post","status-publish","format-standard","has-post-thumbnail","hentry","category-general","category-portada"],"post_mailing_queue_ids":[],"_links":{"self":[{"href":"https:\/\/agora.xtec.cat\/insalfonscostafreda\/wp-json\/wp\/v2\/posts\/15197","targetHints":{"allow":["GET"]}}],"collection":[{"href":"https:\/\/agora.xtec.cat\/insalfonscostafreda\/wp-json\/wp\/v2\/posts"}],"about":[{"href":"https:\/\/agora.xtec.cat\/insalfonscostafreda\/wp-json\/wp\/v2\/types\/post"}],"author":[{"embeddable":true,"href":"https:\/\/agora.xtec.cat\/insalfonscostafreda\/wp-json\/wp\/v2\/users\/6"}],"replies":[{"embeddable":true,"href":"https:\/\/agora.xtec.cat\/insalfonscostafreda\/wp-json\/wp\/v2\/comments?post=15197"}],"version-history":[{"count":2,"href":"https:\/\/agora.xtec.cat\/insalfonscostafreda\/wp-json\/wp\/v2\/posts\/15197\/revisions"}],"predecessor-version":[{"id":15200,"href":"https:\/\/agora.xtec.cat\/insalfonscostafreda\/wp-json\/wp\/v2\/posts\/15197\/revisions\/15200"}],"wp:featuredmedia":[{"embeddable":true,"href":"https:\/\/agora.xtec.cat\/insalfonscostafreda\/wp-json\/wp\/v2\/media\/15198"}],"wp:attachment":[{"href":"https:\/\/agora.xtec.cat\/insalfonscostafreda\/wp-json\/wp\/v2\/media?parent=15197"}],"wp:term":[{"taxonomy":"category","embeddable":true,"href":"https:\/\/agora.xtec.cat\/insalfonscostafreda\/wp-json\/wp\/v2\/categories?post=15197"},{"taxonomy":"post_tag","embeddable":true,"href":"https:\/\/agora.xtec.cat\/insalfonscostafreda\/wp-json\/wp\/v2\/tags?post=15197"}],"curies":[{"name":"wp","href":"https:\/\/api.w.org\/{rel}","templated":true}]}}