{"id":15178,"date":"2026-09-02T09:24:35","date_gmt":"2026-09-02T07:24:35","guid":{"rendered":"https:\/\/agora.xtec.cat\/insalfonscostafreda\/?p=15178"},"modified":"2026-09-02T09:35:58","modified_gmt":"2026-09-02T07:35:58","slug":"places-vacants-de-cicles-formatius-i-cua-virtual","status":"publish","type":"post","link":"https:\/\/agora.xtec.cat\/insalfonscostafreda\/general\/places-vacants-de-cicles-formatius-i-cua-virtual\/","title":{"rendered":"Places vacants de Cicles Formatius i Cua Virtual"},"content":{"rendered":"\n<p class=\"has-medium-font-size\">El 7 de setembre es publicaran les places vacants dels Cicles Formatius de Grau Mitj\u00e0 i Grau Superior del nostre centre i s\u2019obrir\u00e0 la cua virtual obligat\u00f2ria per optar-hi, no es necessari venir al centre per inscriure&#8217;t<br><br><strong><img decoding=\"async\" src=\"https:\/\/fonts.gstatic.com\/s\/e\/notoemoji\/17.0\/1f449\/72.png\" alt=\"\ud83d\udc49\">\u00a0DOCUMENT PLACES VACANTS<br><img decoding=\"async\" src=\"https:\/\/fonts.gstatic.com\/s\/e\/notoemoji\/17.0\/1f449\/72.png\" alt=\"\ud83d\udc49\"><a href=\"https:\/\/aplicacions.gestioeducativa.gencat.cat\/ords\/pls\/apex\/f?p=20160079072543618:650:::NO:650:P650_CENTRE:4965D7B662406A8C2F1267BF2966C9BB46294C6F3AE31D72\" data-type=\"link\" data-id=\"https:\/\/aplicacions.gestioeducativa.gencat.cat\/ords\/pls\/apex\/f?p=20160079072543618:650:::NO:650:P650_CENTRE:4965D7B662406A8C2F1267BF2966C9BB46294C6F3AE31D72\">CUA VIRTUAL<\/a><\/strong> <br><br>Hi haur\u00e0 una \u00fanica cua per a Grau Mitj\u00e0 i una \u00fanica cua per a Grau Superior. Les sol\u00b7licituds s&#8217;atendr\u00e0 per ordre d\u2019inscripci\u00f3 i es podr\u00e0 optar a les places que quedin disponibles en aquell moment, sempre que es compleixin els requisits d\u2019acc\u00e9s.<br><strong> <\/strong><br><strong><img decoding=\"async\" src=\"https:\/\/fonts.gstatic.com\/s\/e\/notoemoji\/17.0\/1f4c5\/72.png\" alt=\"\ud83d\udcc5\"><\/strong> Del 8 al 9 de setembre, el centre contactar\u00e0 amb les persones inscrites, seguint l&#8217;ordre de la cua virtual.<br><br><strong><img decoding=\"async\" src=\"https:\/\/fonts.gstatic.com\/s\/e\/notoemoji\/17.0\/26a0_fe0f\/72.png\" alt=\"\u26a0\ufe0f\"><\/strong> La inscripci\u00f3 a la cua virtual no garanteix l\u2019obtenci\u00f3 d\u2019una pla\u00e7a. <a href=\"https:\/\/preinscripcio.gencat.cat\/ca\/estudis\/fp-grau-mitja\/accedeix-vacant\/\" data-type=\"link\" data-id=\"https:\/\/preinscripcio.gencat.cat\/ca\/estudis\/fp-grau-mitja\/accedeix-vacant\/\">Per m\u00e9s informaci\u00f3<\/a>.<br><\/p>\n","protected":false},"excerpt":{"rendered":"<p>El 7 de setembre es publicaran les places vacants dels Cicles Formatius de Grau Mitj\u00e0 i Grau Superior del nostre centre i s\u2019obrir\u00e0 la cua virtual obligat\u00f2ria per optar-hi, no es necessari venir al centre per inscriure&#8217;t \u00a0DOCUMENT PLACES VACANTSCUA VIRTUAL Hi haur\u00e0 una \u00fanica cua per a Grau Mitj\u00e0 i una \u00fanica cua per [&hellip;]<\/p>\n","protected":false},"author":6,"featured_media":15179,"comment_status":"open","ping_status":"open","sticky":false,"template":"","format":"standard","meta":{"_bbp_topic_count":0,"_bbp_reply_count":0,"_bbp_total_topic_count":0,"_bbp_total_reply_count":0,"_bbp_voice_count":0,"_bbp_anonymous_reply_count":0,"_bbp_topic_count_hidden":0,"_bbp_reply_count_hidden":0,"_bbp_forum_subforum_count":0,"site-sidebar-layout":"default","site-content-layout":"","ast-site-content-layout":"default","site-content-style":"default","site-sidebar-style":"default","ast-global-header-display":"","ast-banner-title-visibility":"","ast-main-header-display":"","ast-hfb-above-header-display":"","ast-hfb-below-header-display":"","ast-hfb-mobile-header-display":"","site-post-title":"","ast-breadcrumbs-content":"","ast-featured-img":"","footer-sml-layout":"","theme-transparent-header-meta":"","adv-header-id-meta":"","stick-header-meta":"","header-above-stick-meta":"","header-main-stick-meta":"","header-below-stick-meta":"","astra-migrate-meta-layouts":"set","ast-page-background-enabled":"default","ast-page-background-meta":{"desktop":{"background-color":"var(--ast-global-color-4)","background-image":"","background-repeat":"repeat","background-position":"center center","background-size":"auto","background-attachment":"scroll","background-type":"","background-media":"","overlay-type":"","overlay-color":"","overlay-opacity":"","overlay-gradient":""},"tablet":{"background-color":"","background-image":"","background-repeat":"repeat","background-position":"center center","background-size":"auto","background-attachment":"scroll","background-type":"","background-media":"","overlay-type":"","overlay-color":"","overlay-opacity":"","overlay-gradient":""},"mobile":{"background-color":"","background-image":"","background-repeat":"repeat","background-position":"center center","background-size":"auto","background-attachment":"scroll","background-type":"","background-media":"","overlay-type":"","overlay-color":"","overlay-opacity":"","overlay-gradient":""}},"ast-content-background-meta":{"desktop":{"background-color":"var(--ast-global-color-5)","background-image":"","background-repeat":"repeat","background-position":"center center","background-size":"auto","background-attachment":"scroll","background-type":"","background-media":"","overlay-type":"","overlay-color":"","overlay-opacity":"","overlay-gradient":""},"tablet":{"background-color":"var(--ast-global-color-5)","background-image":"","background-repeat":"repeat","background-position":"center center","background-size":"auto","background-attachment":"scroll","background-type":"","background-media":"","overlay-type":"","overlay-color":"","overlay-opacity":"","overlay-gradient":""},"mobile":{"background-color":"var(--ast-global-color-5)","background-image":"","background-repeat":"repeat","background-position":"center center","background-size":"auto","background-attachment":"scroll","background-type":"","background-media":"","overlay-type":"","overlay-color":"","overlay-opacity":"","overlay-gradient":""}},"footnotes":""},"categories":[30,1,29],"tags":[],"class_list":["post-15178","post","type-post","status-publish","format-standard","has-post-thumbnail","hentry","category-cicles-formatius","category-general","category-portada"],"post_mailing_queue_ids":[],"_links":{"self":[{"href":"https:\/\/agora.xtec.cat\/insalfonscostafreda\/wp-json\/wp\/v2\/posts\/15178","targetHints":{"allow":["GET"]}}],"collection":[{"href":"https:\/\/agora.xtec.cat\/insalfonscostafreda\/wp-json\/wp\/v2\/posts"}],"about":[{"href":"https:\/\/agora.xtec.cat\/insalfonscostafreda\/wp-json\/wp\/v2\/types\/post"}],"author":[{"embeddable":true,"href":"https:\/\/agora.xtec.cat\/insalfonscostafreda\/wp-json\/wp\/v2\/users\/6"}],"replies":[{"embeddable":true,"href":"https:\/\/agora.xtec.cat\/insalfonscostafreda\/wp-json\/wp\/v2\/comments?post=15178"}],"version-history":[{"count":4,"href":"https:\/\/agora.xtec.cat\/insalfonscostafreda\/wp-json\/wp\/v2\/posts\/15178\/revisions"}],"predecessor-version":[{"id":15184,"href":"https:\/\/agora.xtec.cat\/insalfonscostafreda\/wp-json\/wp\/v2\/posts\/15178\/revisions\/15184"}],"wp:featuredmedia":[{"embeddable":true,"href":"https:\/\/agora.xtec.cat\/insalfonscostafreda\/wp-json\/wp\/v2\/media\/15179"}],"wp:attachment":[{"href":"https:\/\/agora.xtec.cat\/insalfonscostafreda\/wp-json\/wp\/v2\/media?parent=15178"}],"wp:term":[{"taxonomy":"category","embeddable":true,"href":"https:\/\/agora.xtec.cat\/insalfonscostafreda\/wp-json\/wp\/v2\/categories?post=15178"},{"taxonomy":"post_tag","embeddable":true,"href":"https:\/\/agora.xtec.cat\/insalfonscostafreda\/wp-json\/wp\/v2\/tags?post=15178"}],"curies":[{"name":"wp","href":"https:\/\/api.w.org\/{rel}","templated":true}]}}