{"id":20957,"date":"2022-01-28T19:50:37","date_gmt":"2022-01-28T18:50:37","guid":{"rendered":"https:\/\/agora.xtec.cat\/insalba\/?p=20957"},"modified":"2022-01-31T12:23:55","modified_gmt":"2022-01-31T11:23:55","slug":"dia-escolar-de-la-no-violencia-i-la-pau-2022","status":"publish","type":"post","link":"https:\/\/agora.xtec.cat\/insalba\/general\/dia-escolar-de-la-no-violencia-i-la-pau-2022\/","title":{"rendered":"Dia Escolar de la No-viol\u00e8ncia i la Pau 2022"},"content":{"rendered":"<p>Cada 30 de gener, des de 1964, se celebra el Dia Escolar de la No-viol\u00e8ncia i la Pau (DENIP) per recordar el llegat de Mahatma Gandhi el dia que es commemora l\u2019aniversari de la seva mort.<\/p>\n<p>Hem aprofitat l\u2019oportunitat que ens brinda aquest dia per fer del nostre institut un espai una mica m\u00e9s reflexiu, cr\u00edtic i actiu, per a la propagaci\u00f3 dels valors de la pau i de la solidaritat, aix\u00ed com per a la sensibilitzaci\u00f3 sobre la necessitat de vetllar pel respecte i compliment dels drets de les persones.<\/p>\n<p>Per aix\u00f2 hem organitzat diferents activitats i din\u00e0miques al voltant d\u2019aquesta tem\u00e0tica en tots els nivells educatius. Com a resultat, podeu veure els s\u00edmbols de la pau que han omplert els alumnes de paraules, frases, poemes i s\u00edmbols de creaci\u00f3 pr\u00f2pia.<\/p>\n<div id='gallery-1' class='gallery galleryid-20957 gallery-columns-3 gallery-size-thumbnail'><figure class='gallery-item'>\n\t\t\t<div class='gallery-icon landscape'>\n\t\t\t\t<a href='https:\/\/agora.xtec.cat\/insalba\/general\/dia-escolar-de-la-no-violencia-i-la-pau-2022\/attachment\/diadelapau\/'><img loading=\"lazy\" decoding=\"async\" width=\"150\" height=\"150\" src=\"https:\/\/agora.xtec.cat\/insalba\/wp-content\/uploads\/usu2\/2022\/01\/Diadelapau-150x150.jpeg\" class=\"attachment-thumbnail size-thumbnail\" alt=\"\" \/><\/a>\n\t\t\t<\/div><\/figure><figure class='gallery-item'>\n\t\t\t<div class='gallery-icon landscape'>\n\t\t\t\t<a href='https:\/\/agora.xtec.cat\/insalba\/general\/dia-escolar-de-la-no-violencia-i-la-pau-2022\/attachment\/diadelapau2\/'><img loading=\"lazy\" decoding=\"async\" width=\"150\" height=\"150\" src=\"https:\/\/agora.xtec.cat\/insalba\/wp-content\/uploads\/usu2\/2022\/01\/Diadelapau2-150x150.jpeg\" class=\"attachment-thumbnail size-thumbnail\" alt=\"\" \/><\/a>\n\t\t\t<\/div><\/figure><figure class='gallery-item'>\n\t\t\t<div class='gallery-icon portrait'>\n\t\t\t\t<a href='https:\/\/agora.xtec.cat\/insalba\/general\/dia-escolar-de-la-no-violencia-i-la-pau-2022\/attachment\/diadelapau3\/'><img loading=\"lazy\" decoding=\"async\" width=\"150\" height=\"150\" src=\"https:\/\/agora.xtec.cat\/insalba\/wp-content\/uploads\/usu2\/2022\/01\/Diadelapau3-150x150.jpeg\" class=\"attachment-thumbnail size-thumbnail\" alt=\"\" \/><\/a>\n\t\t\t<\/div><\/figure>\n\t\t<\/div>\n\n","protected":false},"excerpt":{"rendered":"<p>Cada 30 de gener, des de 1964, se celebra el Dia Escolar de la No-viol\u00e8ncia i la Pau (DENIP) per recordar el llegat de Mahatma Gandhi el dia que es commemora l\u2019aniversari de la seva mort. Hem aprofitat l\u2019oportunitat que ens brinda aquest dia per fer del nostre institut un espai una mica m\u00e9s reflexiu, [&hellip;]<\/p>\n","protected":false},"author":1,"featured_media":20961,"comment_status":"open","ping_status":"closed","sticky":false,"template":"","format":"standard","meta":{"_bbp_topic_count":0,"_bbp_reply_count":0,"_bbp_total_topic_count":0,"_bbp_total_reply_count":0,"_bbp_voice_count":0,"_bbp_anonymous_reply_count":0,"_bbp_topic_count_hidden":0,"_bbp_reply_count_hidden":0,"_bbp_forum_subforum_count":0,"site-sidebar-layout":"default","site-content-layout":"","ast-site-content-layout":"","site-content-style":"default","site-sidebar-style":"default","ast-global-header-display":"","ast-banner-title-visibility":"","ast-main-header-display":"","ast-hfb-above-header-display":"","ast-hfb-below-header-display":"","ast-hfb-mobile-header-display":"","site-post-title":"","ast-breadcrumbs-content":"","ast-featured-img":"","footer-sml-layout":"","theme-transparent-header-meta":"","adv-header-id-meta":"","stick-header-meta":"","header-above-stick-meta":"","header-main-stick-meta":"","header-below-stick-meta":"","astra-migrate-meta-layouts":"default","ast-page-background-enabled":"default","ast-page-background-meta":{"desktop":{"background-color":"var(--ast-global-color-5)","background-image":"","background-repeat":"repeat","background-position":"center center","background-size":"auto","background-attachment":"scroll","background-type":"","background-media":"","overlay-type":"","overlay-color":"","overlay-opacity":"","overlay-gradient":""},"tablet":{"background-color":"","background-image":"","background-repeat":"repeat","background-position":"center center","background-size":"auto","background-attachment":"scroll","background-type":"","background-media":"","overlay-type":"","overlay-color":"","overlay-opacity":"","overlay-gradient":""},"mobile":{"background-color":"","background-image":"","background-repeat":"repeat","background-position":"center center","background-size":"auto","background-attachment":"scroll","background-type":"","background-media":"","overlay-type":"","overlay-color":"","overlay-opacity":"","overlay-gradient":""}},"ast-content-background-meta":{"desktop":{"background-color":"var(--ast-global-color-4)","background-image":"","background-repeat":"repeat","background-position":"center center","background-size":"auto","background-attachment":"scroll","background-type":"","background-media":"","overlay-type":"","overlay-color":"","overlay-opacity":"","overlay-gradient":""},"tablet":{"background-color":"var(--ast-global-color-4)","background-image":"","background-repeat":"repeat","background-position":"center center","background-size":"auto","background-attachment":"scroll","background-type":"","background-media":"","overlay-type":"","overlay-color":"","overlay-opacity":"","overlay-gradient":""},"mobile":{"background-color":"var(--ast-global-color-4)","background-image":"","background-repeat":"repeat","background-position":"center center","background-size":"auto","background-attachment":"scroll","background-type":"","background-media":"","overlay-type":"","overlay-color":"","overlay-opacity":"","overlay-gradient":""}},"footnotes":""},"categories":[1,29,487,478],"tags":[465,486],"class_list":["post-20957","post","type-post","status-publish","format-standard","has-post-thumbnail","hentry","category-general","category-portada","category-prevencio-de-les-violencies","category-violencies","tag-curs-21-22","tag-pau"],"post_mailing_queue_ids":[],"_links":{"self":[{"href":"https:\/\/agora.xtec.cat\/insalba\/wp-json\/wp\/v2\/posts\/20957","targetHints":{"allow":["GET"]}}],"collection":[{"href":"https:\/\/agora.xtec.cat\/insalba\/wp-json\/wp\/v2\/posts"}],"about":[{"href":"https:\/\/agora.xtec.cat\/insalba\/wp-json\/wp\/v2\/types\/post"}],"author":[{"embeddable":true,"href":"https:\/\/agora.xtec.cat\/insalba\/wp-json\/wp\/v2\/users\/1"}],"replies":[{"embeddable":true,"href":"https:\/\/agora.xtec.cat\/insalba\/wp-json\/wp\/v2\/comments?post=20957"}],"version-history":[{"count":1,"href":"https:\/\/agora.xtec.cat\/insalba\/wp-json\/wp\/v2\/posts\/20957\/revisions"}],"predecessor-version":[{"id":20962,"href":"https:\/\/agora.xtec.cat\/insalba\/wp-json\/wp\/v2\/posts\/20957\/revisions\/20962"}],"wp:featuredmedia":[{"embeddable":true,"href":"https:\/\/agora.xtec.cat\/insalba\/wp-json\/wp\/v2\/media\/20961"}],"wp:attachment":[{"href":"https:\/\/agora.xtec.cat\/insalba\/wp-json\/wp\/v2\/media?parent=20957"}],"wp:term":[{"taxonomy":"category","embeddable":true,"href":"https:\/\/agora.xtec.cat\/insalba\/wp-json\/wp\/v2\/categories?post=20957"},{"taxonomy":"post_tag","embeddable":true,"href":"https:\/\/agora.xtec.cat\/insalba\/wp-json\/wp\/v2\/tags?post=20957"}],"curies":[{"name":"wp","href":"https:\/\/api.w.org\/{rel}","templated":true}]}}