{"id":1549,"date":"2023-07-24T10:57:25","date_gmt":"2023-07-24T08:57:25","guid":{"rendered":"https:\/\/agora.xtec.cat\/insagmundet\/?p=1549"},"modified":"2025-06-03T21:13:07","modified_gmt":"2025-06-03T19:13:07","slug":"segona-fase-dadmissio-cicles-formatius-de-grau-mitja","status":"publish","type":"post","link":"https:\/\/agora.xtec.cat\/insagmundet\/general\/segona-fase-dadmissio-cicles-formatius-de-grau-mitja\/","title":{"rendered":"Segona fase d&#8217;admissi\u00f3 &#8211; Cicles Formatius de Grau Mitj\u00e0"},"content":{"rendered":"<p>Llista d&#8217;assignacions de la 2a Fase d&#8217;admissi\u00f3 de CF de Grau Mitj\u00e0 <strong>(31\/07\/2023)<\/strong><\/p>\n<p><a href=\"https:\/\/agora.xtec.cat\/insagmundet\/wp-content\/uploads\/usu2223\/2023\/07\/AlumnesCONTINIUITAT_assignats_amb-indicacio_primera_peticio_2aVolta_31-7-23.pdf\">Alumnes CONTINIU\u00cfTAT_assignats_amb indicaci\u00f3_primera_petici\u00f3_2aVolta_31-7-23<\/a><\/p>\n<p><a href=\"https:\/\/agora.xtec.cat\/insagmundet\/wp-content\/uploads\/usu2223\/2023\/07\/AlumnesRESTA_assignats_amb-indicacio_primera_peticio_2aVolta_31-7-23.pdf\">Alumnes RESTA_assignats_amb indicaci\u00f3_primera_petici\u00f3_2aVolta_31-7-23<\/a><\/p>\n<p><a href=\"https:\/\/agora.xtec.cat\/insagmundet\/wp-content\/uploads\/usu2223\/2023\/07\/AlumnesCONTINIUITAT_preinscrits_2aVolta_31-7-23.pdf\">Alumnes CONTINIU\u00cfTAT_preinscrits_2aVolta_31-7-23<\/a><\/p>\n<p><a href=\"https:\/\/agora.xtec.cat\/insagmundet\/wp-content\/uploads\/usu2223\/2023\/07\/AlumnesRESTA_preinscrits_2aVolta_31-7-23.pdf\">Alumnes RESTA_preinscrits_2aVolta_31-7-23<\/a><\/p>\n<p><strong>Les persones admeses rebran el dia 1 de setembre de 2023 un correu amb les instruccions per formalitzar la matr\u00edcula ONLINE\u00a0<\/strong><\/p>\n<hr \/>\n<p>Llistat de vacants despr\u00e9s de l&#8217;acte p\u00fablic del 20 de juliol de 2023:<\/p>\n<table dir=\"ltr\" border=\"1\" cellspacing=\"0\" cellpadding=\"0\">\n<colgroup>\n<col width=\"118\" \/>\n<col width=\"321\" \/>\n<col width=\"73\" \/>\n<col width=\"60\" \/>\n<col width=\"100\" \/><\/colgroup>\n<tbody>\n<tr>\n<td colspan=\"2\" rowspan=\"1\" data-sheets-value=\"{&quot;1&quot;:2,&quot;2&quot;:&quot;Ensenyament&quot;}\">Ensenyament<\/td>\n<td style=\"text-align: center;\" data-sheets-value=\"{&quot;1&quot;:2,&quot;2&quot;:&quot;Curs&quot;}\">Curs<\/td>\n<td style=\"text-align: center;\" data-sheets-value=\"{&quot;1&quot;:2,&quot;2&quot;:&quot;Torn&quot;}\">Torn<\/td>\n<td style=\"text-align: center;\" data-sheets-value=\"{&quot;1&quot;:2,&quot;2&quot;:&quot;Vacants 24 Juliol&quot;}\"><strong>Vacants 24 Juliol<\/strong><\/td>\n<\/tr>\n<tr>\n<td data-sheets-value=\"{&quot;1&quot;:2,&quot;2&quot;:&quot;IM10 CFGM&quot;}\">IM10 CFGM<\/td>\n<td data-sheets-value=\"{&quot;1&quot;:2,&quot;2&quot;:&quot;Manteniment Electromec\u00e0nic&quot;}\" data-sheets-hyperlink=\"http:\/\/agmundet.es\/wp-content\/uploads\/2020\/04\/gmmnt.pdf\"><a class=\"in-cell-link\" href=\"http:\/\/agmundet.es\/wp-content\/uploads\/2020\/04\/gmmnt.pdf\" target=\"_blank\" rel=\"noopener\">Manteniment Electromec\u00e0nic<\/a><\/td>\n<td style=\"text-align: center;\" data-sheets-value=\"{&quot;1&quot;:3,&quot;3&quot;:1}\"><strong>1<\/strong><\/td>\n<td style=\"text-align: center;\" data-sheets-value=\"{&quot;1&quot;:2,&quot;2&quot;:&quot;Mat\u00ed&quot;}\">Mat\u00ed<\/td>\n<td style=\"text-align: center;\" data-sheets-value=\"{&quot;1&quot;:3,&quot;3&quot;:7}\" data-sheets-formula=\"='2023\/24'!R[0]C[2]\"><strong>7<\/strong><\/td>\n<\/tr>\n<tr>\n<td data-sheets-value=\"{&quot;1&quot;:2,&quot;2&quot;:&quot;IM10 CFGM&quot;}\">IM10 CFGM<\/td>\n<td data-sheets-value=\"{&quot;1&quot;:2,&quot;2&quot;:&quot;Manteniment Electromec\u00e0nic&quot;}\" data-sheets-hyperlink=\"http:\/\/agmundet.es\/wp-content\/uploads\/2020\/04\/gmmnt.pdf\"><a class=\"in-cell-link\" href=\"http:\/\/agmundet.es\/wp-content\/uploads\/2020\/04\/gmmnt.pdf\" target=\"_blank\" rel=\"noopener\">Manteniment Electromec\u00e0nic<\/a><\/td>\n<td style=\"text-align: center;\" data-sheets-value=\"{&quot;1&quot;:3,&quot;3&quot;:2}\">2<\/td>\n<td style=\"text-align: center;\" data-sheets-value=\"{&quot;1&quot;:2,&quot;2&quot;:&quot;Mat\u00ed&quot;}\">Mat\u00ed<\/td>\n<td style=\"text-align: center;\" data-sheets-value=\"{&quot;1&quot;:3,&quot;3&quot;:16}\" data-sheets-formula=\"='2023\/24'!R[0]C[2]\"><strong>16<\/strong><\/td>\n<\/tr>\n<tr>\n<td data-sheets-value=\"{&quot;1&quot;:2,&quot;2&quot;:&quot;IM30 CFGM&quot;}\">IM30 CFGM<\/td>\n<td data-sheets-value=\"{&quot;1&quot;:2,&quot;2&quot;:&quot;Instal\u00b7lacions frigor\u00edfiques i de climatitzaci\u00f3&quot;}\" data-sheets-hyperlink=\"http:\/\/agmundet.es\/wp-content\/uploads\/2020\/04\/gmfrd.pdf\"><a class=\"in-cell-link\" href=\"http:\/\/agmundet.es\/wp-content\/uploads\/2020\/04\/gmfrd.pdf\" target=\"_blank\" rel=\"noopener\">Instal\u00b7lacions frigor\u00edfiques i de climatitzaci\u00f3<\/a><\/td>\n<td style=\"text-align: center;\" data-sheets-value=\"{&quot;1&quot;:3,&quot;3&quot;:1}\"><strong>1<\/strong><\/td>\n<td style=\"text-align: center;\" data-sheets-value=\"{&quot;1&quot;:2,&quot;2&quot;:&quot;Mat\u00ed&quot;}\">Mat\u00ed<\/td>\n<td style=\"text-align: center;\" data-sheets-value=\"{&quot;1&quot;:3,&quot;3&quot;:6}\" data-sheets-formula=\"='2023\/24'!R[0]C[2]\"><strong>6<\/strong><\/td>\n<\/tr>\n<tr>\n<td data-sheets-value=\"{&quot;1&quot;:2,&quot;2&quot;:&quot;IM30 CFGM&quot;}\">IM30 CFGM<\/td>\n<td data-sheets-value=\"{&quot;1&quot;:2,&quot;2&quot;:&quot;Instal\u00b7lacions frigor\u00edfiques i de climatitzaci\u00f3&quot;}\" data-sheets-hyperlink=\"http:\/\/agmundet.es\/wp-content\/uploads\/2020\/04\/gmfrd.pdf\"><a class=\"in-cell-link\" href=\"http:\/\/agmundet.es\/wp-content\/uploads\/2020\/04\/gmfrd.pdf\" target=\"_blank\" rel=\"noopener\">Instal\u00b7lacions frigor\u00edfiques i de climatitzaci\u00f3<\/a><\/td>\n<td style=\"text-align: center;\" data-sheets-value=\"{&quot;1&quot;:3,&quot;3&quot;:2}\">2<\/td>\n<td style=\"text-align: center;\" data-sheets-value=\"{&quot;1&quot;:2,&quot;2&quot;:&quot;Tarda&quot;}\">Tarda<\/td>\n<td style=\"text-align: center;\" data-sheets-value=\"{&quot;1&quot;:3,&quot;3&quot;:10}\" data-sheets-formula=\"='2023\/24'!R[0]C[2]\"><strong>10<\/strong><\/td>\n<\/tr>\n<tr>\n<td data-sheets-value=\"{&quot;1&quot;:2,&quot;2&quot;:&quot;IM20 CFGM&quot;}\">IM20 CFGM<\/td>\n<td data-sheets-value=\"{&quot;1&quot;:2,&quot;2&quot;:&quot;Instal\u00b7lacions de producci\u00f3 de calor&quot;}\" data-sheets-hyperlink=\"http:\/\/agmundet.es\/wp-content\/uploads\/2020\/04\/gmcal.pdf\"><a class=\"in-cell-link\" href=\"http:\/\/agmundet.es\/wp-content\/uploads\/2020\/04\/gmcal.pdf\" target=\"_blank\" rel=\"noopener\">Instal\u00b7lacions de producci\u00f3 de calor<\/a><\/td>\n<td style=\"text-align: center;\" data-sheets-value=\"{&quot;1&quot;:3,&quot;3&quot;:2}\"><strong>2<\/strong><\/td>\n<td style=\"text-align: center;\" data-sheets-value=\"{&quot;1&quot;:2,&quot;2&quot;:&quot;Tarda&quot;}\">Tarda<\/td>\n<td style=\"text-align: center;\" data-sheets-value=\"{&quot;1&quot;:3,&quot;3&quot;:26}\" data-sheets-formula=\"='2023\/24'!R[0]C[2]\"><strong>26<\/strong><\/td>\n<\/tr>\n<tr>\n<td data-sheets-value=\"{&quot;1&quot;:2,&quot;2&quot;:&quot;TX50 CFGM&quot;}\">TX50 CFGM<\/td>\n<td data-sheets-value=\"{&quot;1&quot;:2,&quot;2&quot;:&quot;Confecci\u00f3 i Moda&quot;}\" data-sheets-hyperlink=\"http:\/\/agmundet.es\/wp-content\/uploads\/2020\/04\/gmcnf.pdf\"><a class=\"in-cell-link\" href=\"http:\/\/agmundet.es\/wp-content\/uploads\/2020\/04\/gmcnf.pdf\" target=\"_blank\" rel=\"noopener\">Confecci\u00f3 i Moda<\/a><\/td>\n<td style=\"text-align: center;\" data-sheets-value=\"{&quot;1&quot;:3,&quot;3&quot;:1}\"><strong>1<\/strong><\/td>\n<td style=\"text-align: center;\" data-sheets-value=\"{&quot;1&quot;:2,&quot;2&quot;:&quot;Mat\u00ed&quot;}\">Mat\u00ed<\/td>\n<td style=\"text-align: center;\" data-sheets-value=\"{&quot;1&quot;:3,&quot;3&quot;:0}\" data-sheets-formula=\"='2023\/24'!R[0]C[2]\"><strong>0<\/strong><\/td>\n<\/tr>\n<tr>\n<td data-sheets-value=\"{&quot;1&quot;:2,&quot;2&quot;:&quot;TX50 CFGM&quot;}\">TX50 CFGM<\/td>\n<td data-sheets-value=\"{&quot;1&quot;:2,&quot;2&quot;:&quot;Confecci\u00f3 i Moda&quot;}\" data-sheets-hyperlink=\"http:\/\/agmundet.es\/wp-content\/uploads\/2020\/04\/gmcnf.pdf\"><a class=\"in-cell-link\" href=\"http:\/\/agmundet.es\/wp-content\/uploads\/2020\/04\/gmcnf.pdf\" target=\"_blank\" rel=\"noopener\">Confecci\u00f3 i Moda<\/a><\/td>\n<td style=\"text-align: center;\" data-sheets-value=\"{&quot;1&quot;:3,&quot;3&quot;:1}\"><strong>1<\/strong><\/td>\n<td style=\"text-align: center;\" data-sheets-value=\"{&quot;1&quot;:2,&quot;2&quot;:&quot;Tarda&quot;}\">Tarda<\/td>\n<td style=\"text-align: center;\" data-sheets-value=\"{&quot;1&quot;:3,&quot;3&quot;:4}\" data-sheets-formula=\"='2023\/24'!R[0]C[2]\"><strong>4<\/strong><\/td>\n<\/tr>\n<tr>\n<td data-sheets-value=\"{&quot;1&quot;:2,&quot;2&quot;:&quot;TX50 CFGM&quot;}\">TX50 CFGM<\/td>\n<td data-sheets-value=\"{&quot;1&quot;:2,&quot;2&quot;:&quot;Confecci\u00f3 i Moda&quot;}\" data-sheets-hyperlink=\"http:\/\/agmundet.es\/wp-content\/uploads\/2020\/04\/gmcnf.pdf\"><a class=\"in-cell-link\" href=\"http:\/\/agmundet.es\/wp-content\/uploads\/2020\/04\/gmcnf.pdf\" target=\"_blank\" rel=\"noopener\">Confecci\u00f3 i Moda<\/a><\/td>\n<td style=\"text-align: center;\" data-sheets-value=\"{&quot;1&quot;:3,&quot;3&quot;:2}\">2<\/td>\n<td style=\"text-align: center;\" data-sheets-value=\"{&quot;1&quot;:2,&quot;2&quot;:&quot;Mat\u00ed&quot;}\">Mat\u00ed<\/td>\n<td style=\"text-align: center;\" data-sheets-value=\"{&quot;1&quot;:3,&quot;3&quot;:19}\" data-sheets-formula=\"='2023\/24'!R[0]C[2]\"><strong>19<\/strong><\/td>\n<\/tr>\n<tr>\n<td data-sheets-value=\"{&quot;1&quot;:2,&quot;2&quot;:&quot;TX50 CFGM&quot;}\">TX50 CFGM<\/td>\n<td data-sheets-value=\"{&quot;1&quot;:2,&quot;2&quot;:&quot;Confecci\u00f3 i Moda&quot;}\" data-sheets-hyperlink=\"http:\/\/agmundet.es\/wp-content\/uploads\/2020\/04\/gmcnf.pdf\"><a class=\"in-cell-link\" href=\"http:\/\/agmundet.es\/wp-content\/uploads\/2020\/04\/gmcnf.pdf\" target=\"_blank\" rel=\"noopener\">Confecci\u00f3 i Moda<\/a><\/td>\n<td style=\"text-align: center;\" data-sheets-value=\"{&quot;1&quot;:3,&quot;3&quot;:2}\">2<\/td>\n<td style=\"text-align: center;\" data-sheets-value=\"{&quot;1&quot;:2,&quot;2&quot;:&quot;Tarda&quot;}\">Tarda<\/td>\n<td style=\"text-align: center;\" data-sheets-value=\"{&quot;1&quot;:3,&quot;3&quot;:21}\" data-sheets-formula=\"='2023\/24'!R[0]C[2]\"><strong>21<\/strong><\/td>\n<\/tr>\n<\/tbody>\n<\/table>\n<p>Podeu consultar la <a href=\"https:\/\/preinscripcio.gencat.cat\/ca\/estudis\/fp-grau-mitja\/preinscriute\/segona-fase-admissio\/\">web del Departament d&#8217;Educaci\u00f3<\/a> per participar en la segona fase d&#8217;admissi\u00f3 a CFGM:<\/p>\n<p><a href=\"https:\/\/preinscripcio.gencat.cat\/ca\/estudis\/fp-grau-mitja\/preinscriute\/segona-fase-admissio\/\">https:\/\/preinscripcio.gencat.cat\/ca\/estudis\/fp-grau-mitja\/preinscriute\/segona-fase-admissio\/<\/a><\/p>\n<p>&nbsp;<\/p>\n<p>&nbsp;<\/p>\n<p>&nbsp;<\/p>\n<p>&nbsp;<\/p>\n","protected":false},"excerpt":{"rendered":"<p>Llista d&#8217;assignacions de la 2a Fase d&#8217;admissi\u00f3 de CF de Grau Mitj\u00e0 (31\/07\/2023)<br \/>\n<a href=\"https:\/\/agora.xtec.cat\/insagmundet\/wp-content\/uploads\/usu2223\/2023\/07\/AlumnesCONTINIUITAT_assignats_amb-indicacio_primera_peticio_2aVolta_31-7-23.pdf\">Alumnes CONTINIU\u00cfTAT_assignats_amb indicaci\u00f3_primera_petici\u00f3_2aVolta_31-7-23<\/a><br \/>\n<a href=\"https:\/\/agora.xtec.cat\/insagmundet\/wp-content\/uploads\/usu2223\/2023\/07\/AlumnesRESTA_assignats_amb-indicacio_primera_peticio_2aVolta_31-7-23.pdf\">Alumnes RESTA_assignats_amb indicaci\u00f3_primera_petici\u00f3_2aVolta_31-7-23<\/a><br \/>\n<a href=\"https:\/\/agora.xtec.cat\/insagmundet\/wp-content\/uploads\/usu2223\/2023\/07\/AlumnesCONTINIUITAT_preinscrits_2aVolta_31-7-23.pdf\">Alumnes CONTINIU\u00cfTAT_preinscrits_2aVolta_31-7-23<\/a><br \/>\n<a href=\"https:\/\/agora.xtec.cat\/insagmundet\/wp-content\/uploads\/usu2223\/2023\/07\/AlumnesRESTA_preinscrits_2aVolta_31-7-23.pdf\">Alumnes RESTA_preinscrits_2aVolta_31-7-23<\/a><br \/>\nLes persones admeses rebran el dia 1 de setembre de 2023 un correu amb les instruccions per formalitzar la matr\u00edcula ONLINE\u00a0<\/p>\n<p>Llistat de vacants&hellip;  <a href=\"https:\/\/agora.xtec.cat\/insagmundet\/general\/segona-fase-dadmissio-cicles-formatius-de-grau-mitja\/\" title=\"Read Segona fase d&#8217;admissi\u00f3 &#8211; Cicles Formatius de Grau Mitj\u00e0\">Llegeix m\u00e9s\u00bb<\/a><\/p>\n","protected":false},"author":5,"featured_media":0,"comment_status":"closed","ping_status":"closed","sticky":false,"template":"","format":"standard","meta":{"_bbp_topic_count":0,"_bbp_reply_count":0,"_bbp_total_topic_count":0,"_bbp_total_reply_count":0,"_bbp_voice_count":0,"_bbp_anonymous_reply_count":0,"_bbp_topic_count_hidden":0,"_bbp_reply_count_hidden":0,"_bbp_forum_subforum_count":0,"footnotes":""},"categories":[1],"tags":[],"class_list":["post-1549","post","type-post","status-publish","format-standard","hentry","category-general"],"post_mailing_queue_ids":[],"_links":{"self":[{"href":"https:\/\/agora.xtec.cat\/insagmundet\/wp-json\/wp\/v2\/posts\/1549","targetHints":{"allow":["GET"]}}],"collection":[{"href":"https:\/\/agora.xtec.cat\/insagmundet\/wp-json\/wp\/v2\/posts"}],"about":[{"href":"https:\/\/agora.xtec.cat\/insagmundet\/wp-json\/wp\/v2\/types\/post"}],"author":[{"embeddable":true,"href":"https:\/\/agora.xtec.cat\/insagmundet\/wp-json\/wp\/v2\/users\/5"}],"replies":[{"embeddable":true,"href":"https:\/\/agora.xtec.cat\/insagmundet\/wp-json\/wp\/v2\/comments?post=1549"}],"version-history":[{"count":4,"href":"https:\/\/agora.xtec.cat\/insagmundet\/wp-json\/wp\/v2\/posts\/1549\/revisions"}],"predecessor-version":[{"id":1553,"href":"https:\/\/agora.xtec.cat\/insagmundet\/wp-json\/wp\/v2\/posts\/1549\/revisions\/1553"}],"wp:attachment":[{"href":"https:\/\/agora.xtec.cat\/insagmundet\/wp-json\/wp\/v2\/media?parent=1549"}],"wp:term":[{"taxonomy":"category","embeddable":true,"href":"https:\/\/agora.xtec.cat\/insagmundet\/wp-json\/wp\/v2\/categories?post=1549"},{"taxonomy":"post_tag","embeddable":true,"href":"https:\/\/agora.xtec.cat\/insagmundet\/wp-json\/wp\/v2\/tags?post=1549"}],"curies":[{"name":"wp","href":"https:\/\/api.w.org\/{rel}","templated":true}]}}