{"id":998,"date":"2022-01-30T13:25:30","date_gmt":"2022-01-30T12:25:30","guid":{"rendered":"https:\/\/agora.xtec.cat\/insaferrer\/?p=998"},"modified":"2022-07-31T10:37:57","modified_gmt":"2022-07-31T08:37:57","slug":"dia-escolar-de-la-no-violencia-i-la-pau-a-linstitut","status":"publish","type":"post","link":"https:\/\/agora.xtec.cat\/insaferrer\/general\/dia-escolar-de-la-no-violencia-i-la-pau-a-linstitut\/","title":{"rendered":"Dia Escolar de la No-viol\u00e8ncia i la Pau a l&#8217;institut"},"content":{"rendered":"<p>A les comissions d&#8217;actualitat i de xarxes socials hem fet una proposta pel <strong>Dia Escolar de la No-viol\u00e8ncia i la Pau<\/strong> (DENIP). Els membres de la comissi\u00f3 d\u2019actualitat han fet una presentaci\u00f3 i han donat uns post-its a tot l\u2019alumnat, cadasc\u00fa ha posat que vol dir la pau per elles i ells. Hem fet un mural conjunt.<\/p>\n<p>La comissi\u00f3 de xarxes hem fet el seg\u00fcent v\u00eddeo on teniu el resultat.<\/p>\n<p><iframe loading=\"lazy\" title=\"Dia Escolar de la No-viol\u00e8ncia i la Pau (DENIP) a l&#039;Institut Angeleta Ferrer\" width=\"500\" height=\"281\" src=\"https:\/\/www.youtube.com\/embed\/HhB8L3iVbXM?feature=oembed\" frameborder=\"0\" allow=\"accelerometer; autoplay; clipboard-write; encrypted-media; gyroscope; picture-in-picture; web-share\" referrerpolicy=\"strict-origin-when-cross-origin\" allowfullscreen><\/iframe><\/p>\n<p>Tal com explica la Viquip\u00e8dia, el <strong>Dia Escolar de la No-viol\u00e8ncia i la Pau (DENIP)<\/strong> fou instaurat l&#8217;any 1964 pel poeta i educador mallorqu\u00ed Lloren\u00e7 Vidal Vidal, i \u00e9s una iniciativa d&#8217;Educaci\u00f3 No-violenta i Pacificadora, difosa internacionalment. Se celebra a moltes escoles de tot el m\u00f3n el 30 de gener que \u00e9s l&#8217;aniversari de la mort de Mahatma Gandhi.<\/p>\n<p>El DENIP propugna una educaci\u00f3 permanent en i per a la conc\u00f2rdia, la toler\u00e0ncia, la solidaritat, el respecte als drets humans, la no-viol\u00e8ncia i la pau. El seu missatge b\u00e0sic diu: &#8220;<strong>Amor universal, No-viol\u00e8ncia i Pau. L&#8217;Amor universal \u00e9s millor que l&#8217;egoisme, la No-viol\u00e8ncia \u00e9s millor que la viol\u00e8ncia i la Pau \u00e9s millor que la guerra<\/strong>&#8220;.<\/p>\n<p>Teo Castell\u00f3, en nom de la Comissi\u00f3 de xarxes.<\/p>\n","protected":false},"excerpt":{"rendered":"<p>A les comissions d&#8217;actualitat i de xarxes socials hem fet una proposta pel Dia Escolar de la No-viol\u00e8ncia i la Pau (DENIP). Els membres de la comissi\u00f3 d\u2019actualitat han fet una presentaci\u00f3 i han donat uns post-its a tot l\u2019alumnat, cadasc\u00fa ha posat que vol&hellip;  <a href=\"https:\/\/agora.xtec.cat\/insaferrer\/general\/dia-escolar-de-la-no-violencia-i-la-pau-a-linstitut\/\" title=\"Read Dia Escolar de la No-viol\u00e8ncia i la Pau a l&#8217;institut\">Llegeix m\u00e9s\u00bb<\/a><\/p>\n","protected":false},"author":1,"featured_media":999,"comment_status":"closed","ping_status":"closed","sticky":false,"template":"","format":"standard","meta":{"_bbp_topic_count":0,"_bbp_reply_count":0,"_bbp_total_topic_count":0,"_bbp_total_reply_count":0,"_bbp_voice_count":0,"_bbp_anonymous_reply_count":0,"_bbp_topic_count_hidden":0,"_bbp_reply_count_hidden":0,"_bbp_forum_subforum_count":0,"footnotes":""},"categories":[124,3,4,1,29],"tags":[123],"class_list":["post-998","post","type-post","status-publish","format-standard","has-post-thumbnail","hentry","category-alumnat","category-eso","category-eso-1","category-general","category-portada","tag-denip"],"post_mailing_queue_ids":[],"_links":{"self":[{"href":"https:\/\/agora.xtec.cat\/insaferrer\/wp-json\/wp\/v2\/posts\/998","targetHints":{"allow":["GET"]}}],"collection":[{"href":"https:\/\/agora.xtec.cat\/insaferrer\/wp-json\/wp\/v2\/posts"}],"about":[{"href":"https:\/\/agora.xtec.cat\/insaferrer\/wp-json\/wp\/v2\/types\/post"}],"author":[{"embeddable":true,"href":"https:\/\/agora.xtec.cat\/insaferrer\/wp-json\/wp\/v2\/users\/1"}],"replies":[{"embeddable":true,"href":"https:\/\/agora.xtec.cat\/insaferrer\/wp-json\/wp\/v2\/comments?post=998"}],"version-history":[{"count":3,"href":"https:\/\/agora.xtec.cat\/insaferrer\/wp-json\/wp\/v2\/posts\/998\/revisions"}],"predecessor-version":[{"id":1002,"href":"https:\/\/agora.xtec.cat\/insaferrer\/wp-json\/wp\/v2\/posts\/998\/revisions\/1002"}],"wp:featuredmedia":[{"embeddable":true,"href":"https:\/\/agora.xtec.cat\/insaferrer\/wp-json\/wp\/v2\/media\/999"}],"wp:attachment":[{"href":"https:\/\/agora.xtec.cat\/insaferrer\/wp-json\/wp\/v2\/media?parent=998"}],"wp:term":[{"taxonomy":"category","embeddable":true,"href":"https:\/\/agora.xtec.cat\/insaferrer\/wp-json\/wp\/v2\/categories?post=998"},{"taxonomy":"post_tag","embeddable":true,"href":"https:\/\/agora.xtec.cat\/insaferrer\/wp-json\/wp\/v2\/tags?post=998"}],"curies":[{"name":"wp","href":"https:\/\/api.w.org\/{rel}","templated":true}]}}