{"id":958,"date":"2022-02-24T12:49:57","date_gmt":"2022-02-24T11:49:57","guid":{"rendered":"https:\/\/agora.xtec.cat\/insaferrer\/?p=958"},"modified":"2022-07-31T10:37:44","modified_gmt":"2022-07-31T08:37:44","slug":"presentacio-del-centre-i-preinscripcio-per-al-curs-2022-2023","status":"publish","type":"post","link":"https:\/\/agora.xtec.cat\/insaferrer\/general\/presentacio-del-centre-i-preinscripcio-per-al-curs-2022-2023\/","title":{"rendered":"Presentaci\u00f3 del centre i preinscripci\u00f3 per al curs 2022-2023"},"content":{"rendered":"<p>Volem donar les gr\u00e0cies a totes les persones que s&#8217;han interessat en el nostre centre i han assistit a les portes obertes. Aprofitem tamb\u00e9 per agrair la participaci\u00f3 de les fam\u00edlies del centre, dels delegats de l&#8217;alumnat i del BIST, que ens ha fet un petit v\u00eddeo amb l&#8217;alumnat. <strong>Moltes gr\u00e0cies a tothom!<\/strong><\/p>\n<p>La preinscripci\u00f3 a l&#8217;Educaci\u00f3 Secund\u00e0ria Obligat\u00f2ria es far\u00e0 <strong>del 9 al 21 de mar\u00e7\u00a0<\/strong>i <span style=\"color: #ff0000;\"><strong>nom\u00e9s en l\u00ednia<\/strong><\/span>, no als centres educatius. Tot i que actualment encara no est\u00e0 operativa, es realitzar\u00e0 en aquest enlla\u00e7 del Departament d&#8217;Educaci\u00f3: <strong><a href=\"https:\/\/preinscripcio.gencat.cat\/ca\/estudis\/eso\/inici\/\">web de preinscripci\u00f3 a l&#8217;ESO<\/a>.\u00a0<\/strong><\/p>\n<p>Informaci\u00f3 per a la preinscripci\u00f3 del Consorci d&#8217;educaci\u00f3: <a href=\"https:\/\/agora.xtec.cat\/insaferrer\/wp-content\/uploads\/usu2510\/2022\/02\/CONSORCI-Informacions-preinscripcio-ESO.pdf\">CONSORCI &#8211; Informacions preinscripci\u00f3 ESO<\/a><\/p>\n<p>Compartim amb vosaltres la presentaci\u00f3 que va acompanyar les explicacions de la jornada de portes obertes de l&#8217;Institut.<\/p>\n<p><iframe loading=\"lazy\" src=\"https:\/\/docs.google.com\/presentation\/d\/e\/2PACX-1vT9J_ng3MGtLjEBtzUfnR4ljBRF5-ODHJVhABt1VrjiDXKsKfiIJtfVnxBCzMKyhGqtC64ghiqQFTn9\/embed?start=true&amp;loop=false&amp;delayms=5000\" width=\"1040\" height=\"749\" frameborder=\"0\" allowfullscreen=\"allowfullscreen\"><\/iframe><\/p>\n","protected":false},"excerpt":{"rendered":"<p>Volem donar les gr\u00e0cies a totes les persones que s&#8217;han interessat en el nostre centre i han assistit a les portes obertes. Aprofitem tamb\u00e9 per agrair la participaci\u00f3 de les fam\u00edlies del centre, dels delegats de l&#8217;alumnat i del BIST, que ens ha fet un&hellip;  <a href=\"https:\/\/agora.xtec.cat\/insaferrer\/general\/presentacio-del-centre-i-preinscripcio-per-al-curs-2022-2023\/\" title=\"Read Presentaci\u00f3 del centre i preinscripci\u00f3 per al curs 2022-2023\">Llegeix m\u00e9s\u00bb<\/a><\/p>\n","protected":false},"author":1,"featured_media":964,"comment_status":"closed","ping_status":"closed","sticky":false,"template":"","format":"standard","meta":{"_bbp_topic_count":0,"_bbp_reply_count":0,"_bbp_total_topic_count":0,"_bbp_total_reply_count":0,"_bbp_voice_count":0,"_bbp_anonymous_reply_count":0,"_bbp_topic_count_hidden":0,"_bbp_reply_count_hidden":0,"_bbp_forum_subforum_count":0,"footnotes":""},"categories":[31,3,4,1,29],"tags":[120],"class_list":["post-958","post","type-post","status-publish","format-standard","has-post-thumbnail","hentry","category-afa","category-eso","category-eso-1","category-general","category-portada","tag-portes-obertes"],"post_mailing_queue_ids":[],"_links":{"self":[{"href":"https:\/\/agora.xtec.cat\/insaferrer\/wp-json\/wp\/v2\/posts\/958","targetHints":{"allow":["GET"]}}],"collection":[{"href":"https:\/\/agora.xtec.cat\/insaferrer\/wp-json\/wp\/v2\/posts"}],"about":[{"href":"https:\/\/agora.xtec.cat\/insaferrer\/wp-json\/wp\/v2\/types\/post"}],"author":[{"embeddable":true,"href":"https:\/\/agora.xtec.cat\/insaferrer\/wp-json\/wp\/v2\/users\/1"}],"replies":[{"embeddable":true,"href":"https:\/\/agora.xtec.cat\/insaferrer\/wp-json\/wp\/v2\/comments?post=958"}],"version-history":[{"count":3,"href":"https:\/\/agora.xtec.cat\/insaferrer\/wp-json\/wp\/v2\/posts\/958\/revisions"}],"predecessor-version":[{"id":965,"href":"https:\/\/agora.xtec.cat\/insaferrer\/wp-json\/wp\/v2\/posts\/958\/revisions\/965"}],"wp:featuredmedia":[{"embeddable":true,"href":"https:\/\/agora.xtec.cat\/insaferrer\/wp-json\/wp\/v2\/media\/964"}],"wp:attachment":[{"href":"https:\/\/agora.xtec.cat\/insaferrer\/wp-json\/wp\/v2\/media?parent=958"}],"wp:term":[{"taxonomy":"category","embeddable":true,"href":"https:\/\/agora.xtec.cat\/insaferrer\/wp-json\/wp\/v2\/categories?post=958"},{"taxonomy":"post_tag","embeddable":true,"href":"https:\/\/agora.xtec.cat\/insaferrer\/wp-json\/wp\/v2\/tags?post=958"}],"curies":[{"name":"wp","href":"https:\/\/api.w.org\/{rel}","templated":true}]}}