{"id":944,"date":"2022-02-01T12:57:23","date_gmt":"2022-02-01T11:57:23","guid":{"rendered":"https:\/\/agora.xtec.cat\/insaferrer\/?p=944"},"modified":"2022-02-09T09:26:07","modified_gmt":"2022-02-09T08:26:07","slug":"portes-obertes-per-al-curs-2022-2023","status":"publish","type":"post","link":"https:\/\/agora.xtec.cat\/insaferrer\/general\/portes-obertes-per-al-curs-2022-2023\/","title":{"rendered":"Portes obertes per al curs 2022\/2023"},"content":{"rendered":"<p>Per tal de con\u00e8ixer l&#8217;oferta educativa i el projecte educatiu de l&#8217;institut Angeleta Ferrer, el <strong>dimecres\u00a023 de febrer<\/strong>, l&#8217;equip docent i la comunitat educativa de l&#8217;institut farem una Jornada de portes obertes. La jornada de portes obertes est\u00e0 adre\u00e7ada a totes les fam\u00edlies que tinguin inter\u00e8s en el nostre centre i vulguin <strong>cursar 1r d&#8217;ESO<\/strong> amb nosaltres el curs 2022\/2023.<\/p>\n<figure class=\"figure wp-caption aligncenter\"><img loading=\"lazy\" decoding=\"async\" class=\" wp-image-947\" src=\"https:\/\/agora.xtec.cat\/insaferrer\/wp-content\/uploads\/usu2510\/2022\/02\/angeleta2022.png\" alt=\"Edifici del centre en construcci\u00f3\" width=\"418\" height=\"286\" srcset=\"https:\/\/agora.xtec.cat\/insaferrer\/wp-content\/uploads\/usu2510\/2022\/02\/angeleta2022.png 1001w, https:\/\/agora.xtec.cat\/insaferrer\/wp-content\/uploads\/usu2510\/2022\/02\/angeleta2022-300x205.png 300w, https:\/\/agora.xtec.cat\/insaferrer\/wp-content\/uploads\/usu2510\/2022\/02\/angeleta2022-768x526.png 768w\" sizes=\"auto, (max-width: 418px) 100vw, 418px\" \/><figcaption class=\"wp-caption-text\">Edifici del centre en construcci\u00f3.<\/figcaption><\/figure>\n<p>Actualment, el centre es troba en una ubicaci\u00f3 provisional i est\u00e0 previst que el curs vinent ja es desenvolupi en el nou edifici del carrer Marina. Com que les obres no estan finalitzades, no podem accedir a l&#8217;edifici ni mostrar els espais i equipaments. Degut tamb\u00e9 a la situaci\u00f3 COVID que estem patint als centres, <strong>les portes obertes es duran a terme telem\u00e0ticament.<\/strong><\/p>\n<p style=\"padding-left: 40px;\"><strong>Portes obertes telem\u00e0tiques<\/strong><br \/>\n<strong>Dimecres 23 de febrer, a les 18:00 h<\/strong><br \/>\n<strong>Inscripci\u00f3 necess\u00e0ria: <\/strong><a href=\"https:\/\/us02web.zoom.us\/meeting\/register\/tZcuc-6grT4jGtSKz9WIilVeT3F9-y6zbm9J\"><em>enlla\u00e7 a la sessi\u00f3 virtual<\/em><\/a><\/p>\n<p>Tamb\u00e9 per la impossibilitat d&#8217;acc\u00e9s al nou edifici i la situaci\u00f3 COVID, celebrarem trobades virtuals entre els docents i <strong>l&#8217;alumnat de 1r d&#8217;ESO i l&#8217;alumnat de sis\u00e8 de les escoles adscrites<\/strong>: Escola Ramon Llull, Escola Tabor, Escola Fort Pienc i Escola dels Encants. Aquestes trobades es realitzaran abans de la Jornada de portes obertes i les estem organitzant directament amb les escoles.<\/p>\n","protected":false},"excerpt":{"rendered":"<p>Per tal de con\u00e8ixer l&#8217;oferta educativa i el projecte educatiu de l&#8217;institut Angeleta Ferrer, el dimecres\u00a023 de febrer, l&#8217;equip docent i la comunitat educativa de l&#8217;institut farem una Jornada de portes obertes. La jornada de portes obertes est\u00e0 adre\u00e7ada a totes les fam\u00edlies que tinguin&hellip;  <a href=\"https:\/\/agora.xtec.cat\/insaferrer\/general\/portes-obertes-per-al-curs-2022-2023\/\" title=\"Read Portes obertes per al curs 2022\/2023\">Llegeix m\u00e9s\u00bb<\/a><\/p>\n","protected":false},"author":1,"featured_media":947,"comment_status":"closed","ping_status":"closed","sticky":false,"template":"","format":"standard","meta":{"_bbp_topic_count":0,"_bbp_reply_count":0,"_bbp_total_topic_count":0,"_bbp_total_reply_count":0,"_bbp_voice_count":0,"_bbp_anonymous_reply_count":0,"_bbp_topic_count_hidden":0,"_bbp_reply_count_hidden":0,"_bbp_forum_subforum_count":0,"footnotes":""},"categories":[31,3,1,29],"tags":[120],"class_list":["post-944","post","type-post","status-publish","format-standard","has-post-thumbnail","hentry","category-afa","category-eso","category-general","category-portada","tag-portes-obertes"],"post_mailing_queue_ids":[],"_links":{"self":[{"href":"https:\/\/agora.xtec.cat\/insaferrer\/wp-json\/wp\/v2\/posts\/944","targetHints":{"allow":["GET"]}}],"collection":[{"href":"https:\/\/agora.xtec.cat\/insaferrer\/wp-json\/wp\/v2\/posts"}],"about":[{"href":"https:\/\/agora.xtec.cat\/insaferrer\/wp-json\/wp\/v2\/types\/post"}],"author":[{"embeddable":true,"href":"https:\/\/agora.xtec.cat\/insaferrer\/wp-json\/wp\/v2\/users\/1"}],"replies":[{"embeddable":true,"href":"https:\/\/agora.xtec.cat\/insaferrer\/wp-json\/wp\/v2\/comments?post=944"}],"version-history":[{"count":4,"href":"https:\/\/agora.xtec.cat\/insaferrer\/wp-json\/wp\/v2\/posts\/944\/revisions"}],"predecessor-version":[{"id":954,"href":"https:\/\/agora.xtec.cat\/insaferrer\/wp-json\/wp\/v2\/posts\/944\/revisions\/954"}],"wp:featuredmedia":[{"embeddable":true,"href":"https:\/\/agora.xtec.cat\/insaferrer\/wp-json\/wp\/v2\/media\/947"}],"wp:attachment":[{"href":"https:\/\/agora.xtec.cat\/insaferrer\/wp-json\/wp\/v2\/media?parent=944"}],"wp:term":[{"taxonomy":"category","embeddable":true,"href":"https:\/\/agora.xtec.cat\/insaferrer\/wp-json\/wp\/v2\/categories?post=944"},{"taxonomy":"post_tag","embeddable":true,"href":"https:\/\/agora.xtec.cat\/insaferrer\/wp-json\/wp\/v2\/tags?post=944"}],"curies":[{"name":"wp","href":"https:\/\/api.w.org\/{rel}","templated":true}]}}