{"id":892,"date":"2021-12-28T22:26:22","date_gmt":"2021-12-28T21:26:22","guid":{"rendered":"https:\/\/agora.xtec.cat\/insaferrer\/?p=892"},"modified":"2022-07-31T10:38:30","modified_gmt":"2022-07-31T08:38:30","slug":"exhibicio-publica-de-sobre-el-telo","status":"publish","type":"post","link":"https:\/\/agora.xtec.cat\/insaferrer\/general\/exhibicio-publica-de-sobre-el-telo\/","title":{"rendered":"Exhibici\u00f3 p\u00fablica de &#8220;S&#8217;obre el tel\u00f3&#8221;"},"content":{"rendered":"<p>El passat dilluns 13 de desembre vam fer l&#8217;exhibici\u00f3 p\u00fablica a les fam\u00edlies de l&#8217;espectacle de titelles realitzat per l&#8217;alumnat de 1r d&#8217;ESO en el marc del projecte &#8220;S&#8217;obre el tel\u00f3&#8221;.<\/p>\n<p>Cinc espais per dur a terme quinze representacions \u00faniques d&#8217;una obra ideada, escrita i representada per l&#8217;alumnat de 1r d&#8217;ESO i feta amb titelles. Per l&#8217;ocasi\u00f3 vam comptar amb 5 teatrins constru\u00efts pel mateix alumnat i una il\u00b7luminaci\u00f3 de luxe.<\/p>\n<p>Per comunicar l&#8217;exhibici\u00f3, l&#8217;alumnat va idear una invitaci\u00f3 que es va enviar per correu electr\u00f2nic a les fam\u00edlies i un programa de m\u00e0 en format de tr\u00edptic que es va lliurar el dia de l&#8217;exhibici\u00f3.<\/p>\n<p><span style=\"font-family: inherit; font-size: 1em;\">Per arribar a l&#8217;espectacle de titelles, l&#8217;alumnat ha hagut de crear la hist\u00f2ria. Recordem que cada gui\u00f3 havia de contenir un concepte matem\u00e0tic. Tota la creaci\u00f3 ha estat realitzada per l&#8217;alumnat: disseny i construcci\u00f3 dels personatges amb diferents t\u00e8cniques (paper maix\u00e9, titelles de roba, siluetes de cartr\u00f3&#8230;), construir els teatrins, assajar&#8230;<\/span><\/p>\n<table style=\"border-collapse: collapse; width: 100%;\">\n<tbody>\n<tr>\n<td style=\"width: 50%;\"><span style=\"font-family: inherit; font-size: 1em;\"><a href=\"https:\/\/agora.xtec.cat\/insaferrer\/wp-content\/uploads\/usu2510\/2021\/12\/Sobre-el-telo\u0301-4-scaled.jpg\"><img loading=\"lazy\" decoding=\"async\" class=\"alignnone size-large wp-image-909\" src=\"https:\/\/agora.xtec.cat\/insaferrer\/wp-content\/uploads\/usu2510\/2021\/12\/Sobre-el-telo\u0301-4-1024x724.jpg\" alt=\"\" width=\"1024\" height=\"724\" srcset=\"https:\/\/agora.xtec.cat\/insaferrer\/wp-content\/uploads\/usu2510\/2021\/12\/Sobre-el-telo\u0301-4-1024x724.jpg 1024w, https:\/\/agora.xtec.cat\/insaferrer\/wp-content\/uploads\/usu2510\/2021\/12\/Sobre-el-telo\u0301-4-300x212.jpg 300w, https:\/\/agora.xtec.cat\/insaferrer\/wp-content\/uploads\/usu2510\/2021\/12\/Sobre-el-telo\u0301-4-768x543.jpg 768w, https:\/\/agora.xtec.cat\/insaferrer\/wp-content\/uploads\/usu2510\/2021\/12\/Sobre-el-telo\u0301-4-1536x1086.jpg 1536w, https:\/\/agora.xtec.cat\/insaferrer\/wp-content\/uploads\/usu2510\/2021\/12\/Sobre-el-telo\u0301-4-2048x1448.jpg 2048w\" sizes=\"auto, (max-width: 1024px) 100vw, 1024px\" \/><\/a><\/span><\/td>\n<td style=\"width: 50%;\"><a href=\"https:\/\/agora.xtec.cat\/insaferrer\/wp-content\/uploads\/usu2510\/2021\/12\/Sobre-el-telo\u0301-4--scaled.jpg\"><img loading=\"lazy\" decoding=\"async\" class=\"alignnone size-large wp-image-910\" src=\"https:\/\/agora.xtec.cat\/insaferrer\/wp-content\/uploads\/usu2510\/2021\/12\/Sobre-el-telo\u0301-4--1024x724.jpg\" alt=\"\" width=\"1024\" height=\"724\" srcset=\"https:\/\/agora.xtec.cat\/insaferrer\/wp-content\/uploads\/usu2510\/2021\/12\/Sobre-el-telo\u0301-4--1024x724.jpg 1024w, https:\/\/agora.xtec.cat\/insaferrer\/wp-content\/uploads\/usu2510\/2021\/12\/Sobre-el-telo\u0301-4--300x212.jpg 300w, https:\/\/agora.xtec.cat\/insaferrer\/wp-content\/uploads\/usu2510\/2021\/12\/Sobre-el-telo\u0301-4--768x543.jpg 768w, https:\/\/agora.xtec.cat\/insaferrer\/wp-content\/uploads\/usu2510\/2021\/12\/Sobre-el-telo\u0301-4--1536x1086.jpg 1536w, https:\/\/agora.xtec.cat\/insaferrer\/wp-content\/uploads\/usu2510\/2021\/12\/Sobre-el-telo\u0301-4--2048x1448.jpg 2048w\" sizes=\"auto, (max-width: 1024px) 100vw, 1024px\" \/><\/a><\/td>\n<\/tr>\n<\/tbody>\n<\/table>\n<p>Us detallem les quinze obres representades i una breu sinopsi de cadascuna:<\/p>\n<p>Sala 1:<\/p>\n<ul>\n<li><em><strong>La venjan\u00e7a de Willy <\/strong>&#8220;Uns universitaris li roben una tesi a un amic seu i ell es venja, llavors els crida per a menjar i quan arriben els fica a una habitaci\u00f3 i dins hauran de passar unes proves matem\u00e0tiques.&#8221;<\/em><\/li>\n<li><em><strong>Un aniversari ple de n\u00fameros <\/strong>&#8220;\u00c9s l&#8217;aniversari de Haley i per celebrar-ho van a un scaperoom de terror, per\u00f2 no s&#8217;equivoquen de porta i entren a un de matem\u00e0tiques. Si volen escapar hauran de resoldre molts problemes matem\u00e0tics. Sort!<\/em><\/li>\n<li><span style=\"font-weight: 400;\"><em><strong>Les proves d\u2019intel\u00b7lig\u00e8ncia<\/strong><\/em> <em>&#8220;Un policia \u00e9s raptat per un grup d&#8217;amics, per poder escapar haur\u00e0 de superar un gran nombre de proves matem\u00e0tiques.<\/em><\/span><\/li>\n<\/ul>\n<p>Sala 2:<\/p>\n<ul>\n<li><em><strong>Les aventures d&#8217;Arbi <\/strong>&#8220;\u00c9s un nen molt pobre que empr\u00e8n un viatge cap a un temple per aconseguir una joia&#8221;<\/em><\/li>\n<li><strong><em>Vull sortir<\/em><\/strong> <em>&#8220;Quatre nens de dotze anys entren a un scaperoom i un rus malvat els vol capturar&#8221;.<\/em><\/li>\n<li><em><strong>Atrapats <\/strong>&#8220;Uns amics estan atrapats en un vell castell i han de resoldre unes endevinalles matem\u00e0tiques per a poder sortir&#8221;<\/em><\/li>\n<\/ul>\n<p>Sala 3:<\/p>\n<ul>\n<li><em><strong>La bomba <\/strong>&#8220;Uns nens decideixen fer una broma a un amic seu. A\u00a0 partir d&#8217;aquest moment viuran moltes aventures&#8221;<\/em><\/li>\n<li><em><strong>L&#8217;enigma de la classe de mates <\/strong>&#8220;Un grup d&#8217;amics descobreixen que darrere de la pissarra de la classe hi ha alguna cosa estranya, qu\u00e8 ser\u00e0?&#8221;<\/em><\/li>\n<li><em><strong>La pir\u00e0mide <\/strong>&#8220;Un home es queda atrapat dintre d&#8217;una pir\u00e0mide. Per poder sortir s&#8217;haur\u00e0 d&#8217;enfrontar a una s\u00e8rie d&#8217;enigmes&#8221;.<\/em><\/li>\n<\/ul>\n<p>Sala 4:<\/p>\n<ul>\n<li><em><strong>El futbol i les matem\u00e0tiques no quadren <\/strong>&#8220;Un nen i una nena, durant els anys setanta, gaudeixen del futbol. Per\u00f2, naturalment, a la noia no la deixen fer tot el que desitja i al noi no li surt tot com esperava&#8221;.<\/em><\/li>\n<li><span style=\"font-weight: 400;\"><em><strong>Scapewater<\/strong><\/em> <em>&#8220;Quatre alumnes de batxillerat suspenen un examen i per repetir-lo han d&#8217;anar a un casalot. El problema \u00e9s que quan entren ja no poden sortir&#8221;<\/em><\/span><\/li>\n<li><em><strong>Les aventures d\u2019Spider-mats <\/strong>&#8220;Uns dolents posen una bomba i el spider-mats i la seva acompanyant Carlota desactiven la bomba i en el cam\u00ed troben perills.<\/em><\/li>\n<\/ul>\n<p>Sala 5:<\/p>\n<ul>\n<li><em><strong>El descobriment dels nombres egipcis i romans <\/strong>&#8220;Quatre amics arque\u00f2legs, l&#8217;any 1812, han de dur a terme una missi\u00f3 a Egipte per a explorar unes pir\u00e0mides abandonades. Viuran moltes aventures&#8221;.<\/em><\/li>\n<li><em><strong>La lluita per la beca <\/strong>&#8220;Tres estudiants competeixen per una beca completa en la universitat d&#8217;Oxford. Per aconseguir-la han de fer una presentaci\u00f3 sobre algun tema matem\u00e0tic. La professora t\u00e9 molt problemes per decidir qui ser\u00e0 el guanyador\/a&#8221;.<\/em><\/li>\n<li><span style=\"font-weight: 400;\"><em><strong>Enigma num\u00e8ric<\/strong><\/em> <em>&#8220;Una dona est\u00e0 molt malalta i el seu marit ha de resoldre un enigma per a poder salvar-la!<\/em><\/span><\/li>\n<\/ul>\n<p>A continuaci\u00f3 podeu veure algunes imatges del dia de la representaci\u00f3 a les diferents sales :<\/p>\n\n<p>&nbsp;<\/p>\n","protected":false},"excerpt":{"rendered":"<p>El passat dilluns 13 de desembre vam fer l&#8217;exhibici\u00f3 p\u00fablica a les fam\u00edlies de l&#8217;espectacle de titelles realitzat per l&#8217;alumnat de 1r d&#8217;ESO en el marc del projecte &#8220;S&#8217;obre el tel\u00f3&#8221;.<br \/>\nCinc espais per dur a terme quinze representacions \u00faniques d&#8217;una obra ideada, escrita i representada&hellip;  <a href=\"https:\/\/agora.xtec.cat\/insaferrer\/general\/exhibicio-publica-de-sobre-el-telo\/\" title=\"Read Exhibici\u00f3 p\u00fablica de &#8220;S&#8217;obre el tel\u00f3&#8221;\">Llegeix m\u00e9s\u00bb<\/a><\/p>\n","protected":false},"author":1,"featured_media":895,"comment_status":"closed","ping_status":"closed","sticky":false,"template":"","format":"standard","meta":{"_bbp_topic_count":0,"_bbp_reply_count":0,"_bbp_total_topic_count":0,"_bbp_total_reply_count":0,"_bbp_voice_count":0,"_bbp_anonymous_reply_count":0,"_bbp_topic_count_hidden":0,"_bbp_reply_count_hidden":0,"_bbp_forum_subforum_count":0,"footnotes":""},"categories":[3,4,1,29],"tags":[107,122,111,108,119,118],"class_list":["post-892","post","type-post","status-publish","format-standard","has-post-thumbnail","hentry","category-eso","category-eso-1","category-general","category-portada","tag-1r-eso","tag-abp","tag-alumnat","tag-angeleta-ferrer","tag-projecte-dambit","tag-sobre-el-telo"],"post_mailing_queue_ids":[],"_links":{"self":[{"href":"https:\/\/agora.xtec.cat\/insaferrer\/wp-json\/wp\/v2\/posts\/892","targetHints":{"allow":["GET"]}}],"collection":[{"href":"https:\/\/agora.xtec.cat\/insaferrer\/wp-json\/wp\/v2\/posts"}],"about":[{"href":"https:\/\/agora.xtec.cat\/insaferrer\/wp-json\/wp\/v2\/types\/post"}],"author":[{"embeddable":true,"href":"https:\/\/agora.xtec.cat\/insaferrer\/wp-json\/wp\/v2\/users\/1"}],"replies":[{"embeddable":true,"href":"https:\/\/agora.xtec.cat\/insaferrer\/wp-json\/wp\/v2\/comments?post=892"}],"version-history":[{"count":3,"href":"https:\/\/agora.xtec.cat\/insaferrer\/wp-json\/wp\/v2\/posts\/892\/revisions"}],"predecessor-version":[{"id":913,"href":"https:\/\/agora.xtec.cat\/insaferrer\/wp-json\/wp\/v2\/posts\/892\/revisions\/913"}],"wp:featuredmedia":[{"embeddable":true,"href":"https:\/\/agora.xtec.cat\/insaferrer\/wp-json\/wp\/v2\/media\/895"}],"wp:attachment":[{"href":"https:\/\/agora.xtec.cat\/insaferrer\/wp-json\/wp\/v2\/media?parent=892"}],"wp:term":[{"taxonomy":"category","embeddable":true,"href":"https:\/\/agora.xtec.cat\/insaferrer\/wp-json\/wp\/v2\/categories?post=892"},{"taxonomy":"post_tag","embeddable":true,"href":"https:\/\/agora.xtec.cat\/insaferrer\/wp-json\/wp\/v2\/tags?post=892"}],"curies":[{"name":"wp","href":"https:\/\/api.w.org\/{rel}","templated":true}]}}