{"id":819,"date":"2021-12-22T16:29:01","date_gmt":"2021-12-22T15:29:01","guid":{"rendered":"https:\/\/agora.xtec.cat\/insaferrer\/?p=819"},"modified":"2022-07-31T10:38:48","modified_gmt":"2022-07-31T08:38:48","slug":"bones-festes-i-bon-any-2022","status":"publish","type":"post","link":"https:\/\/agora.xtec.cat\/insaferrer\/general\/bones-festes-i-bon-any-2022\/","title":{"rendered":"Bones Festes i Bon any 2022!"},"content":{"rendered":"<p><img loading=\"lazy\" decoding=\"async\" class=\"aligncenter wp-image-820 size-large\" src=\"https:\/\/agora.xtec.cat\/insaferrer\/wp-content\/uploads\/usu2510\/2021\/12\/FHOFdQlWQAUhAZC-1024x722.jpeg\" alt=\"Bones Festes i Bon any 2022.\" width=\"1024\" height=\"722\" srcset=\"https:\/\/agora.xtec.cat\/insaferrer\/wp-content\/uploads\/usu2510\/2021\/12\/FHOFdQlWQAUhAZC-1024x722.jpeg 1024w, https:\/\/agora.xtec.cat\/insaferrer\/wp-content\/uploads\/usu2510\/2021\/12\/FHOFdQlWQAUhAZC-300x211.jpeg 300w, https:\/\/agora.xtec.cat\/insaferrer\/wp-content\/uploads\/usu2510\/2021\/12\/FHOFdQlWQAUhAZC-768x541.jpeg 768w, https:\/\/agora.xtec.cat\/insaferrer\/wp-content\/uploads\/usu2510\/2021\/12\/FHOFdQlWQAUhAZC-1536x1083.jpeg 1536w, https:\/\/agora.xtec.cat\/insaferrer\/wp-content\/uploads\/usu2510\/2021\/12\/FHOFdQlWQAUhAZC-2048x1443.jpeg 2048w\" sizes=\"auto, (max-width: 1024px) 100vw, 1024px\" \/><\/p>\n<p>La imatge d&#8217;aquesta postal de Nadal, \u00e9s un extret de la creaci\u00f3 <em>&#8220;Els relleus del nostres rostres&#8221;. <\/em>Una creaci\u00f3 sorgida de l&#8217;exposici\u00f3 <em>Qui soc, com som. S<\/em>on els perfils dels rostres dels 60 alumnes mirant cap amunt. Tots aquests perfils creen un relleu, un sistema muntany\u00f3s de la comunitat Angeleta Ferrer.<\/p>\n","protected":false},"excerpt":{"rendered":"<p>La imatge d&#8217;aquesta postal de Nadal, \u00e9s un extret de la creaci\u00f3 &#8220;Els relleus del nostres rostres&#8221;. Una creaci\u00f3 sorgida de l&#8217;exposici\u00f3 Qui soc, com som. Son els perfils dels rostres dels 60 alumnes mirant cap amunt. Tots aquests perfils creen un relleu, un sistema&hellip;  <a href=\"https:\/\/agora.xtec.cat\/insaferrer\/general\/bones-festes-i-bon-any-2022\/\" title=\"Read Bones Festes i Bon any 2022!\">Llegeix m\u00e9s\u00bb<\/a><\/p>\n","protected":false},"author":1,"featured_media":820,"comment_status":"open","ping_status":"closed","sticky":false,"template":"","format":"standard","meta":{"_bbp_topic_count":0,"_bbp_reply_count":0,"_bbp_total_topic_count":0,"_bbp_total_reply_count":0,"_bbp_voice_count":0,"_bbp_anonymous_reply_count":0,"_bbp_topic_count_hidden":0,"_bbp_reply_count_hidden":0,"_bbp_forum_subforum_count":0,"footnotes":""},"categories":[31,1,29],"tags":[107,108,106],"class_list":["post-819","post","type-post","status-publish","format-standard","has-post-thumbnail","hentry","category-afa","category-general","category-portada","tag-1r-eso","tag-angeleta-ferrer","tag-families"],"post_mailing_queue_ids":[],"_links":{"self":[{"href":"https:\/\/agora.xtec.cat\/insaferrer\/wp-json\/wp\/v2\/posts\/819","targetHints":{"allow":["GET"]}}],"collection":[{"href":"https:\/\/agora.xtec.cat\/insaferrer\/wp-json\/wp\/v2\/posts"}],"about":[{"href":"https:\/\/agora.xtec.cat\/insaferrer\/wp-json\/wp\/v2\/types\/post"}],"author":[{"embeddable":true,"href":"https:\/\/agora.xtec.cat\/insaferrer\/wp-json\/wp\/v2\/users\/1"}],"replies":[{"embeddable":true,"href":"https:\/\/agora.xtec.cat\/insaferrer\/wp-json\/wp\/v2\/comments?post=819"}],"version-history":[{"count":3,"href":"https:\/\/agora.xtec.cat\/insaferrer\/wp-json\/wp\/v2\/posts\/819\/revisions"}],"predecessor-version":[{"id":889,"href":"https:\/\/agora.xtec.cat\/insaferrer\/wp-json\/wp\/v2\/posts\/819\/revisions\/889"}],"wp:featuredmedia":[{"embeddable":true,"href":"https:\/\/agora.xtec.cat\/insaferrer\/wp-json\/wp\/v2\/media\/820"}],"wp:attachment":[{"href":"https:\/\/agora.xtec.cat\/insaferrer\/wp-json\/wp\/v2\/media?parent=819"}],"wp:term":[{"taxonomy":"category","embeddable":true,"href":"https:\/\/agora.xtec.cat\/insaferrer\/wp-json\/wp\/v2\/categories?post=819"},{"taxonomy":"post_tag","embeddable":true,"href":"https:\/\/agora.xtec.cat\/insaferrer\/wp-json\/wp\/v2\/tags?post=819"}],"curies":[{"name":"wp","href":"https:\/\/api.w.org\/{rel}","templated":true}]}}