{"id":805,"date":"2021-12-21T11:02:04","date_gmt":"2021-12-21T10:02:04","guid":{"rendered":"https:\/\/agora.xtec.cat\/insaferrer\/?p=805"},"modified":"2022-07-31T10:39:03","modified_gmt":"2022-07-31T08:39:03","slug":"consell-escolar-i-afa","status":"publish","type":"post","link":"https:\/\/agora.xtec.cat\/insaferrer\/general\/consell-escolar-i-afa\/","title":{"rendered":"Consell Escolar i AFA"},"content":{"rendered":"<figure class=\"figure wp-caption aligncenter\"><img loading=\"lazy\" decoding=\"async\" class=\"size-large wp-image-806\" src=\"https:\/\/agora.xtec.cat\/insaferrer\/wp-content\/uploads\/usu2510\/2021\/12\/299a6934-2b77-4409-9ceb-cae83be5060c-1024x576.jpg\" alt=\"Consell Escolar a punt d'estrenar!\" width=\"1024\" height=\"576\" srcset=\"https:\/\/agora.xtec.cat\/insaferrer\/wp-content\/uploads\/usu2510\/2021\/12\/299a6934-2b77-4409-9ceb-cae83be5060c-1024x576.jpg 1024w, https:\/\/agora.xtec.cat\/insaferrer\/wp-content\/uploads\/usu2510\/2021\/12\/299a6934-2b77-4409-9ceb-cae83be5060c-300x169.jpg 300w, https:\/\/agora.xtec.cat\/insaferrer\/wp-content\/uploads\/usu2510\/2021\/12\/299a6934-2b77-4409-9ceb-cae83be5060c-768x432.jpg 768w, https:\/\/agora.xtec.cat\/insaferrer\/wp-content\/uploads\/usu2510\/2021\/12\/299a6934-2b77-4409-9ceb-cae83be5060c-1536x864.jpg 1536w, https:\/\/agora.xtec.cat\/insaferrer\/wp-content\/uploads\/usu2510\/2021\/12\/299a6934-2b77-4409-9ceb-cae83be5060c.jpg 2000w\" sizes=\"auto, (max-width: 1024px) 100vw, 1024px\" \/><figcaption class=\"wp-caption-text\">Consell Escolar a punt d&#8217;estrenar!<\/figcaption><\/figure>\n<p>&nbsp;<\/p>\n<p>El dijous 16 de desembre es va constituir el Consell Escolar del centre, fruit del primer proc\u00e9s electoral realitzat. Es van presentar els seus membres i ja s&#8217;abordaren els primers temes d&#8217;inter\u00e8s com les sortides previstes, l&#8217;\u00fas del m\u00f2bil al centre, les exhibicions p\u00fabliques dels futurs projectes o la participaci\u00f3 del centre en la renovaci\u00f3 del Consell Escolar Municipal del districte (CEMD) i, posteriorment, la del Consell Escolar Municipal de Barcelona (CEMB).<\/p>\n<p>A la mateixa tarda, les fam\u00edlies van organitzar un &#8220;berenar&#8221; per a donar el tret de sortida a la creaci\u00f3 de l&#8217;AFA. Ja s&#8217;est\u00e0 treballant en els seus estatuts i, de moment, les reunions es desenvolupen <em>online<\/em> i s\u2019estan informant a les fam\u00edlies.<\/p>\n<p>Tamb\u00e9 estan comen\u00e7ant a engegar les comissions, aix\u00ed que podem estar contents que la comunitat educativa de l&#8217;institut es va posant en marxa.<\/p>\n","protected":false},"excerpt":{"rendered":"<p>Consell Escolar a punt d&#8217;estrenar!<br \/>\n&nbsp;<br \/>\nEl dijous 16 de desembre es va constituir el Consell Escolar del centre, fruit del primer proc\u00e9s electoral realitzat. Es van presentar els seus membres i ja s&#8217;abordaren els primers temes d&#8217;inter\u00e8s com les sortides previstes, l&#8217;\u00fas del m\u00f2bil al centre,&hellip;  <a href=\"https:\/\/agora.xtec.cat\/insaferrer\/general\/consell-escolar-i-afa\/\" title=\"Read Consell Escolar i AFA\">Llegeix m\u00e9s\u00bb<\/a><\/p>\n","protected":false},"author":1,"featured_media":806,"comment_status":"closed","ping_status":"closed","sticky":false,"template":"","format":"standard","meta":{"_bbp_topic_count":0,"_bbp_reply_count":0,"_bbp_total_topic_count":0,"_bbp_total_reply_count":0,"_bbp_voice_count":0,"_bbp_anonymous_reply_count":0,"_bbp_topic_count_hidden":0,"_bbp_reply_count_hidden":0,"_bbp_forum_subforum_count":0,"footnotes":""},"categories":[31,3,4,1,29],"tags":[114,112],"class_list":["post-805","post","type-post","status-publish","format-standard","has-post-thumbnail","hentry","category-afa","category-eso","category-eso-1","category-general","category-portada","tag-afa","tag-consell-escolar"],"post_mailing_queue_ids":[],"_links":{"self":[{"href":"https:\/\/agora.xtec.cat\/insaferrer\/wp-json\/wp\/v2\/posts\/805","targetHints":{"allow":["GET"]}}],"collection":[{"href":"https:\/\/agora.xtec.cat\/insaferrer\/wp-json\/wp\/v2\/posts"}],"about":[{"href":"https:\/\/agora.xtec.cat\/insaferrer\/wp-json\/wp\/v2\/types\/post"}],"author":[{"embeddable":true,"href":"https:\/\/agora.xtec.cat\/insaferrer\/wp-json\/wp\/v2\/users\/1"}],"replies":[{"embeddable":true,"href":"https:\/\/agora.xtec.cat\/insaferrer\/wp-json\/wp\/v2\/comments?post=805"}],"version-history":[{"count":3,"href":"https:\/\/agora.xtec.cat\/insaferrer\/wp-json\/wp\/v2\/posts\/805\/revisions"}],"predecessor-version":[{"id":818,"href":"https:\/\/agora.xtec.cat\/insaferrer\/wp-json\/wp\/v2\/posts\/805\/revisions\/818"}],"wp:featuredmedia":[{"embeddable":true,"href":"https:\/\/agora.xtec.cat\/insaferrer\/wp-json\/wp\/v2\/media\/806"}],"wp:attachment":[{"href":"https:\/\/agora.xtec.cat\/insaferrer\/wp-json\/wp\/v2\/media?parent=805"}],"wp:term":[{"taxonomy":"category","embeddable":true,"href":"https:\/\/agora.xtec.cat\/insaferrer\/wp-json\/wp\/v2\/categories?post=805"},{"taxonomy":"post_tag","embeddable":true,"href":"https:\/\/agora.xtec.cat\/insaferrer\/wp-json\/wp\/v2\/tags?post=805"}],"curies":[{"name":"wp","href":"https:\/\/api.w.org\/{rel}","templated":true}]}}