{"id":787,"date":"2021-12-10T08:15:29","date_gmt":"2021-12-10T07:15:29","guid":{"rendered":"https:\/\/agora.xtec.cat\/insaferrer\/?p=787"},"modified":"2022-02-26T13:28:04","modified_gmt":"2022-02-26T12:28:04","slug":"25n-a-langeleta","status":"publish","type":"post","link":"https:\/\/agora.xtec.cat\/insaferrer\/general\/25n-a-langeleta\/","title":{"rendered":"25N a l\u2019Angeleta"},"content":{"rendered":"<p>El passat 25 de novembre va ser el <strong>dia per l\u2019eliminaci\u00f3 de la viol\u00e8ncia masclista<\/strong>. El 24 de novembre les comissions \u201cXarxes socials\u201d i \u201cQu\u00e8 passa fora de l\u2019Angeleta?\u201d vam preparar unes presentacions per l\u2019endem\u00e0. Cada responsable ho va presentar als Cercles de paraula i vam ensenyar el v\u00eddeo amb la hist\u00f2ria de &#8220;Pepe i Pepa&#8221;. Un v\u00eddeo que explica una hist\u00f2ria d\u2019uns adolescents i com entren a l\u2019escala de la viol\u00e8ncia de g\u00e8nere.<\/p>\n<p>Despr\u00e9s vam parlar sobre els tipus de viol\u00e8ncia i el s\u00edmil de la granota i l\u2019aigua calenta.<\/p>\n<p>Si voleu saber-ne m\u00e9s, ho explica la soci\u00f2loga Carmen Ruiz Repullo en el v\u00eddeo\u00a0&#8220;<a href=\"https:\/\/www.youtube.com\/watch?v=IpaabDdQNO8&amp;ab_channel=DoriFern%C3%A1ndez\">La escalera c\u00edclica de la violencia de g\u00e9nero en la adolescencia<\/a>&#8221;<\/p>\n<p>\u00c9s molt important tenir present les formes invisibles de la viol\u00e8ncia de g\u00e8nere. Aquesta infografia ens ajuda a pensar-hi:<\/p>\n<p><img loading=\"lazy\" decoding=\"async\" class=\" wp-image-794\" src=\"https:\/\/agora.xtec.cat\/insaferrer\/wp-content\/uploads\/usu2510\/2021\/12\/ice-1024x592.png\" alt=\"Iceberg de la viol\u00e8ncia de g\u00e8nere\" width=\"716\" height=\"414\" srcset=\"https:\/\/agora.xtec.cat\/insaferrer\/wp-content\/uploads\/usu2510\/2021\/12\/ice-1024x592.png 1024w, https:\/\/agora.xtec.cat\/insaferrer\/wp-content\/uploads\/usu2510\/2021\/12\/ice-300x174.png 300w, https:\/\/agora.xtec.cat\/insaferrer\/wp-content\/uploads\/usu2510\/2021\/12\/ice-768x444.png 768w, https:\/\/agora.xtec.cat\/insaferrer\/wp-content\/uploads\/usu2510\/2021\/12\/ice.png 1319w\" sizes=\"auto, (max-width: 716px) 100vw, 716px\" \/><\/p>\n\r\n\t<div class=\"slideshow_container slideshow_container_style-light\" style=\"height: 300px; \" data-slideshow-id=\"800\" data-style-name=\"style-light\" data-style-version=\"2.3.1\" >\r\n\r\n\t\t\t\t\t<div class=\"slideshow_loading_icon\"><\/div>\r\n\t\t\r\n\t\t<div class=\"slideshow_content\" style=\"display: none;\">\r\n\r\n\t\t\t<div class=\"slideshow_view\">\r\n\t\t\t\t<div class=\"slideshow_slide slideshow_slide_image\">\r\n\t\t\t\t\t\t\t\t\t\t\t<img src=\"https:\/\/agora.xtec.cat\/insaferrer\/wp-content\/uploads\/usu2510\/2021\/12\/2.jpg\" alt=\"Dia per l\u2019eliminaci\u00f3 de la viol\u00e8ncia masclista\" width=\"1600\" height=\"1200\" \/>\r\n\t\t\t\t\t\t\t\t\t\t<div class=\"slideshow_description_box slideshow_transparent\">\r\n\t\t\t\t\t\t<div class=\"slideshow_title\">Dia per l\u2019eliminaci\u00f3 de la viol\u00e8ncia masclista<\/div>\t\t\t\t\t\t<div class=\"slideshow_description\">Dia per l\u2019eliminaci\u00f3 de la viol\u00e8ncia masclista<\/div>\t\t\t\t\t<\/div>\r\n\t\t\t\t<\/div>\r\n\r\n\t\t\t\t\t\t<div style=\"clear: both;\"><\/div><\/div><div class=\"slideshow_view\">\r\n\t\t\t\t<div class=\"slideshow_slide slideshow_slide_image\">\r\n\t\t\t\t\t\t\t\t\t\t\t<img src=\"https:\/\/agora.xtec.cat\/insaferrer\/wp-content\/uploads\/usu2510\/2021\/12\/1.jpg\" alt=\"Dia per l\u2019eliminaci\u00f3 de la viol\u00e8ncia masclista\" width=\"1600\" height=\"1200\" \/>\r\n\t\t\t\t\t\t\t\t\t\t<div class=\"slideshow_description_box slideshow_transparent\">\r\n\t\t\t\t\t\t<div class=\"slideshow_title\">Dia per l\u2019eliminaci\u00f3 de la viol\u00e8ncia masclista<\/div>\t\t\t\t\t\t<div class=\"slideshow_description\">Dia per l\u2019eliminaci\u00f3 de la viol\u00e8ncia masclista<\/div>\t\t\t\t\t<\/div>\r\n\t\t\t\t<\/div>\r\n\r\n\t\t\t\t\t\t<div style=\"clear: both;\"><\/div><\/div><div class=\"slideshow_view\">\r\n\t\t\t\t<div class=\"slideshow_slide slideshow_slide_image\">\r\n\t\t\t\t\t\t\t\t\t\t\t<img src=\"https:\/\/agora.xtec.cat\/insaferrer\/wp-content\/uploads\/usu2510\/2021\/12\/3.jpg\" alt=\"Dia per l\u2019eliminaci\u00f3 de la viol\u00e8ncia masclista\" width=\"1600\" height=\"1200\" \/>\r\n\t\t\t\t\t\t\t\t\t\t<div class=\"slideshow_description_box slideshow_transparent\">\r\n\t\t\t\t\t\t<div class=\"slideshow_title\">Dia per l\u2019eliminaci\u00f3 de la viol\u00e8ncia masclista<\/div>\t\t\t\t\t\t<div class=\"slideshow_description\">Dia per l\u2019eliminaci\u00f3 de la viol\u00e8ncia masclista<\/div>\t\t\t\t\t<\/div>\r\n\t\t\t\t<\/div>\r\n\r\n\t\t\t\t\t\t<div style=\"clear: both;\"><\/div><\/div>\r\n\t\t<\/div>\r\n\r\n\t\t<div class=\"slideshow_controlPanel slideshow_transparent\" style=\"display: none;\"><ul><li class=\"slideshow_togglePlay\" data-play-text=\"Visualitza\" data-pause-text=\"Pausa\"><\/li><\/ul><\/div>\r\n\r\n\t\t<div class=\"slideshow_button slideshow_previous slideshow_transparent\" role=\"button\" data-previous-text=\"Anterior\" style=\"display: none;\"><\/div>\r\n\t\t<div class=\"slideshow_button slideshow_next slideshow_transparent\" role=\"button\" data-next-text=\"Seg\u00fcent\" style=\"display: none;\"><\/div>\r\n\r\n\t\t<div class=\"slideshow_pagination\" style=\"display: none;\" data-go-to-text=\"V\u00e9s a la diapositiva\"><div class=\"slideshow_pagination_center\"><\/div><\/div>\r\n\r\n\t\t<!-- WordPress Slideshow Version 2.3.1 -->\r\n\r\n\t\t\t<\/div>\r\n\r\n\n<p style=\"text-align: right;\">Sam Silva<br \/>\nComissi\u00f3 de comunicaci\u00f3<\/p>\n","protected":false},"excerpt":{"rendered":"<p>El passat 25 de novembre va ser el dia per l\u2019eliminaci\u00f3 de la viol\u00e8ncia masclista. El 24 de novembre les comissions \u201cXarxes socials\u201d i \u201cQu\u00e8 passa fora de l\u2019Angeleta?\u201d vam preparar unes presentacions per l\u2019endem\u00e0. Cada responsable ho va presentar als Cercles de paraula i&hellip;  <a href=\"https:\/\/agora.xtec.cat\/insaferrer\/general\/25n-a-langeleta\/\" title=\"Read 25N a l\u2019Angeleta\">Llegeix m\u00e9s\u00bb<\/a><\/p>\n","protected":false},"author":1,"featured_media":798,"comment_status":"closed","ping_status":"closed","sticky":false,"template":"","format":"standard","meta":{"_bbp_topic_count":0,"_bbp_reply_count":0,"_bbp_total_topic_count":0,"_bbp_total_reply_count":0,"_bbp_voice_count":0,"_bbp_anonymous_reply_count":0,"_bbp_topic_count_hidden":0,"_bbp_reply_count_hidden":0,"_bbp_forum_subforum_count":0,"footnotes":""},"categories":[124,3,4,1],"tags":[113,107,111],"class_list":["post-787","post","type-post","status-publish","format-standard","has-post-thumbnail","hentry","category-alumnat","category-eso","category-eso-1","category-general","tag-25n","tag-1r-eso","tag-alumnat"],"post_mailing_queue_ids":[],"_links":{"self":[{"href":"https:\/\/agora.xtec.cat\/insaferrer\/wp-json\/wp\/v2\/posts\/787","targetHints":{"allow":["GET"]}}],"collection":[{"href":"https:\/\/agora.xtec.cat\/insaferrer\/wp-json\/wp\/v2\/posts"}],"about":[{"href":"https:\/\/agora.xtec.cat\/insaferrer\/wp-json\/wp\/v2\/types\/post"}],"author":[{"embeddable":true,"href":"https:\/\/agora.xtec.cat\/insaferrer\/wp-json\/wp\/v2\/users\/1"}],"replies":[{"embeddable":true,"href":"https:\/\/agora.xtec.cat\/insaferrer\/wp-json\/wp\/v2\/comments?post=787"}],"version-history":[{"count":4,"href":"https:\/\/agora.xtec.cat\/insaferrer\/wp-json\/wp\/v2\/posts\/787\/revisions"}],"predecessor-version":[{"id":804,"href":"https:\/\/agora.xtec.cat\/insaferrer\/wp-json\/wp\/v2\/posts\/787\/revisions\/804"}],"wp:featuredmedia":[{"embeddable":true,"href":"https:\/\/agora.xtec.cat\/insaferrer\/wp-json\/wp\/v2\/media\/798"}],"wp:attachment":[{"href":"https:\/\/agora.xtec.cat\/insaferrer\/wp-json\/wp\/v2\/media?parent=787"}],"wp:term":[{"taxonomy":"category","embeddable":true,"href":"https:\/\/agora.xtec.cat\/insaferrer\/wp-json\/wp\/v2\/categories?post=787"},{"taxonomy":"post_tag","embeddable":true,"href":"https:\/\/agora.xtec.cat\/insaferrer\/wp-json\/wp\/v2\/tags?post=787"}],"curies":[{"name":"wp","href":"https:\/\/api.w.org\/{rel}","templated":true}]}}