{"id":689,"date":"2021-11-02T09:40:40","date_gmt":"2021-11-02T08:40:40","guid":{"rendered":"https:\/\/agora.xtec.cat\/insaferrer\/?p=689"},"modified":"2022-07-31T10:40:07","modified_gmt":"2022-07-31T08:40:07","slug":"constitucio-del-consell-escolar","status":"publish","type":"post","link":"https:\/\/agora.xtec.cat\/insaferrer\/general\/constitucio-del-consell-escolar\/","title":{"rendered":"Constituci\u00f3 del Consell Escolar"},"content":{"rendered":"<p>Com a centre de nova creaci\u00f3, hem obert el proc\u00e9s de constituci\u00f3 del Consell Escolar del centre a trav\u00e9s del proc\u00e9s d&#8217;eleccions dels seus membres.<\/p>\n<p>El consell escolar del centre \u00e9s <strong>l&#8217;\u00f2rgan col\u00b7legiat de participaci\u00f3 de la comunitat escolar en el govern del centre<\/strong>. En el consell escolar hi ha representats tots els col\u00b7lectius que intervenen en la comunitat educativa: director o directora, professorat, alumnes, personal d&#8217;administraci\u00f3 i serveis, etc.<\/p>\n<p>En els centres p\u00fablics, la funci\u00f3 principal del consell escolar \u00e9s participar en la presa de decisions en relaci\u00f3 amb aquells temes importants per al funcionament i l&#8217;organitzaci\u00f3 del centre: <strong>el projecte educatiu, la programaci\u00f3 general o la gesti\u00f3 econ\u00f2mica<\/strong>, entre altres.<\/p>\n<p>Els membres del consell escolar s\u00f3n elegits per un per\u00edode de quatre anys i es renoven per meitats cada dos anys.<\/p>\n<p>Les dates del proc\u00e9s electoral, s\u00f3n les seg\u00fcents:<\/p>\n<p style=\"padding-left: 40px;\">Inici del proc\u00e9s: a partir del dia 2 de novembre de 2021<br \/>\nCens p\u00fablic al vest\u00edbul del centre.<br \/>\nSorteig i constituci\u00f3 de les meses electorals: 10 de novembre<br \/>\nRebuda de candidatures: fins al 19 de novembre.<br \/>\nVotacions dels membres representants dels docents: 23 de novembre<br \/>\nVotacions dels membres representants del PAS: 23 de novembre<br \/>\nVotacions dels membres representants de pares i mares: 24 de novembre, de 16:00 a 20:00\u202fh<br \/>\nLes votacions dels membres representants de l&#8217;alumnat: 24 de novembre<br \/>\nConstituci\u00f3 del consell escolar i presa de possessi\u00f3 dels seus membres: Desembre de 2021<\/p>\n<p>Donada la import\u00e0ncia del Consell Escolar \u00e9s molt rellevant la implicaci\u00f3 de tota la comunitat educativa, b\u00e9 presentant candidatures, b\u00e9 venint a votar. <strong>Us convidem a participar-hi activament!<\/strong><\/p>\n<p>&nbsp;<\/p>\n","protected":false},"excerpt":{"rendered":"<p>Com a centre de nova creaci\u00f3, hem obert el proc\u00e9s de constituci\u00f3 del Consell Escolar del centre a trav\u00e9s del proc\u00e9s d&#8217;eleccions dels seus membres.<br \/>\nEl consell escolar del centre \u00e9s l&#8217;\u00f2rgan col\u00b7legiat de participaci\u00f3 de la comunitat escolar en el govern del centre. En el&hellip;  <a href=\"https:\/\/agora.xtec.cat\/insaferrer\/general\/constitucio-del-consell-escolar\/\" title=\"Read Constituci\u00f3 del Consell Escolar\">Llegeix m\u00e9s\u00bb<\/a><\/p>\n","protected":false},"author":1,"featured_media":691,"comment_status":"closed","ping_status":"closed","sticky":false,"template":"","format":"standard","meta":{"_bbp_topic_count":0,"_bbp_reply_count":0,"_bbp_total_topic_count":0,"_bbp_total_reply_count":0,"_bbp_voice_count":0,"_bbp_anonymous_reply_count":0,"_bbp_topic_count_hidden":0,"_bbp_reply_count_hidden":0,"_bbp_forum_subforum_count":0,"footnotes":""},"categories":[31,3,1,29],"tags":[111,112,106],"class_list":["post-689","post","type-post","status-publish","format-standard","has-post-thumbnail","hentry","category-afa","category-eso","category-general","category-portada","tag-alumnat","tag-consell-escolar","tag-families"],"post_mailing_queue_ids":[],"_links":{"self":[{"href":"https:\/\/agora.xtec.cat\/insaferrer\/wp-json\/wp\/v2\/posts\/689","targetHints":{"allow":["GET"]}}],"collection":[{"href":"https:\/\/agora.xtec.cat\/insaferrer\/wp-json\/wp\/v2\/posts"}],"about":[{"href":"https:\/\/agora.xtec.cat\/insaferrer\/wp-json\/wp\/v2\/types\/post"}],"author":[{"embeddable":true,"href":"https:\/\/agora.xtec.cat\/insaferrer\/wp-json\/wp\/v2\/users\/1"}],"replies":[{"embeddable":true,"href":"https:\/\/agora.xtec.cat\/insaferrer\/wp-json\/wp\/v2\/comments?post=689"}],"version-history":[{"count":3,"href":"https:\/\/agora.xtec.cat\/insaferrer\/wp-json\/wp\/v2\/posts\/689\/revisions"}],"predecessor-version":[{"id":697,"href":"https:\/\/agora.xtec.cat\/insaferrer\/wp-json\/wp\/v2\/posts\/689\/revisions\/697"}],"wp:featuredmedia":[{"embeddable":true,"href":"https:\/\/agora.xtec.cat\/insaferrer\/wp-json\/wp\/v2\/media\/691"}],"wp:attachment":[{"href":"https:\/\/agora.xtec.cat\/insaferrer\/wp-json\/wp\/v2\/media?parent=689"}],"wp:term":[{"taxonomy":"category","embeddable":true,"href":"https:\/\/agora.xtec.cat\/insaferrer\/wp-json\/wp\/v2\/categories?post=689"},{"taxonomy":"post_tag","embeddable":true,"href":"https:\/\/agora.xtec.cat\/insaferrer\/wp-json\/wp\/v2\/tags?post=689"}],"curies":[{"name":"wp","href":"https:\/\/api.w.org\/{rel}","templated":true}]}}