{"id":671,"date":"2021-10-10T20:21:55","date_gmt":"2021-10-10T18:21:55","guid":{"rendered":"https:\/\/agora.xtec.cat\/insaferrer\/?p=671"},"modified":"2022-07-31T10:40:21","modified_gmt":"2022-07-31T08:40:21","slug":"presentacio-del-projecte-aprendre-i-conviure","status":"publish","type":"post","link":"https:\/\/agora.xtec.cat\/insaferrer\/general\/presentacio-del-projecte-aprendre-i-conviure\/","title":{"rendered":"Presentaci\u00f3 del projecte &#8220;Aprendre i conviure&#8221;"},"content":{"rendered":"<p>En finalitzar el projecte intensiu &#8220;Aprendre i conviure&#8221;, que ha durat dues setmanes senceres, hem presentat el resultat a les fam\u00edlies perqu\u00e8 elles tamb\u00e9 puguin saber com convivim i aprenem a l&#8217;institut.<\/p>\n<p>L&#8217;acte, que estava totalment desenvolupat per l&#8217;alumnat, es va fer a trav\u00e9s dels diferents grups d\u2019experts que van treballar plegats: <strong>experts en espais, experts en conviure i experts en aprendre<\/strong>. Com explica en Teo, membre de la Comissi\u00f3 de comunicaci\u00f3: &#8220;<em>Cada grup tenia 20 minuts per ensenyar als pares els aprenentatges de cada part. Cada 20 minuts els pares canviaven de grup i aprenien altres coses dels altres grups.&#8221; <\/em>Aix\u00f2 ens va permetre separar les fam\u00edlies en tres grans grups que van fer itineraris diferents.<\/p>\n<p>Els vam presentar, doncs, un conjunt de <span style=\"font-family: inherit; font-size: 1em;\">diferents <strong>propostes creades per l&#8217;alumnat<\/strong> (visita guiada, exposicions orals, p\u00f2sters explicatius, maquetes virtuals, jocs digitals\u2026) que servien per a presentar l&#8217;assemblea, els cercles de paraula, el treball pel col\u00b7lectiu, els projectes STEAM i els projectes human\u00edstics, el pla de treball personal o els entorns f\u00edsics i propostes d&#8217;aprenentatge del centre.<\/span><\/p>\n<p><span style=\"font-family: inherit; font-size: 1em;\"> Una jornada molt emocionant que va comptar amb <strong>multitud de fam\u00edlies i persones vinculades al centre<\/strong>. En paraules del Biel, &#8220;<em>Quan van entrar les fam\u00edlies em van pujar els nervis! Per\u00f2 despr\u00e9s de presentar-ho, estava millor. Una experi\u00e8ncia molt divertida<\/em>.&#8221;<\/span><\/p>\n\r\n\t<div class=\"slideshow_container slideshow_container_style-light\" style=\"height: 300px; \" data-slideshow-id=\"675\" data-style-name=\"style-light\" data-style-version=\"2.3.1\" >\r\n\r\n\t\t\t\t\t<div class=\"slideshow_loading_icon\"><\/div>\r\n\t\t\r\n\t\t<div class=\"slideshow_content\" style=\"display: none;\">\r\n\r\n\t\t\t<div class=\"slideshow_view\">\r\n\t\t\t\t<div class=\"slideshow_slide slideshow_slide_image\">\r\n\t\t\t\t\t\t\t\t\t\t\t<img src=\"https:\/\/agora.xtec.cat\/insaferrer\/wp-content\/uploads\/usu2510\/2021\/09\/IMG_1983.jpg\" alt=\"Assemblea\" width=\"256\" height=\"192\" \/>\r\n\t\t\t\t\t\t\t\t\t\t<div class=\"slideshow_description_box slideshow_transparent\">\r\n\t\t\t\t\t\t<div class=\"slideshow_title\">Assemblea<\/div>\t\t\t\t\t\t\t\t\t\t\t<\/div>\r\n\t\t\t\t<\/div>\r\n\r\n\t\t\t\t\t\t<div style=\"clear: both;\"><\/div><\/div><div class=\"slideshow_view\">\r\n\t\t\t\t<div class=\"slideshow_slide slideshow_slide_image\">\r\n\t\t\t\t\t\t\t\t\t\t\t<img src=\"https:\/\/agora.xtec.cat\/insaferrer\/wp-content\/uploads\/usu2510\/2021\/10\/Propostes-daprenentatge.png\" alt=\"Propostes d&#039;aprenentatge\" width=\"1143\" height=\"873\" \/>\r\n\t\t\t\t\t\t\t\t\t\t<div class=\"slideshow_description_box slideshow_transparent\">\r\n\t\t\t\t\t\t<div class=\"slideshow_title\">Propostes d&#039;aprenentatge<\/div>\t\t\t\t\t\t\t\t\t\t\t<\/div>\r\n\t\t\t\t<\/div>\r\n\r\n\t\t\t\t\t\t<div style=\"clear: both;\"><\/div><\/div><div class=\"slideshow_view\">\r\n\t\t\t\t<div class=\"slideshow_slide slideshow_slide_image\">\r\n\t\t\t\t\t\t\t\t\t\t\t<img src=\"https:\/\/agora.xtec.cat\/insaferrer\/wp-content\/uploads\/usu2510\/2021\/10\/presentacio-de-lhorari-3.png\" alt=\"Presentaci\u00f3 de l&#039;horari\" width=\"1390\" height=\"846\" \/>\r\n\t\t\t\t\t\t\t\t\t\t<div class=\"slideshow_description_box slideshow_transparent\">\r\n\t\t\t\t\t\t<div class=\"slideshow_title\">Presentaci\u00f3 de l&#039;horari<\/div>\t\t\t\t\t\t<div class=\"slideshow_description\">Presentaci\u00f3 de l&#039;horari<\/div>\t\t\t\t\t<\/div>\r\n\t\t\t\t<\/div>\r\n\r\n\t\t\t\t\t\t<div style=\"clear: both;\"><\/div><\/div><div class=\"slideshow_view\">\r\n\t\t\t\t<div class=\"slideshow_slide slideshow_slide_image\">\r\n\t\t\t\t\t\t\t\t\t\t\t<img src=\"https:\/\/agora.xtec.cat\/insaferrer\/wp-content\/uploads\/usu2510\/2021\/11\/Visita.png\" alt=\"Experts en visiten\" width=\"1310\" height=\"720\" \/>\r\n\t\t\t\t\t\t\t\t\t\t<div class=\"slideshow_description_box slideshow_transparent\">\r\n\t\t\t\t\t\t<div class=\"slideshow_title\">Experts en visiten<\/div>\t\t\t\t\t\t<div class=\"slideshow_description\">Experts en visiten<\/div>\t\t\t\t\t<\/div>\r\n\t\t\t\t<\/div>\r\n\r\n\t\t\t\t\t\t<div style=\"clear: both;\"><\/div><\/div><div class=\"slideshow_view\">\r\n\t\t\t\t<div class=\"slideshow_slide slideshow_slide_image\">\r\n\t\t\t\t\t\t\t\t\t\t\t<img src=\"https:\/\/agora.xtec.cat\/insaferrer\/wp-content\/uploads\/usu2510\/2021\/11\/fam.png\" alt=\"Les fam\u00edlies ens visiten\" width=\"835\" height=\"581\" \/>\r\n\t\t\t\t\t\t\t\t\t\t<div class=\"slideshow_description_box slideshow_transparent\">\r\n\t\t\t\t\t\t<div class=\"slideshow_title\">Les fam\u00edlies ens visiten<\/div>\t\t\t\t\t\t<div class=\"slideshow_description\">Les fam\u00edlies ens visiten<\/div>\t\t\t\t\t<\/div>\r\n\t\t\t\t<\/div>\r\n\r\n\t\t\t\t\t\t<div style=\"clear: both;\"><\/div><\/div><div class=\"slideshow_view\">\r\n\t\t\t\t<div class=\"slideshow_slide slideshow_slide_image\">\r\n\t\t\t\t\t\t\t\t\t\t\t<img src=\"https:\/\/agora.xtec.cat\/insaferrer\/wp-content\/uploads\/usu2510\/2021\/11\/fam2.png\" alt=\"Les fam\u00edlies ens visiten\" width=\"997\" height=\"680\" \/>\r\n\t\t\t\t\t\t\t\t\t\t<div class=\"slideshow_description_box slideshow_transparent\">\r\n\t\t\t\t\t\t<div class=\"slideshow_title\">Les fam\u00edlies ens visiten<\/div>\t\t\t\t\t\t<div class=\"slideshow_description\">Les fam\u00edlies ens visiten<\/div>\t\t\t\t\t<\/div>\r\n\t\t\t\t<\/div>\r\n\r\n\t\t\t\t\t\t<div style=\"clear: both;\"><\/div><\/div><div class=\"slideshow_view\">\r\n\t\t\t\t<div class=\"slideshow_slide slideshow_slide_image\">\r\n\t\t\t\t\t\t\t\t\t\t\t<img src=\"https:\/\/agora.xtec.cat\/insaferrer\/wp-content\/uploads\/usu2510\/2021\/11\/fam3.png\" alt=\"Les fam\u00edlies ens visiten\" width=\"1093\" height=\"680\" \/>\r\n\t\t\t\t\t\t\t\t\t\t<div class=\"slideshow_description_box slideshow_transparent\">\r\n\t\t\t\t\t\t<div class=\"slideshow_title\">Les fam\u00edlies ens visiten<\/div>\t\t\t\t\t\t<div class=\"slideshow_description\">Les fam\u00edlies ens visiten<\/div>\t\t\t\t\t<\/div>\r\n\t\t\t\t<\/div>\r\n\r\n\t\t\t\t\t\t<div style=\"clear: both;\"><\/div><\/div><div class=\"slideshow_view\">\r\n\t\t\t\t<div class=\"slideshow_slide slideshow_slide_image\">\r\n\t\t\t\t\t\t\t\t\t\t\t<img src=\"https:\/\/agora.xtec.cat\/insaferrer\/wp-content\/uploads\/usu2510\/2021\/11\/Visita.png\" alt=\"Experts en visiten\" width=\"1310\" height=\"720\" \/>\r\n\t\t\t\t\t\t\t\t\t\t<div class=\"slideshow_description_box slideshow_transparent\">\r\n\t\t\t\t\t\t<div class=\"slideshow_title\">Experts en visiten<\/div>\t\t\t\t\t\t<div class=\"slideshow_description\">Experts en visiten<\/div>\t\t\t\t\t<\/div>\r\n\t\t\t\t<\/div>\r\n\r\n\t\t\t\t\t\t<div style=\"clear: both;\"><\/div><\/div>\r\n\t\t<\/div>\r\n\r\n\t\t<div class=\"slideshow_controlPanel slideshow_transparent\" style=\"display: none;\"><ul><li class=\"slideshow_togglePlay\" data-play-text=\"Visualitza\" data-pause-text=\"Pausa\"><\/li><\/ul><\/div>\r\n\r\n\t\t<div class=\"slideshow_button slideshow_previous slideshow_transparent\" role=\"button\" data-previous-text=\"Anterior\" style=\"display: none;\"><\/div>\r\n\t\t<div class=\"slideshow_button slideshow_next slideshow_transparent\" role=\"button\" data-next-text=\"Seg\u00fcent\" style=\"display: none;\"><\/div>\r\n\r\n\t\t<div class=\"slideshow_pagination\" style=\"display: none;\" data-go-to-text=\"V\u00e9s a la diapositiva\"><div class=\"slideshow_pagination_center\"><\/div><\/div>\r\n\r\n\t\t<!-- WordPress Slideshow Version 2.3.1 -->\r\n\r\n\t\t\t<\/div>\r\n\r\n\n<p><span style=\"font-weight: 400;\">Aquest projecte ha servit per a <strong>con\u00e8ixer-nos entre nosaltres i viure tots junts un primer projecte intensiu<\/strong>. En l&#8217;acte final, le<\/span>s fam\u00edlies van veure els seus fills i filles presentant el centre en primera persona, alhora que reparaven en el seu esfor\u00e7 per a fer-ho d&#8217;una manera acurada i responsable. Tothom va donar el millor de si mateix, i l&#8217;alumnat ha valorat molt positivament aquest primer projecte intensiu.<\/p>\n","protected":false},"excerpt":{"rendered":"<p>En finalitzar el projecte intensiu &#8220;Aprendre i conviure&#8221;, que ha durat dues setmanes senceres, hem presentat el resultat a les fam\u00edlies perqu\u00e8 elles tamb\u00e9 puguin saber com convivim i aprenem a l&#8217;institut.<br \/>\nL&#8217;acte, que estava totalment desenvolupat per l&#8217;alumnat, es va fer a trav\u00e9s dels diferents&hellip;  <a href=\"https:\/\/agora.xtec.cat\/insaferrer\/general\/presentacio-del-projecte-aprendre-i-conviure\/\" title=\"Read Presentaci\u00f3 del projecte &#8220;Aprendre i conviure&#8221;\">Llegeix m\u00e9s\u00bb<\/a><\/p>\n","protected":false},"author":1,"featured_media":678,"comment_status":"closed","ping_status":"closed","sticky":false,"template":"","format":"standard","meta":{"_bbp_topic_count":0,"_bbp_reply_count":0,"_bbp_total_topic_count":0,"_bbp_total_reply_count":0,"_bbp_voice_count":0,"_bbp_anonymous_reply_count":0,"_bbp_topic_count_hidden":0,"_bbp_reply_count_hidden":0,"_bbp_forum_subforum_count":0,"footnotes":""},"categories":[3,4,1,29],"tags":[122,111,106],"class_list":["post-671","post","type-post","status-publish","format-standard","has-post-thumbnail","hentry","category-eso","category-eso-1","category-general","category-portada","tag-abp","tag-alumnat","tag-families"],"post_mailing_queue_ids":[],"_links":{"self":[{"href":"https:\/\/agora.xtec.cat\/insaferrer\/wp-json\/wp\/v2\/posts\/671","targetHints":{"allow":["GET"]}}],"collection":[{"href":"https:\/\/agora.xtec.cat\/insaferrer\/wp-json\/wp\/v2\/posts"}],"about":[{"href":"https:\/\/agora.xtec.cat\/insaferrer\/wp-json\/wp\/v2\/types\/post"}],"author":[{"embeddable":true,"href":"https:\/\/agora.xtec.cat\/insaferrer\/wp-json\/wp\/v2\/users\/1"}],"replies":[{"embeddable":true,"href":"https:\/\/agora.xtec.cat\/insaferrer\/wp-json\/wp\/v2\/comments?post=671"}],"version-history":[{"count":3,"href":"https:\/\/agora.xtec.cat\/insaferrer\/wp-json\/wp\/v2\/posts\/671\/revisions"}],"predecessor-version":[{"id":683,"href":"https:\/\/agora.xtec.cat\/insaferrer\/wp-json\/wp\/v2\/posts\/671\/revisions\/683"}],"wp:featuredmedia":[{"embeddable":true,"href":"https:\/\/agora.xtec.cat\/insaferrer\/wp-json\/wp\/v2\/media\/678"}],"wp:attachment":[{"href":"https:\/\/agora.xtec.cat\/insaferrer\/wp-json\/wp\/v2\/media?parent=671"}],"wp:term":[{"taxonomy":"category","embeddable":true,"href":"https:\/\/agora.xtec.cat\/insaferrer\/wp-json\/wp\/v2\/categories?post=671"},{"taxonomy":"post_tag","embeddable":true,"href":"https:\/\/agora.xtec.cat\/insaferrer\/wp-json\/wp\/v2\/tags?post=671"}],"curies":[{"name":"wp","href":"https:\/\/api.w.org\/{rel}","templated":true}]}}