{"id":629,"date":"2021-09-19T18:21:48","date_gmt":"2021-09-19T16:21:48","guid":{"rendered":"https:\/\/agora.xtec.cat\/insaferrer\/?p=629"},"modified":"2022-07-31T10:40:40","modified_gmt":"2022-07-31T08:40:40","slug":"primer-dia-a-langeleta-ferrer","status":"publish","type":"post","link":"https:\/\/agora.xtec.cat\/insaferrer\/general\/primer-dia-a-langeleta-ferrer\/","title":{"rendered":"Primer dia a l&#8217;Angeleta Ferrer"},"content":{"rendered":"<p><span style=\"font-weight: 400;\">E<\/span><span style=\"font-weight: 400;\">l dilluns 13 de setembre del 2021 els i les alumnes de 1r d\u2019ESO vam estrenar per primer cop l\u2019Institut Angeleta Ferrer. En entrar ens vam posar un gomet de diferents colors i n\u00fameros: vermell, lila, groc, verd, blau i negre. Tamb\u00e9 un adhesiu amb el nostre nom. Ens vam seure a les grades i els professors i professores es van presentar. Despr\u00e9s vam entrar a l\u2019institut, vam deixar les motxilles a una sala i vam passar a una altra aula on hi havia molts globus, cadasc\u00fa en va agafar un. Alguns nens es van adonar que a dins del globus hi havia un paperet. El Boris va dir.. tres, dos, un\u2026 Petem el globus. I tothom el va petar. Despr\u00e9s vam veure que el paperet contenia unes instruccions, hav\u00edem de buscar a la persona que hi havia escrita al paperet i presentar-nos. Hav\u00edem d\u2019explicar alguna cosa que consider\u00e9ssim que l\u2019altra persona no sabia, una an\u00e8cdota del curs passat i l\u2019\u00faltima s\u00e8rie que hav\u00edem vist.\u00a0<\/span><\/p>\n<p>&nbsp;<\/p>\n<p><a href=\"https:\/\/agora.xtec.cat\/insaferrer\/wp-content\/uploads\/usu2510\/2021\/09\/IMG_1969.jpg\"><img loading=\"lazy\" decoding=\"async\" class=\"alignnone wp-image-633\" src=\"https:\/\/agora.xtec.cat\/insaferrer\/wp-content\/uploads\/usu2510\/2021\/09\/IMG_1969.jpg\" alt=\"\" width=\"346\" height=\"260\" srcset=\"https:\/\/agora.xtec.cat\/insaferrer\/wp-content\/uploads\/usu2510\/2021\/09\/IMG_1969.jpg 256w, https:\/\/agora.xtec.cat\/insaferrer\/wp-content\/uploads\/usu2510\/2021\/09\/IMG_1969-200x150.jpg 200w\" sizes=\"auto, (max-width: 346px) 100vw, 346px\" \/><\/a> <a href=\"https:\/\/agora.xtec.cat\/insaferrer\/wp-content\/uploads\/usu2510\/2021\/09\/IMG_1972.jpg\"><img loading=\"lazy\" decoding=\"async\" class=\"alignnone wp-image-634\" src=\"https:\/\/agora.xtec.cat\/insaferrer\/wp-content\/uploads\/usu2510\/2021\/09\/IMG_1972.jpg\" alt=\"\" width=\"341\" height=\"257\" srcset=\"https:\/\/agora.xtec.cat\/insaferrer\/wp-content\/uploads\/usu2510\/2021\/09\/IMG_1972.jpg 256w, https:\/\/agora.xtec.cat\/insaferrer\/wp-content\/uploads\/usu2510\/2021\/09\/IMG_1972-200x150.jpg 200w\" sizes=\"auto, (max-width: 341px) 100vw, 341px\" \/><\/a><\/p>\n<p><a href=\"https:\/\/agora.xtec.cat\/insaferrer\/wp-content\/uploads\/usu2510\/2021\/09\/IMG_1973.jpg\"><img loading=\"lazy\" decoding=\"async\" class=\"alignnone wp-image-635\" src=\"https:\/\/agora.xtec.cat\/insaferrer\/wp-content\/uploads\/usu2510\/2021\/09\/IMG_1973.jpg\" alt=\"\" width=\"345\" height=\"259\" srcset=\"https:\/\/agora.xtec.cat\/insaferrer\/wp-content\/uploads\/usu2510\/2021\/09\/IMG_1973.jpg 256w, https:\/\/agora.xtec.cat\/insaferrer\/wp-content\/uploads\/usu2510\/2021\/09\/IMG_1973-200x150.jpg 200w\" sizes=\"auto, (max-width: 345px) 100vw, 345px\" \/><\/a> <a href=\"https:\/\/agora.xtec.cat\/insaferrer\/wp-content\/uploads\/usu2510\/2021\/09\/IMG_1975.jpg\"><img loading=\"lazy\" decoding=\"async\" class=\"alignnone wp-image-636\" src=\"https:\/\/agora.xtec.cat\/insaferrer\/wp-content\/uploads\/usu2510\/2021\/09\/IMG_1975.jpg\" alt=\"\" width=\"342\" height=\"257\" srcset=\"https:\/\/agora.xtec.cat\/insaferrer\/wp-content\/uploads\/usu2510\/2021\/09\/IMG_1975.jpg 256w, https:\/\/agora.xtec.cat\/insaferrer\/wp-content\/uploads\/usu2510\/2021\/09\/IMG_1975-200x150.jpg 200w\" sizes=\"auto, (max-width: 342px) 100vw, 342px\" \/><\/a><\/p>\n<p><span style=\"font-weight: 400;\">Llavors ens vam\u00a0 agrupar en grups de 10 (pel color del gomet) i vam fer un retrat de la persona de la nostra esquerra mentre una m\u00fasica sonava.\u00a0<\/span><\/p>\n<p><span style=\"font-weight: 400;\">Tamb\u00e9 vam parlar de com ens sent\u00edem, els nostres hobbies i ens vam presentar.\u00a0<\/span><\/p>\n<p><a href=\"https:\/\/agora.xtec.cat\/insaferrer\/wp-content\/uploads\/usu2510\/2021\/09\/IMG_1977.jpg\"><img loading=\"lazy\" decoding=\"async\" class=\"alignnone wp-image-637\" src=\"https:\/\/agora.xtec.cat\/insaferrer\/wp-content\/uploads\/usu2510\/2021\/09\/IMG_1977.jpg\" alt=\"\" width=\"251\" height=\"334\" \/><\/a> <a href=\"https:\/\/agora.xtec.cat\/insaferrer\/wp-content\/uploads\/usu2510\/2021\/09\/IMG_1979.jpg\"><img loading=\"lazy\" decoding=\"async\" class=\"alignnone wp-image-638\" src=\"https:\/\/agora.xtec.cat\/insaferrer\/wp-content\/uploads\/usu2510\/2021\/09\/IMG_1979.jpg\" alt=\"\" width=\"289\" height=\"386\" \/><\/a><\/p>\n<p><span style=\"font-weight: 400;\">Una estona m\u00e9s tard vam entrar a l\u2019institut i el vam con\u00e8ixer per dins: hi ha la planta de l\u2019entrada, on tenim el menjador, al primer pis hi ha tres aules i la sala dels professors, i al segon pis hi ha m\u00e9s aules que encara haurem de pensar quin \u00fas en fem.\u00a0<\/span><\/p>\n<p><span style=\"font-weight: 400;\">Despr\u00e9s de veure els espais per grups de colors, cada equip va entrar a una aula diferent i va conversar sobre diferents coses. <\/span><\/p>\n<p><span style=\"font-weight: 400;\">Ens van explicar que far\u00edem una excursi\u00f3 a Collserola.\u00a0<\/span><\/p>\n<p><a href=\"https:\/\/agora.xtec.cat\/insaferrer\/wp-content\/uploads\/usu2510\/2021\/09\/IMG_1985-scaled.jpg\"><img loading=\"lazy\" decoding=\"async\" class=\"alignnone wp-image-631\" src=\"https:\/\/agora.xtec.cat\/insaferrer\/wp-content\/uploads\/usu2510\/2021\/09\/IMG_1985-1024x768.jpg\" alt=\"\" width=\"345\" height=\"259\" srcset=\"https:\/\/agora.xtec.cat\/insaferrer\/wp-content\/uploads\/usu2510\/2021\/09\/IMG_1985-1024x768.jpg 1024w, https:\/\/agora.xtec.cat\/insaferrer\/wp-content\/uploads\/usu2510\/2021\/09\/IMG_1985-300x225.jpg 300w, https:\/\/agora.xtec.cat\/insaferrer\/wp-content\/uploads\/usu2510\/2021\/09\/IMG_1985-768x576.jpg 768w, https:\/\/agora.xtec.cat\/insaferrer\/wp-content\/uploads\/usu2510\/2021\/09\/IMG_1985-1536x1152.jpg 1536w, https:\/\/agora.xtec.cat\/insaferrer\/wp-content\/uploads\/usu2510\/2021\/09\/IMG_1985-2048x1536.jpg 2048w, https:\/\/agora.xtec.cat\/insaferrer\/wp-content\/uploads\/usu2510\/2021\/09\/IMG_1985-200x150.jpg 200w\" sizes=\"auto, (max-width: 345px) 100vw, 345px\" \/><\/a> <a href=\"https:\/\/agora.xtec.cat\/insaferrer\/wp-content\/uploads\/usu2510\/2021\/09\/IMG_1984-scaled.jpg\"><img loading=\"lazy\" decoding=\"async\" class=\"wp-image-630 alignleft\" src=\"https:\/\/agora.xtec.cat\/insaferrer\/wp-content\/uploads\/usu2510\/2021\/09\/IMG_1984-1024x768.jpg\" alt=\"\" width=\"333\" height=\"250\" srcset=\"https:\/\/agora.xtec.cat\/insaferrer\/wp-content\/uploads\/usu2510\/2021\/09\/IMG_1984-1024x768.jpg 1024w, https:\/\/agora.xtec.cat\/insaferrer\/wp-content\/uploads\/usu2510\/2021\/09\/IMG_1984-300x225.jpg 300w, https:\/\/agora.xtec.cat\/insaferrer\/wp-content\/uploads\/usu2510\/2021\/09\/IMG_1984-768x576.jpg 768w, https:\/\/agora.xtec.cat\/insaferrer\/wp-content\/uploads\/usu2510\/2021\/09\/IMG_1984-1536x1152.jpg 1536w, https:\/\/agora.xtec.cat\/insaferrer\/wp-content\/uploads\/usu2510\/2021\/09\/IMG_1984-2048x1536.jpg 2048w, https:\/\/agora.xtec.cat\/insaferrer\/wp-content\/uploads\/usu2510\/2021\/09\/IMG_1984-200x150.jpg 200w\" sizes=\"auto, (max-width: 333px) 100vw, 333px\" \/><\/a><\/p>\n<p><span style=\"font-weight: 400;\">A mig mat\u00ed est\u00e0vem esmorzant al pati. Despr\u00e9s, tots junts, a les grades de davant del menjador, vam parlar sobre gustos: el menjar que ens agradava, el grup de m\u00fasica\u2026<\/span><\/p>\n<p><a href=\"https:\/\/agora.xtec.cat\/insaferrer\/wp-content\/uploads\/usu2510\/2021\/09\/IMG_1983.jpg\"><img loading=\"lazy\" decoding=\"async\" class=\"alignnone wp-image-639\" src=\"https:\/\/agora.xtec.cat\/insaferrer\/wp-content\/uploads\/usu2510\/2021\/09\/IMG_1983.jpg\" alt=\"\" width=\"384\" height=\"288\" srcset=\"https:\/\/agora.xtec.cat\/insaferrer\/wp-content\/uploads\/usu2510\/2021\/09\/IMG_1983.jpg 256w, https:\/\/agora.xtec.cat\/insaferrer\/wp-content\/uploads\/usu2510\/2021\/09\/IMG_1983-200x150.jpg 200w\" sizes=\"auto, (max-width: 384px) 100vw, 384px\" \/><\/a><\/p>\n<p><span style=\"font-weight: 400;\">Per primer cop vam dinar a l\u2019institut. A la tarda vam jugar a jocs de taula en diferents espais.<\/span><\/p>\n<p><span style=\"font-weight: 400;\">Va ser un dia que vam comen\u00e7ar amb molts nervis, per\u00f2 a poc a poc vam anar agafant confian\u00e7a, vam sortir contents i contentes. Visca l\u2019Angeleta!!!<\/span><\/p>\n<p><span style=\"font-weight: 400;\">Cloe i Joan<\/span><\/p>\n","protected":false},"excerpt":{"rendered":"<p>El dilluns 13 de setembre del 2021 els i les alumnes de 1r d\u2019ESO vam estrenar per primer cop l\u2019Institut Angeleta Ferrer. En entrar ens vam posar un gomet de diferents colors i n\u00fameros: vermell, lila, groc, verd, blau i negre. Tamb\u00e9 un adhesiu amb&hellip;  <a href=\"https:\/\/agora.xtec.cat\/insaferrer\/general\/primer-dia-a-langeleta-ferrer\/\" title=\"Read Primer dia a l&#8217;Angeleta Ferrer\">Llegeix m\u00e9s\u00bb<\/a><\/p>\n","protected":false},"author":1,"featured_media":681,"comment_status":"closed","ping_status":"closed","sticky":false,"template":"","format":"standard","meta":{"_bbp_topic_count":0,"_bbp_reply_count":0,"_bbp_total_topic_count":0,"_bbp_total_reply_count":0,"_bbp_voice_count":0,"_bbp_anonymous_reply_count":0,"_bbp_topic_count_hidden":0,"_bbp_reply_count_hidden":0,"_bbp_forum_subforum_count":0,"footnotes":""},"categories":[3,4,1,29],"tags":[107,108],"class_list":["post-629","post","type-post","status-publish","format-standard","has-post-thumbnail","hentry","category-eso","category-eso-1","category-general","category-portada","tag-1r-eso","tag-angeleta-ferrer"],"post_mailing_queue_ids":[],"_links":{"self":[{"href":"https:\/\/agora.xtec.cat\/insaferrer\/wp-json\/wp\/v2\/posts\/629","targetHints":{"allow":["GET"]}}],"collection":[{"href":"https:\/\/agora.xtec.cat\/insaferrer\/wp-json\/wp\/v2\/posts"}],"about":[{"href":"https:\/\/agora.xtec.cat\/insaferrer\/wp-json\/wp\/v2\/types\/post"}],"author":[{"embeddable":true,"href":"https:\/\/agora.xtec.cat\/insaferrer\/wp-json\/wp\/v2\/users\/1"}],"replies":[{"embeddable":true,"href":"https:\/\/agora.xtec.cat\/insaferrer\/wp-json\/wp\/v2\/comments?post=629"}],"version-history":[{"count":3,"href":"https:\/\/agora.xtec.cat\/insaferrer\/wp-json\/wp\/v2\/posts\/629\/revisions"}],"predecessor-version":[{"id":644,"href":"https:\/\/agora.xtec.cat\/insaferrer\/wp-json\/wp\/v2\/posts\/629\/revisions\/644"}],"wp:featuredmedia":[{"embeddable":true,"href":"https:\/\/agora.xtec.cat\/insaferrer\/wp-json\/wp\/v2\/media\/681"}],"wp:attachment":[{"href":"https:\/\/agora.xtec.cat\/insaferrer\/wp-json\/wp\/v2\/media?parent=629"}],"wp:term":[{"taxonomy":"category","embeddable":true,"href":"https:\/\/agora.xtec.cat\/insaferrer\/wp-json\/wp\/v2\/categories?post=629"},{"taxonomy":"post_tag","embeddable":true,"href":"https:\/\/agora.xtec.cat\/insaferrer\/wp-json\/wp\/v2\/tags?post=629"}],"curies":[{"name":"wp","href":"https:\/\/api.w.org\/{rel}","templated":true}]}}