{"id":603,"date":"2021-09-05T10:10:44","date_gmt":"2021-09-05T08:10:44","guid":{"rendered":"https:\/\/agora.xtec.cat\/insaferrer\/?p=603"},"modified":"2022-07-31T10:40:52","modified_gmt":"2022-07-31T08:40:52","slug":"trobada-de-benvinguda-amb-les-families","status":"publish","type":"post","link":"https:\/\/agora.xtec.cat\/insaferrer\/general\/trobada-de-benvinguda-amb-les-families\/","title":{"rendered":"Trobada de benvinguda amb les fam\u00edlies"},"content":{"rendered":"<p>El dijous 9 de setembre, a les 18 h, tindr\u00e0 lloc la <strong>trobada de benvinguda amb les fam\u00edlies del centre<\/strong>.<\/p>\n<p>Aquesta primera reuni\u00f3 ser\u00e0 a la ubicaci\u00f3 provisional de l&#8217;Institut Angeleta Ferrer: carrer Viladomat 244.<\/p>\n<p>La trobada de benvinguda est\u00e0 destinada exclusivament per a les fam\u00edlies, amb l\u2019objectiu de con\u00e8ixer l\u2019equip docent de forma presencial i compartir informacions b\u00e0siques per a iniciar el curs. M\u00e9s endavant, el dimarts 28 de setembre, farem la reuni\u00f3 d\u2019inici de curs amb la pres\u00e8ncia de tot l\u2019alumnat i les seves fam\u00edlies.<\/p>\n<p>Donada la situaci\u00f3 pand\u00e8mica en qu\u00e8, malauradament, encara ens trobem i per tal de fer una previsi\u00f3 de qui serem, les fam\u00edlies han de confirmar l\u2019assist\u00e8ncia en <a href=\"https:\/\/forms.gle\/CoXqUBwzmPmGKhLH6\" target=\"_blank\" rel=\"noopener\">aquest formulari<\/a>.<\/p>\n<p>Amb moltes ganes de poder con\u00e8ixer-vos personalment a tots i a totes aquest dijous!<\/p>\n","protected":false},"excerpt":{"rendered":"<p>El dijous 9 de setembre, a les 18 h, tindr\u00e0 lloc la trobada de benvinguda amb les fam\u00edlies del centre.<br \/>\nAquesta primera reuni\u00f3 ser\u00e0 a la ubicaci\u00f3 provisional de l&#8217;Institut Angeleta Ferrer: carrer Viladomat 244.<br \/>\nLa trobada de benvinguda est\u00e0 destinada exclusivament per a les fam\u00edlies, amb&hellip;  <a href=\"https:\/\/agora.xtec.cat\/insaferrer\/general\/trobada-de-benvinguda-amb-les-families\/\" title=\"Read Trobada de benvinguda amb les fam\u00edlies\">Llegeix m\u00e9s\u00bb<\/a><\/p>\n","protected":false},"author":1,"featured_media":604,"comment_status":"closed","ping_status":"closed","sticky":false,"template":"","format":"standard","meta":{"_bbp_topic_count":0,"_bbp_reply_count":0,"_bbp_total_topic_count":0,"_bbp_total_reply_count":0,"_bbp_voice_count":0,"_bbp_anonymous_reply_count":0,"_bbp_topic_count_hidden":0,"_bbp_reply_count_hidden":0,"_bbp_forum_subforum_count":0,"footnotes":""},"categories":[3,4,1,29],"tags":[114,106],"class_list":["post-603","post","type-post","status-publish","format-standard","has-post-thumbnail","hentry","category-eso","category-eso-1","category-general","category-portada","tag-afa","tag-families"],"post_mailing_queue_ids":[],"_links":{"self":[{"href":"https:\/\/agora.xtec.cat\/insaferrer\/wp-json\/wp\/v2\/posts\/603","targetHints":{"allow":["GET"]}}],"collection":[{"href":"https:\/\/agora.xtec.cat\/insaferrer\/wp-json\/wp\/v2\/posts"}],"about":[{"href":"https:\/\/agora.xtec.cat\/insaferrer\/wp-json\/wp\/v2\/types\/post"}],"author":[{"embeddable":true,"href":"https:\/\/agora.xtec.cat\/insaferrer\/wp-json\/wp\/v2\/users\/1"}],"replies":[{"embeddable":true,"href":"https:\/\/agora.xtec.cat\/insaferrer\/wp-json\/wp\/v2\/comments?post=603"}],"version-history":[{"count":3,"href":"https:\/\/agora.xtec.cat\/insaferrer\/wp-json\/wp\/v2\/posts\/603\/revisions"}],"predecessor-version":[{"id":608,"href":"https:\/\/agora.xtec.cat\/insaferrer\/wp-json\/wp\/v2\/posts\/603\/revisions\/608"}],"wp:featuredmedia":[{"embeddable":true,"href":"https:\/\/agora.xtec.cat\/insaferrer\/wp-json\/wp\/v2\/media\/604"}],"wp:attachment":[{"href":"https:\/\/agora.xtec.cat\/insaferrer\/wp-json\/wp\/v2\/media?parent=603"}],"wp:term":[{"taxonomy":"category","embeddable":true,"href":"https:\/\/agora.xtec.cat\/insaferrer\/wp-json\/wp\/v2\/categories?post=603"},{"taxonomy":"post_tag","embeddable":true,"href":"https:\/\/agora.xtec.cat\/insaferrer\/wp-json\/wp\/v2\/tags?post=603"}],"curies":[{"name":"wp","href":"https:\/\/api.w.org\/{rel}","templated":true}]}}