{"id":574,"date":"2021-06-07T08:00:18","date_gmt":"2021-06-07T06:00:18","guid":{"rendered":"https:\/\/agora.xtec.cat\/insaferrer\/?p=574"},"modified":"2022-07-31T10:41:03","modified_gmt":"2022-07-31T08:41:03","slug":"matriculacio-de-1r-deso","status":"publish","type":"post","link":"https:\/\/agora.xtec.cat\/insaferrer\/general\/matriculacio-de-1r-deso\/","title":{"rendered":"Matriculaci\u00f3 de 1r d&#8217;ESO"},"content":{"rendered":"<p><span class=\"\" style=\"font-family: inherit; font-size: 1em;\">E<\/span><span style=\"font-family: inherit; font-size: 1em;\">l per\u00edode de formalitzaci\u00f3 de la matriculaci\u00f3 de 1r d&#8217;ESO ser\u00e0 entre <strong>el dilluns 14 i el divendres 18 de juny.<br \/>\n<\/strong><\/span>La matriculaci\u00f3 es far\u00e0 de<span style=\"color: #ff0000;\"> forma <strong>presencial<\/strong> en el <a style=\"color: #ff0000;\" href=\"https:\/\/goo.gl\/maps\/g5YwKDkLnHKojyHZ6\">Consorci d&#8217;Educaci\u00f3 de Barcelona<\/a><\/span> (Pla\u00e7a Urquinaona, n\u00ba 6).<\/p>\n<p>Caldr\u00e0 demanar <strong>cita pr\u00e8via<\/strong> per causa de la COVID en el seg\u00fcent aplicatiu, que ja es troba obert:<\/p>\n<p style=\"padding-left: 40px;\"><a href=\"https:\/\/aplicacions.gestioeducativa.gencat.cat\/pls\/apex\/f?p=CITA_PREVIA:4::::4:P4_TIPUS_CALENDARI,P4_DOMINI:03_Oblig,08064192\"><img loading=\"lazy\" decoding=\"async\" class=\"wp-image-586 alignnone\" src=\"https:\/\/agora.xtec.cat\/insaferrer\/wp-content\/uploads\/usu2510\/2021\/06\/reserva.png\" alt=\"Aplicatiu per a reserves\" width=\"296\" height=\"125\" srcset=\"https:\/\/agora.xtec.cat\/insaferrer\/wp-content\/uploads\/usu2510\/2021\/06\/reserva.png 554w, https:\/\/agora.xtec.cat\/insaferrer\/wp-content\/uploads\/usu2510\/2021\/06\/reserva-300x127.png 300w\" sizes=\"auto, (max-width: 296px) 100vw, 296px\" \/><\/a><\/p>\n<p style=\"text-align: left; padding-left: 40px;\"><a href=\"https:\/\/aplicacions.gestioeducativa.gencat.cat\/pls\/apex\/f?p=CITA_PREVIA:4::::4:P4_TIPUS_CALENDARI,P4_DOMINI:03_Oblig,08064192\"><strong>Aplicatiu de cita pr\u00e8via per a la matriculaci\u00f3<\/strong><\/a><\/p>\n<p>Les cites s&#8217;adjudicaran per ordre de petici\u00f3 en la franja hor\u00e0ria seg\u00fcent:<br \/>\nDilluns 14 i dimarts 15: <strong>9:00 h a 14:00 h i 15:00 h a 17:00 h<\/strong><br \/>\nDimecres 16, dijous 17 i divendres 18: <strong>9:00 h a 15:00 h<\/strong><\/p>\n<h4>Assignacions<\/h4>\n<p>Podeu consultar les llistes d&#8217;assignacions:<\/p>\n<p style=\"padding-left: 40px;\"><a href=\"https:\/\/agora.xtec.cat\/insaferrer\/wp-content\/uploads\/usu2510\/2021\/06\/Alumnes-assignats-al-centre.pdf\">Alumnes assignats al centre<\/a><\/p>\n<p style=\"padding-left: 40px;\"><a href=\"https:\/\/agora.xtec.cat\/insaferrer\/wp-content\/uploads\/usu2510\/2021\/06\/Alumnes-preinscrits-al-centre.pdf\">Alumnes preinscrits al centre<\/a><\/p>\n<p style=\"padding-left: 40px;\"><a href=\"https:\/\/agora.xtec.cat\/insaferrer\/wp-content\/uploads\/usu2510\/2021\/06\/Llista-despera.pdf\">Llista d&#8217;espera<\/a><\/p>\n<h4>Documentaci\u00f3<\/h4>\n<p>Per a realitzar la matr\u00edcula cal aportar la seg\u00fcent documentaci\u00f3:<\/p>\n<p>&#8211; Fotoc\u00f2pia <strong>Targeta sanit\u00e0ria<\/strong> o equivalent (mutualitats de funcionaris i funcion\u00e0ries) per adre\u00e7ar-se a un centre sanitari si necessiten atenci\u00f3 sanit\u00e0ria d&#8217;urg\u00e8ncia.<br \/>\n&#8211; Fotoc\u00f2pia<strong> carnet de vacunacions<\/strong> amb les dosis de vacunes rebudes i les dates corresponents. Quan no es tingui el carnet de vacunacions, s&#8217;ha de presentar un certificat m\u00e8dic oficial o el carnet de salut de l&#8217;infant amb les dosis de vacuna rebudes i les dates corresponents. Si l&#8217;alumne\/a no ha estat vacunat per indicaci\u00f3 m\u00e8dica o per altres circumst\u00e0ncies, cal presentar un certificat m\u00e8dic oficial justificatiu.<\/p>\n<p>Si no pots fer la matriculaci\u00f3 en aquestes dates, cal que presentis un justificant al m\u00e9s aviat possible, perqu\u00e8 si no es considera que <strong>renuncies a la pla\u00e7a i la perds.<\/strong><\/p>\n<h4>Reclamacions<\/h4>\n<p>Les fam\u00edlies a les quals s\u2019hagi assignat pla\u00e7a d\u2019ofici o que vulguin presentar una reclamaci\u00f3 a la pla\u00e7a assignada poden fer-ho\u00a0<b>preferentment per via telem\u00e0tica<\/b>\u00a0a trav\u00e9s del\u00a0<a href=\"https:\/\/ovt.gencat.cat\/gsitgf\/AppJava\/traint\/renderitzar.do?reqCode=inicial&amp;set-locale=ca_ES&amp;idServei=ESC005001B\"><u>formulari de reclamacions<\/u><\/a>\u00a0(<a href=\"https:\/\/ovt.gencat.cat\/gsitgf\/AppJava\/traint\/renderitzar.do?reqCode=inicial&amp;set-locale=es_ES&amp;idServei=ESC005001B\"><u>versi\u00f3n en castell\u00e0no\u00a0<\/u><\/a>\/<a href=\"https:\/\/ovt.gencat.cat\/gsitgf\/AppJava\/traint\/renderitzar.do?reqCode=inicial&amp;set-locale=en_GB&amp;idServei=ESC005001B\"><u>english version\u00a0<\/u><\/a>).<\/p>\n<p><strong><a href=\"https:\/\/www.edubcn.cat\/ca\/alumnat_i_familia\/informacio_general_matriculacio\/reclamacio_a_la_assignacions_dofici\" target=\"_blank\" rel=\"noopener noreferrer\">Web informativa del Consorci<\/a><\/strong><\/p>\n<p>&nbsp;<\/p>\n","protected":false},"excerpt":{"rendered":"<p>El per\u00edode de formalitzaci\u00f3 de la matriculaci\u00f3 de 1r d&#8217;ESO ser\u00e0 entre el dilluns 14 i el divendres 18 de juny.<br \/>\nLa matriculaci\u00f3 es far\u00e0 de forma presencial en el <a style=\"color: #ff0000;\" href=\"https:\/\/goo.gl\/maps\/g5YwKDkLnHKojyHZ6\">Consorci d&#8217;Educaci\u00f3 de Barcelona<\/a> (Pla\u00e7a Urquinaona, n\u00ba 6).<br \/>\nCaldr\u00e0 demanar cita pr\u00e8via per causa&hellip;  <a href=\"https:\/\/agora.xtec.cat\/insaferrer\/general\/matriculacio-de-1r-deso\/\" title=\"Read Matriculaci\u00f3 de 1r d&#8217;ESO\">Llegeix m\u00e9s\u00bb<\/a><\/p>\n","protected":false},"author":1,"featured_media":592,"comment_status":"closed","ping_status":"closed","sticky":false,"template":"","format":"standard","meta":{"_bbp_topic_count":0,"_bbp_reply_count":0,"_bbp_total_topic_count":0,"_bbp_total_reply_count":0,"_bbp_voice_count":0,"_bbp_anonymous_reply_count":0,"_bbp_topic_count_hidden":0,"_bbp_reply_count_hidden":0,"_bbp_forum_subforum_count":0,"footnotes":""},"categories":[3,1],"tags":[105],"class_list":["post-574","post","type-post","status-publish","format-standard","has-post-thumbnail","hentry","category-eso","category-general","tag-preinscripcio"],"post_mailing_queue_ids":[],"_links":{"self":[{"href":"https:\/\/agora.xtec.cat\/insaferrer\/wp-json\/wp\/v2\/posts\/574","targetHints":{"allow":["GET"]}}],"collection":[{"href":"https:\/\/agora.xtec.cat\/insaferrer\/wp-json\/wp\/v2\/posts"}],"about":[{"href":"https:\/\/agora.xtec.cat\/insaferrer\/wp-json\/wp\/v2\/types\/post"}],"author":[{"embeddable":true,"href":"https:\/\/agora.xtec.cat\/insaferrer\/wp-json\/wp\/v2\/users\/1"}],"replies":[{"embeddable":true,"href":"https:\/\/agora.xtec.cat\/insaferrer\/wp-json\/wp\/v2\/comments?post=574"}],"version-history":[{"count":4,"href":"https:\/\/agora.xtec.cat\/insaferrer\/wp-json\/wp\/v2\/posts\/574\/revisions"}],"predecessor-version":[{"id":602,"href":"https:\/\/agora.xtec.cat\/insaferrer\/wp-json\/wp\/v2\/posts\/574\/revisions\/602"}],"wp:featuredmedia":[{"embeddable":true,"href":"https:\/\/agora.xtec.cat\/insaferrer\/wp-json\/wp\/v2\/media\/592"}],"wp:attachment":[{"href":"https:\/\/agora.xtec.cat\/insaferrer\/wp-json\/wp\/v2\/media?parent=574"}],"wp:term":[{"taxonomy":"category","embeddable":true,"href":"https:\/\/agora.xtec.cat\/insaferrer\/wp-json\/wp\/v2\/categories?post=574"},{"taxonomy":"post_tag","embeddable":true,"href":"https:\/\/agora.xtec.cat\/insaferrer\/wp-json\/wp\/v2\/tags?post=574"}],"curies":[{"name":"wp","href":"https:\/\/api.w.org\/{rel}","templated":true}]}}