{"id":562,"date":"2021-05-07T10:17:31","date_gmt":"2021-05-07T08:17:31","guid":{"rendered":"https:\/\/agora.xtec.cat\/insaferrer\/?p=562"},"modified":"2022-07-31T10:41:10","modified_gmt":"2022-07-31T08:41:10","slug":"llista-baremada-per-a-lassignacio-de-places","status":"publish","type":"post","link":"https:\/\/agora.xtec.cat\/insaferrer\/general\/llista-baremada-per-a-lassignacio-de-places\/","title":{"rendered":"Llista baremada per a\u00a0l&#8217;assignaci\u00f3 de places"},"content":{"rendered":"<p>Despr\u00e9s del sorteig, s&#8217;elabora una llista ordenada de sol\u00b7licituds per a l&#8217;assignaci\u00f3 de places, que es fa considerant en <strong>primer lloc l&#8217;alumnat amb necessitats educatives espec\u00edfiques<\/strong> i, despr\u00e9s, <strong>la resta d&#8217;alumnes<\/strong>, tenint en compte les puntuacions de cada sol\u00b7licitud, de m\u00e9s a menys.<\/p>\n<p>Tal com correspon al proc\u00e9s de preinscripci\u00f3, publiquem la llista de sol\u00b7licituds de les persones que han demanat el nostre centre a 1r d&#8217;ESO en primera petici\u00f3. <strong>Aquest \u00e9s el barem definitiu per a\u00a0l&#8217;assignaci\u00f3 de places.<\/strong><\/p>\n<p style=\"text-align: center;\"><a href=\"https:\/\/agora.xtec.cat\/insaferrer\/wp-content\/uploads\/usu2510\/2021\/05\/INSTITUT-STEAM-Angeleta-Ferrer-Informe-del-barem-definitiu.pdf\">INSTITUT STEAM Angeleta Ferrer &#8211; Informe del barem definitiu<\/a><\/p>\n<p>Podeu fer una consulta personalitzada del vostre cas al\u00a0<a href=\"https:\/\/aplicacions.gestioeducativa.gencat.cat\/pls\/apex\/f?p=2011025:LOGIN:313725047717353:::::\">web de consulta institucional.<\/a><\/p>\n","protected":false},"excerpt":{"rendered":"<p>Despr\u00e9s del sorteig, s&#8217;elabora una llista ordenada de sol\u00b7licituds per a l&#8217;assignaci\u00f3 de places, que es fa considerant en primer lloc l&#8217;alumnat amb necessitats educatives espec\u00edfiques i, despr\u00e9s, la resta d&#8217;alumnes, tenint en compte les puntuacions de cada sol\u00b7licitud, de m\u00e9s a menys.<br \/>\nTal com correspon&hellip;  <a href=\"https:\/\/agora.xtec.cat\/insaferrer\/general\/llista-baremada-per-a-lassignacio-de-places\/\" title=\"Read Llista baremada per a\u00a0l&#8217;assignaci\u00f3 de places\">Llegeix m\u00e9s\u00bb<\/a><\/p>\n","protected":false},"author":1,"featured_media":565,"comment_status":"closed","ping_status":"closed","sticky":false,"template":"","format":"standard","meta":{"_bbp_topic_count":0,"_bbp_reply_count":0,"_bbp_total_topic_count":0,"_bbp_total_reply_count":0,"_bbp_voice_count":0,"_bbp_anonymous_reply_count":0,"_bbp_topic_count_hidden":0,"_bbp_reply_count_hidden":0,"_bbp_forum_subforum_count":0,"footnotes":""},"categories":[3,1],"tags":[105],"class_list":["post-562","post","type-post","status-publish","format-standard","has-post-thumbnail","hentry","category-eso","category-general","tag-preinscripcio"],"post_mailing_queue_ids":[],"_links":{"self":[{"href":"https:\/\/agora.xtec.cat\/insaferrer\/wp-json\/wp\/v2\/posts\/562","targetHints":{"allow":["GET"]}}],"collection":[{"href":"https:\/\/agora.xtec.cat\/insaferrer\/wp-json\/wp\/v2\/posts"}],"about":[{"href":"https:\/\/agora.xtec.cat\/insaferrer\/wp-json\/wp\/v2\/types\/post"}],"author":[{"embeddable":true,"href":"https:\/\/agora.xtec.cat\/insaferrer\/wp-json\/wp\/v2\/users\/1"}],"replies":[{"embeddable":true,"href":"https:\/\/agora.xtec.cat\/insaferrer\/wp-json\/wp\/v2\/comments?post=562"}],"version-history":[{"count":3,"href":"https:\/\/agora.xtec.cat\/insaferrer\/wp-json\/wp\/v2\/posts\/562\/revisions"}],"predecessor-version":[{"id":570,"href":"https:\/\/agora.xtec.cat\/insaferrer\/wp-json\/wp\/v2\/posts\/562\/revisions\/570"}],"wp:featuredmedia":[{"embeddable":true,"href":"https:\/\/agora.xtec.cat\/insaferrer\/wp-json\/wp\/v2\/media\/565"}],"wp:attachment":[{"href":"https:\/\/agora.xtec.cat\/insaferrer\/wp-json\/wp\/v2\/media?parent=562"}],"wp:term":[{"taxonomy":"category","embeddable":true,"href":"https:\/\/agora.xtec.cat\/insaferrer\/wp-json\/wp\/v2\/categories?post=562"},{"taxonomy":"post_tag","embeddable":true,"href":"https:\/\/agora.xtec.cat\/insaferrer\/wp-json\/wp\/v2\/tags?post=562"}],"curies":[{"name":"wp","href":"https:\/\/api.w.org\/{rel}","templated":true}]}}