{"id":508,"date":"2021-04-05T12:02:43","date_gmt":"2021-04-05T10:02:43","guid":{"rendered":"https:\/\/agora.xtec.cat\/insaferrer\/?p=508"},"modified":"2021-04-30T00:28:26","modified_gmt":"2021-04-29T22:28:26","slug":"proces-de-preinscipcio","status":"publish","type":"post","link":"https:\/\/agora.xtec.cat\/insaferrer\/general\/proces-de-preinscipcio\/","title":{"rendered":"Proc\u00e9s de preinscipci\u00f3"},"content":{"rendered":"<p>El proc\u00e9s de preinscripci\u00f3 ja ha comen\u00e7at i ja ha finalitzat <strong>la fase de sol\u00b7licitud<\/strong>. Ara estem revisant tota la documentaci\u00f3 entregada per a procedir a l&#8217;assignaci\u00f3 de places als diferents centres educatius.<\/p>\n<h5 style=\"text-align: center;\"><a class=\"\" title=\"A partir del 19 d'abril, sortir\u00e0 la llista provisional amb la puntuaci\u00f3\" href=\"https:\/\/preinscripcio.gencat.cat\/ca\/estudis\/eso\/preinscriute\/seguiment-sollicitud\/llista-sollicituds\/\" target=\"_blank\" rel=\"noopener noreferrer\">A partir del 19 d&#8217;abril, sortir\u00e0 la llista provisional amb la puntuaci\u00f3.<\/a><\/h5>\n<p><strong><br \/>\nPreinscripci\u00f3 fora de termini<br \/>\n<\/strong>El termini de presentaci\u00f3 de sol\u00b7licituds es va acabar el <strong>dia 24 de mar\u00e7<\/strong>. El 6 d&#8217;abril es podran tornar a presentar sol\u00b7licituds a partir de les 9 hores. En aquest cas, l&#8217;aplicaci\u00f3 far\u00e0 constar que s&#8217;han presentat fora de termini. Cal tenir en compte que les sol\u00b7licituds que es presenten dins de termini tenen prioritat en l&#8217;assignaci\u00f3 de places respecte de les sol\u00b7licituds que es presenten fora de termini.<\/p>\n<figure class=\"figure wp-caption aligncenter\"><a href=\"https:\/\/agora.xtec.cat\/insaferrer\/wp-content\/uploads\/usu2510\/2021\/04\/eso-calendari.jpg_223078711.jpg\"><img loading=\"lazy\" decoding=\"async\" class=\"wp-image-509 size-full\" src=\"https:\/\/agora.xtec.cat\/insaferrer\/wp-content\/uploads\/usu2510\/2021\/04\/eso-calendari.jpg_223078711.jpg\" alt=\"Calendari oficial d'inscripci\u00f3\" width=\"832\" height=\"468\" srcset=\"https:\/\/agora.xtec.cat\/insaferrer\/wp-content\/uploads\/usu2510\/2021\/04\/eso-calendari.jpg_223078711.jpg 832w, https:\/\/agora.xtec.cat\/insaferrer\/wp-content\/uploads\/usu2510\/2021\/04\/eso-calendari.jpg_223078711-300x169.jpg 300w, https:\/\/agora.xtec.cat\/insaferrer\/wp-content\/uploads\/usu2510\/2021\/04\/eso-calendari.jpg_223078711-768x432.jpg 768w\" sizes=\"auto, (max-width: 832px) 100vw, 832px\" \/><\/a><figcaption class=\"wp-caption-text\"><a href=\"https:\/\/preinscripcio.gencat.cat\/ca\/estudis\/eso\/informat\/calendari\/\">Calendari oficial d&#8217;inscripci\u00f3<\/a><\/figcaption><\/figure>\n<p>&nbsp;<\/p>\n<h4 style=\"text-align: center;\"><a href=\"https:\/\/preinscripcio.gencat.cat\/ca\/estudis\/eso\/inici\/\" target=\"_blank\" rel=\"noopener noreferrer\">M\u00e9s informaci\u00f3 sobre la inscripci\u00f3<\/a><\/h4>\n<p>&nbsp;<\/p>\n<p style=\"text-align: center;\"><a href=\"https:\/\/agora.xtec.cat\/insaferrer\/wp-content\/uploads\/usu2510\/2021\/04\/INS-Angeleta-Ferrer-OFERTA-1r-ESO.pdf\">INS Angeleta Ferrer Oferta inicial de places ESO<\/a><\/p>\n<p style=\"text-align: center;\"><a href=\"https:\/\/agora.xtec.cat\/insaferrer\/wp-content\/uploads\/usu2510\/2021\/04\/INFORME_BAREM_PROVISIONAL_-19-abril.pdf\">INFORME_BAREM_PROVISIONAL_ 19 abril<\/a><\/p>\n<p><strong>Presentaci\u00f3 de reclamacions<br \/>\n<\/strong>Del 20 al 26 d&#8217;abril de 2021, si detectes alguna errada o anomalia en el barem assignat, pots presentar una <a href=\"https:\/\/preinscripcio.gencat.cat\/ca\/estudis\/eso\/preinscriute\/seguiment-sollicitud\/\">reclamaci\u00f3<\/a>.<\/p>\n","protected":false},"excerpt":{"rendered":"<p>El proc\u00e9s de preinscripci\u00f3 ja ha comen\u00e7at i ja ha finalitzat la fase de sol\u00b7licitud. Ara estem revisant tota la documentaci\u00f3 entregada per a procedir a l&#8217;assignaci\u00f3 de places als diferents centres educatius.<br \/>\n<a class=\"\" title=\"A partir del 19 d'abril, sortir\u00e0 la llista provisional amb la&hellip;  <a href=\"https:\/\/agora.xtec.cat\/insaferrer\/general\/proces-de-preinscipcio\/\" title=\"Read Proc\u00e9s de preinscipci\u00f3\">Llegeix m\u00e9s\u00bb<\/a><\/p>\n","protected":false},"author":1,"featured_media":0,"comment_status":"closed","ping_status":"closed","sticky":false,"template":"","format":"standard","meta":{"_bbp_topic_count":0,"_bbp_reply_count":0,"_bbp_total_topic_count":0,"_bbp_total_reply_count":0,"_bbp_voice_count":0,"_bbp_anonymous_reply_count":0,"_bbp_topic_count_hidden":0,"_bbp_reply_count_hidden":0,"_bbp_forum_subforum_count":0,"footnotes":""},"categories":[3,1],"tags":[105],"class_list":["post-508","post","type-post","status-publish","format-standard","hentry","category-eso","category-general","tag-preinscripcio"],"post_mailing_queue_ids":[],"_links":{"self":[{"href":"https:\/\/agora.xtec.cat\/insaferrer\/wp-json\/wp\/v2\/posts\/508","targetHints":{"allow":["GET"]}}],"collection":[{"href":"https:\/\/agora.xtec.cat\/insaferrer\/wp-json\/wp\/v2\/posts"}],"about":[{"href":"https:\/\/agora.xtec.cat\/insaferrer\/wp-json\/wp\/v2\/types\/post"}],"author":[{"embeddable":true,"href":"https:\/\/agora.xtec.cat\/insaferrer\/wp-json\/wp\/v2\/users\/1"}],"replies":[{"embeddable":true,"href":"https:\/\/agora.xtec.cat\/insaferrer\/wp-json\/wp\/v2\/comments?post=508"}],"version-history":[{"count":3,"href":"https:\/\/agora.xtec.cat\/insaferrer\/wp-json\/wp\/v2\/posts\/508\/revisions"}],"predecessor-version":[{"id":536,"href":"https:\/\/agora.xtec.cat\/insaferrer\/wp-json\/wp\/v2\/posts\/508\/revisions\/536"}],"wp:attachment":[{"href":"https:\/\/agora.xtec.cat\/insaferrer\/wp-json\/wp\/v2\/media?parent=508"}],"wp:term":[{"taxonomy":"category","embeddable":true,"href":"https:\/\/agora.xtec.cat\/insaferrer\/wp-json\/wp\/v2\/categories?post=508"},{"taxonomy":"post_tag","embeddable":true,"href":"https:\/\/agora.xtec.cat\/insaferrer\/wp-json\/wp\/v2\/tags?post=508"}],"curies":[{"name":"wp","href":"https:\/\/api.w.org\/{rel}","templated":true}]}}