{"id":3720,"date":"2026-04-21T18:13:46","date_gmt":"2026-04-21T16:13:46","guid":{"rendered":"https:\/\/agora.xtec.cat\/insaferrer\/?p=3720"},"modified":"2026-04-21T18:13:46","modified_gmt":"2026-04-21T16:13:46","slug":"nous-llibres-a-la-biblioteca-de-linstitut-gracies-a-lafa","status":"publish","type":"post","link":"https:\/\/agora.xtec.cat\/insaferrer\/general\/nous-llibres-a-la-biblioteca-de-linstitut-gracies-a-lafa\/","title":{"rendered":"Nous llibres a la biblioteca de l&#8217;Institut gr\u00e0cies a l&#8217;AFA"},"content":{"rendered":"<p>Aquests dies hem incorporat nous llibres a la biblioteca del centre gr\u00e0cies a l\u2019AFA, que els ha finan\u00e7at amb les aportacions de les fam\u00edlies.<\/p>\n<p>\u00c9s una aportaci\u00f3 que suma molt: ens ajuda a cuidar la biblioteca i a seguir oferint bons materials als nostres joves.<\/p>\n<p>I no \u00e9s un fet puntual. L\u2019AFA tamb\u00e9 ens acompanya en altres moments importants del curs, com l\u2019organitzaci\u00f3 de la festa de final de curs i la festa d\u2019acomiadament de 4t.<\/p>\n<p>A m\u00e9s, en els darrers temps tamb\u00e9 han estat al costat del centre en projectes compartits, com la transformaci\u00f3 del pati en refugi clim\u00e0tic.<\/p>\n<p>Ho diem sovint: som un grup i ens cuidem. I aix\u00f2 tamb\u00e9 forma part d\u2019aquest cuidar-nos.<\/p>\n<p>I a les fam\u00edlies que encara no en formeu part: us animem a sumar-vos-hi. Com m\u00e9s siguem, m\u00e9s lluny arribarem.<\/p>\n<p>Moltes gr\u00e0cies per ser-hi.<\/p>\n<p><a href=\"https:\/\/agora.xtec.cat\/insaferrer\/wp-content\/uploads\/usu2510\/2026\/04\/Llibres-AFA.jpeg\"><img loading=\"lazy\" decoding=\"async\" class=\"alignnone size-large wp-image-3721\" src=\"https:\/\/agora.xtec.cat\/insaferrer\/wp-content\/uploads\/usu2510\/2026\/04\/Llibres-AFA-1024x705.jpeg\" alt=\"\" width=\"1024\" height=\"705\" srcset=\"https:\/\/agora.xtec.cat\/insaferrer\/wp-content\/uploads\/usu2510\/2026\/04\/Llibres-AFA-1024x705.jpeg 1024w, https:\/\/agora.xtec.cat\/insaferrer\/wp-content\/uploads\/usu2510\/2026\/04\/Llibres-AFA-300x207.jpeg 300w, https:\/\/agora.xtec.cat\/insaferrer\/wp-content\/uploads\/usu2510\/2026\/04\/Llibres-AFA-768x529.jpeg 768w, https:\/\/agora.xtec.cat\/insaferrer\/wp-content\/uploads\/usu2510\/2026\/04\/Llibres-AFA.jpeg 1162w\" sizes=\"auto, (max-width: 1024px) 100vw, 1024px\" \/><\/a><\/p>\n","protected":false},"excerpt":{"rendered":"<p>Aquests dies hem incorporat nous llibres a la biblioteca del centre gr\u00e0cies a l\u2019AFA, que els ha finan\u00e7at amb les aportacions de les fam\u00edlies.<br \/>\n\u00c9s una aportaci\u00f3 que suma molt: ens ajuda a cuidar la biblioteca i a seguir oferint bons materials als nostres joves.<br \/>\nI no&hellip;  <a href=\"https:\/\/agora.xtec.cat\/insaferrer\/general\/nous-llibres-a-la-biblioteca-de-linstitut-gracies-a-lafa\/\" title=\"Read Nous llibres a la biblioteca de l&#8217;Institut gr\u00e0cies a l&#8217;AFA\">Llegeix m\u00e9s\u00bb<\/a><\/p>\n","protected":false},"author":1,"featured_media":3721,"comment_status":"closed","ping_status":"open","sticky":false,"template":"","format":"standard","meta":{"_bbp_topic_count":0,"_bbp_reply_count":0,"_bbp_total_topic_count":0,"_bbp_total_reply_count":0,"_bbp_voice_count":0,"_bbp_anonymous_reply_count":0,"_bbp_topic_count_hidden":0,"_bbp_reply_count_hidden":0,"_bbp_forum_subforum_count":0,"footnotes":""},"categories":[31,124,8,3,1,29],"tags":[114,108,174,106],"class_list":["post-3720","post","type-post","status-publish","format-standard","has-post-thumbnail","hentry","category-afa","category-alumnat","category-batxillerat","category-eso","category-general","category-portada","tag-afa","tag-angeleta-ferrer","tag-eso","tag-families"],"post_mailing_queue_ids":[],"_links":{"self":[{"href":"https:\/\/agora.xtec.cat\/insaferrer\/wp-json\/wp\/v2\/posts\/3720","targetHints":{"allow":["GET"]}}],"collection":[{"href":"https:\/\/agora.xtec.cat\/insaferrer\/wp-json\/wp\/v2\/posts"}],"about":[{"href":"https:\/\/agora.xtec.cat\/insaferrer\/wp-json\/wp\/v2\/types\/post"}],"author":[{"embeddable":true,"href":"https:\/\/agora.xtec.cat\/insaferrer\/wp-json\/wp\/v2\/users\/1"}],"replies":[{"embeddable":true,"href":"https:\/\/agora.xtec.cat\/insaferrer\/wp-json\/wp\/v2\/comments?post=3720"}],"version-history":[{"count":1,"href":"https:\/\/agora.xtec.cat\/insaferrer\/wp-json\/wp\/v2\/posts\/3720\/revisions"}],"predecessor-version":[{"id":3722,"href":"https:\/\/agora.xtec.cat\/insaferrer\/wp-json\/wp\/v2\/posts\/3720\/revisions\/3722"}],"wp:featuredmedia":[{"embeddable":true,"href":"https:\/\/agora.xtec.cat\/insaferrer\/wp-json\/wp\/v2\/media\/3721"}],"wp:attachment":[{"href":"https:\/\/agora.xtec.cat\/insaferrer\/wp-json\/wp\/v2\/media?parent=3720"}],"wp:term":[{"taxonomy":"category","embeddable":true,"href":"https:\/\/agora.xtec.cat\/insaferrer\/wp-json\/wp\/v2\/categories?post=3720"},{"taxonomy":"post_tag","embeddable":true,"href":"https:\/\/agora.xtec.cat\/insaferrer\/wp-json\/wp\/v2\/tags?post=3720"}],"curies":[{"name":"wp","href":"https:\/\/api.w.org\/{rel}","templated":true}]}}