{"id":3528,"date":"2026-02-14T11:11:16","date_gmt":"2026-02-14T10:11:16","guid":{"rendered":"https:\/\/agora.xtec.cat\/insaferrer\/?p=3528"},"modified":"2026-02-14T11:31:19","modified_gmt":"2026-02-14T10:31:19","slug":"el-programa-angeleta-ferrer-participa-al-i-congres-impuls-educacio-a-barcelona","status":"publish","type":"post","link":"https:\/\/agora.xtec.cat\/insaferrer\/general\/el-programa-angeleta-ferrer-participa-al-i-congres-impuls-educacio-a-barcelona\/","title":{"rendered":"El Programa Angeleta Ferrer participa al I Congr\u00e9s Impuls Educaci\u00f3 a Barcelona"},"content":{"rendered":"<p><span style=\"font-weight: 400;\"><a href=\"https:\/\/agora.xtec.cat\/insaferrer\/wp-content\/uploads\/usu2510\/2026\/02\/Impuls-Andy.jpg\"><img loading=\"lazy\" decoding=\"async\" class=\"aligncenter size-full wp-image-3532\" src=\"https:\/\/agora.xtec.cat\/insaferrer\/wp-content\/uploads\/usu2510\/2026\/02\/Impuls-Andy.jpg\" alt=\"\" width=\"1258\" height=\"703\" srcset=\"https:\/\/agora.xtec.cat\/insaferrer\/wp-content\/uploads\/usu2510\/2026\/02\/Impuls-Andy.jpg 1258w, https:\/\/agora.xtec.cat\/insaferrer\/wp-content\/uploads\/usu2510\/2026\/02\/Impuls-Andy-300x168.jpg 300w, https:\/\/agora.xtec.cat\/insaferrer\/wp-content\/uploads\/usu2510\/2026\/02\/Impuls-Andy-1024x572.jpg 1024w, https:\/\/agora.xtec.cat\/insaferrer\/wp-content\/uploads\/usu2510\/2026\/02\/Impuls-Andy-768x429.jpg 768w\" sizes=\"auto, (max-width: 1258px) 100vw, 1258px\" \/><\/a>Els dies 12 i 13 de febrer de 2026, quatre persones de l\u2019Institut Angeleta Ferrer hem participat en el I <\/span><a href=\"https:\/\/impulseducacio.org\/\"><span style=\"font-weight: 400;\">Congr\u00e9s Impuls Educaci\u00f3<\/span><\/a><span style=\"font-weight: 400;\">, celebrat a Barcelona amb el lema \u201cLiderar l\u2019escola del futur\u201d. Aquest esdeveniment de refer\u00e8ncia en lideratge educatiu va reunir m\u00e9s de 500 professionals \u2014equips directius, docents amb responsabilitats de lideratge, investigadors i experts internacionals\u2014 amb l\u2019objectiu de compartir evid\u00e8ncies, experi\u00e8ncies i estrat\u00e8gies per transformar els centres des d\u2019un lideratge basat en la qualitat, l\u2019evid\u00e8ncia i la sostenibilitat.<\/span><\/p>\n<p><span style=\"font-weight: 400;\">En el marc dels panells d\u2019experi\u00e8ncies d\u2019\u00e8xit del congr\u00e9s, el Programa Angeleta Ferrer hi va intervenir en dos espais:<\/span><\/p>\n<h3><b>Ensenyament i Aprenentatge \u2013 \u201cInnovaci\u00f3 informada per l\u2019evid\u00e8ncia\u201d<\/b><\/h3>\n<p><b>Modera:<\/b><span style=\"font-weight: 400;\"> Josep M\u00aa Esteve<\/span><span style=\"font-weight: 400;\"><br \/>\n<\/span><b>Panelistes:<\/b> <b>Abraham de la Fuente<\/b><span style=\"font-weight: 400;\"> (INS Angeleta Ferrer), Carol de Britos \/ Sandra Entrena (Escola Virolai), Marc Colomer (Innovamat), Francesc Gim\u00e9nez \/ N\u00faria Sams\u00f3 (Institut de Gurb).<\/span><\/p>\n<h3><b>Tecnologia \u2013 \u201cPotenciador de l\u2019aprenentatge\u201d<\/b><\/h3>\n<p><b>Modera:<\/b><span style=\"font-weight: 400;\"> Miquel \u00c0ngel Prats<\/span><span style=\"font-weight: 400;\"><br \/>\n<\/span><b>Panelistes:<\/b><span style=\"font-weight: 400;\"> Elena Vercher (Departament d\u2019Educaci\u00f3), Susanna Tuset (Col\u00b7legi Sagrat Cor), <\/span><b>S\u00edlvia Zurita<\/b><span style=\"font-weight: 400;\"> (INS Angeleta Ferrer), Pompeu Casanovas \/ Marta Poblet (IIIA-CSIC).<\/span><\/p>\n<p><span style=\"font-weight: 400;\">Durant dues jornades intenses es van oferir pon\u00e8ncies principals, debats, panells i espais de di\u00e0leg professional, amb la participaci\u00f3 de figures internacionals com John Hattie, referent mundial en <\/span><i><span style=\"font-weight: 400;\">Visible Learning<\/span><\/i><span style=\"font-weight: 400;\">, i Andy Hargreaves, expert en lideratge sostenible. Tamb\u00e9 es van abordar temes clau com el lideratge educatiu \u00e8tic, el desenvolupament professional docent, la transformaci\u00f3 institucional i la recerca aplicada a la millora educativa.<\/span><\/p>\n<p><span style=\"font-weight: 400;\">La nostra participaci\u00f3 ens ha perm\u00e8s enriquir-nos amb noves perspectives i refor\u00e7ar el comprom\u00eds del centre amb un lideratge que posa l\u2019aprenentatge i el desenvolupament professional al centre del projecte educatiu.<\/span><\/p>\n<p><span style=\"font-weight: 400;\">Aprofitem per agrair a l\u2019organitzaci\u00f3 del congr\u00e9s i a totes les persones participants la riquesa de les converses, els aprenentatges compartits i les connexions establertes al llarg d\u2019aquests dos dies.<\/span><\/p>\n<p><a href=\"https:\/\/agora.xtec.cat\/insaferrer\/wp-content\/uploads\/usu2510\/2026\/02\/equip-a-Impuls.jpeg\"><img loading=\"lazy\" decoding=\"async\" class=\"aligncenter size-full wp-image-3530\" src=\"https:\/\/agora.xtec.cat\/insaferrer\/wp-content\/uploads\/usu2510\/2026\/02\/equip-a-Impuls.jpeg\" alt=\"\" width=\"1640\" height=\"1232\" srcset=\"https:\/\/agora.xtec.cat\/insaferrer\/wp-content\/uploads\/usu2510\/2026\/02\/equip-a-Impuls.jpeg 1640w, https:\/\/agora.xtec.cat\/insaferrer\/wp-content\/uploads\/usu2510\/2026\/02\/equip-a-Impuls-300x225.jpeg 300w, https:\/\/agora.xtec.cat\/insaferrer\/wp-content\/uploads\/usu2510\/2026\/02\/equip-a-Impuls-1024x769.jpeg 1024w, https:\/\/agora.xtec.cat\/insaferrer\/wp-content\/uploads\/usu2510\/2026\/02\/equip-a-Impuls-768x577.jpeg 768w, https:\/\/agora.xtec.cat\/insaferrer\/wp-content\/uploads\/usu2510\/2026\/02\/equip-a-Impuls-1536x1154.jpeg 1536w, https:\/\/agora.xtec.cat\/insaferrer\/wp-content\/uploads\/usu2510\/2026\/02\/equip-a-Impuls-200x150.jpeg 200w\" sizes=\"auto, (max-width: 1640px) 100vw, 1640px\" \/><\/a><\/p>\n<p><a href=\"https:\/\/agora.xtec.cat\/insaferrer\/wp-content\/uploads\/usu2510\/2026\/02\/impuls-silvia-i-altres.jpg\"><img loading=\"lazy\" decoding=\"async\" class=\"aligncenter size-full wp-image-3536\" src=\"https:\/\/agora.xtec.cat\/insaferrer\/wp-content\/uploads\/usu2510\/2026\/02\/impuls-silvia-i-altres.jpg\" alt=\"\" width=\"988\" height=\"388\" srcset=\"https:\/\/agora.xtec.cat\/insaferrer\/wp-content\/uploads\/usu2510\/2026\/02\/impuls-silvia-i-altres.jpg 988w, https:\/\/agora.xtec.cat\/insaferrer\/wp-content\/uploads\/usu2510\/2026\/02\/impuls-silvia-i-altres-300x118.jpg 300w, https:\/\/agora.xtec.cat\/insaferrer\/wp-content\/uploads\/usu2510\/2026\/02\/impuls-silvia-i-altres-768x302.jpg 768w\" sizes=\"auto, (max-width: 988px) 100vw, 988px\" \/><\/a><a href=\"https:\/\/agora.xtec.cat\/insaferrer\/wp-content\/uploads\/usu2510\/2026\/02\/Silvia-Zurita-Impuls.jpg\"><img loading=\"lazy\" decoding=\"async\" class=\"aligncenter size-full wp-image-3529\" src=\"https:\/\/agora.xtec.cat\/insaferrer\/wp-content\/uploads\/usu2510\/2026\/02\/Silvia-Zurita-Impuls.jpg\" alt=\"\" width=\"1171\" height=\"396\" srcset=\"https:\/\/agora.xtec.cat\/insaferrer\/wp-content\/uploads\/usu2510\/2026\/02\/Silvia-Zurita-Impuls.jpg 1171w, https:\/\/agora.xtec.cat\/insaferrer\/wp-content\/uploads\/usu2510\/2026\/02\/Silvia-Zurita-Impuls-300x101.jpg 300w, https:\/\/agora.xtec.cat\/insaferrer\/wp-content\/uploads\/usu2510\/2026\/02\/Silvia-Zurita-Impuls-1024x346.jpg 1024w, https:\/\/agora.xtec.cat\/insaferrer\/wp-content\/uploads\/usu2510\/2026\/02\/Silvia-Zurita-Impuls-768x260.jpg 768w\" sizes=\"auto, (max-width: 1171px) 100vw, 1171px\" \/><\/a><\/p>\n<p>&nbsp;<\/p>\n<p><a href=\"https:\/\/agora.xtec.cat\/insaferrer\/wp-content\/uploads\/usu2510\/2026\/02\/Impuls-Abraham.jpeg\"><img loading=\"lazy\" decoding=\"async\" class=\"aligncenter size-full wp-image-3534\" src=\"https:\/\/agora.xtec.cat\/insaferrer\/wp-content\/uploads\/usu2510\/2026\/02\/Impuls-Abraham.jpeg\" alt=\"\" width=\"2048\" height=\"921\" srcset=\"https:\/\/agora.xtec.cat\/insaferrer\/wp-content\/uploads\/usu2510\/2026\/02\/Impuls-Abraham.jpeg 2048w, https:\/\/agora.xtec.cat\/insaferrer\/wp-content\/uploads\/usu2510\/2026\/02\/Impuls-Abraham-300x135.jpeg 300w, https:\/\/agora.xtec.cat\/insaferrer\/wp-content\/uploads\/usu2510\/2026\/02\/Impuls-Abraham-1024x461.jpeg 1024w, https:\/\/agora.xtec.cat\/insaferrer\/wp-content\/uploads\/usu2510\/2026\/02\/Impuls-Abraham-768x345.jpeg 768w, https:\/\/agora.xtec.cat\/insaferrer\/wp-content\/uploads\/usu2510\/2026\/02\/Impuls-Abraham-1536x691.jpeg 1536w\" sizes=\"auto, (max-width: 2048px) 100vw, 2048px\" \/><\/a><\/p>\n<p><a href=\"https:\/\/agora.xtec.cat\/insaferrer\/wp-content\/uploads\/usu2510\/2026\/02\/Impuls-Anna.jpg\"><img loading=\"lazy\" decoding=\"async\" class=\"aligncenter size-large wp-image-3533\" src=\"https:\/\/agora.xtec.cat\/insaferrer\/wp-content\/uploads\/usu2510\/2026\/02\/Impuls-Anna-1024x568.jpg\" alt=\"\" width=\"1024\" height=\"568\" srcset=\"https:\/\/agora.xtec.cat\/insaferrer\/wp-content\/uploads\/usu2510\/2026\/02\/Impuls-Anna-1024x568.jpg 1024w, https:\/\/agora.xtec.cat\/insaferrer\/wp-content\/uploads\/usu2510\/2026\/02\/Impuls-Anna-300x166.jpg 300w, https:\/\/agora.xtec.cat\/insaferrer\/wp-content\/uploads\/usu2510\/2026\/02\/Impuls-Anna-768x426.jpg 768w, https:\/\/agora.xtec.cat\/insaferrer\/wp-content\/uploads\/usu2510\/2026\/02\/Impuls-Anna.jpg 1257w\" sizes=\"auto, (max-width: 1024px) 100vw, 1024px\" \/><\/a><a href=\"https:\/\/agora.xtec.cat\/insaferrer\/wp-content\/uploads\/usu2510\/2026\/02\/Impuls-Haty.jpg\"><img loading=\"lazy\" decoding=\"async\" class=\"aligncenter size-full wp-image-3531\" src=\"https:\/\/agora.xtec.cat\/insaferrer\/wp-content\/uploads\/usu2510\/2026\/02\/Impuls-Haty.jpg\" alt=\"\" width=\"1417\" height=\"693\" srcset=\"https:\/\/agora.xtec.cat\/insaferrer\/wp-content\/uploads\/usu2510\/2026\/02\/Impuls-Haty.jpg 1417w, https:\/\/agora.xtec.cat\/insaferrer\/wp-content\/uploads\/usu2510\/2026\/02\/Impuls-Haty-300x147.jpg 300w, https:\/\/agora.xtec.cat\/insaferrer\/wp-content\/uploads\/usu2510\/2026\/02\/Impuls-Haty-1024x501.jpg 1024w, https:\/\/agora.xtec.cat\/insaferrer\/wp-content\/uploads\/usu2510\/2026\/02\/Impuls-Haty-768x376.jpg 768w\" sizes=\"auto, (max-width: 1417px) 100vw, 1417px\" \/><\/a><\/p>\n","protected":false},"excerpt":{"rendered":"<p><a href=\"https:\/\/agora.xtec.cat\/insaferrer\/wp-content\/uploads\/usu2510\/2026\/02\/Impuls-Andy.jpg\"><\/a>Els dies 12 i 13 de febrer de 2026, quatre persones de l\u2019Institut Angeleta Ferrer hem participat en el I <a href=\"https:\/\/impulseducacio.org\/\">Congr\u00e9s Impuls Educaci\u00f3<\/a>, celebrat a Barcelona amb el lema \u201cLiderar l\u2019escola del futur\u201d. Aquest esdeveniment de refer\u00e8ncia en lideratge educatiu va reunir m\u00e9s&hellip;  <a href=\"https:\/\/agora.xtec.cat\/insaferrer\/general\/el-programa-angeleta-ferrer-participa-al-i-congres-impuls-educacio-a-barcelona\/\" title=\"Read El Programa Angeleta Ferrer participa al I Congr\u00e9s Impuls Educaci\u00f3 a Barcelona\">Llegeix m\u00e9s\u00bb<\/a><\/p>\n","protected":false},"author":1,"featured_media":3532,"comment_status":"closed","ping_status":"open","sticky":false,"template":"","format":"standard","meta":{"_bbp_topic_count":0,"_bbp_reply_count":0,"_bbp_total_topic_count":0,"_bbp_total_reply_count":0,"_bbp_voice_count":0,"_bbp_anonymous_reply_count":0,"_bbp_topic_count_hidden":0,"_bbp_reply_count_hidden":0,"_bbp_forum_subforum_count":0,"footnotes":""},"categories":[154,1,29],"tags":[],"class_list":["post-3528","post","type-post","status-publish","format-standard","has-post-thumbnail","hentry","category-cefore","category-general","category-portada"],"post_mailing_queue_ids":[],"_links":{"self":[{"href":"https:\/\/agora.xtec.cat\/insaferrer\/wp-json\/wp\/v2\/posts\/3528","targetHints":{"allow":["GET"]}}],"collection":[{"href":"https:\/\/agora.xtec.cat\/insaferrer\/wp-json\/wp\/v2\/posts"}],"about":[{"href":"https:\/\/agora.xtec.cat\/insaferrer\/wp-json\/wp\/v2\/types\/post"}],"author":[{"embeddable":true,"href":"https:\/\/agora.xtec.cat\/insaferrer\/wp-json\/wp\/v2\/users\/1"}],"replies":[{"embeddable":true,"href":"https:\/\/agora.xtec.cat\/insaferrer\/wp-json\/wp\/v2\/comments?post=3528"}],"version-history":[{"count":3,"href":"https:\/\/agora.xtec.cat\/insaferrer\/wp-json\/wp\/v2\/posts\/3528\/revisions"}],"predecessor-version":[{"id":3538,"href":"https:\/\/agora.xtec.cat\/insaferrer\/wp-json\/wp\/v2\/posts\/3528\/revisions\/3538"}],"wp:featuredmedia":[{"embeddable":true,"href":"https:\/\/agora.xtec.cat\/insaferrer\/wp-json\/wp\/v2\/media\/3532"}],"wp:attachment":[{"href":"https:\/\/agora.xtec.cat\/insaferrer\/wp-json\/wp\/v2\/media?parent=3528"}],"wp:term":[{"taxonomy":"category","embeddable":true,"href":"https:\/\/agora.xtec.cat\/insaferrer\/wp-json\/wp\/v2\/categories?post=3528"},{"taxonomy":"post_tag","embeddable":true,"href":"https:\/\/agora.xtec.cat\/insaferrer\/wp-json\/wp\/v2\/tags?post=3528"}],"curies":[{"name":"wp","href":"https:\/\/api.w.org\/{rel}","templated":true}]}}