{"id":3397,"date":"2026-01-26T18:46:22","date_gmt":"2026-01-26T17:46:22","guid":{"rendered":"https:\/\/agora.xtec.cat\/insaferrer\/?p=3397"},"modified":"2026-02-24T12:01:38","modified_gmt":"2026-02-24T11:01:38","slug":"jornada-de-portes-obertes-eso-2026-2027","status":"publish","type":"post","link":"https:\/\/agora.xtec.cat\/insaferrer\/general\/jornada-de-portes-obertes-eso-2026-2027\/","title":{"rendered":"Jornada de Portes Obertes ESO 2026-2027"},"content":{"rendered":"<p><span style=\"font-weight: 400;\">El pr\u00f2xim <strong><span style=\"color: #339966;\">divendres 20 de febrer de 2026<\/span><\/strong>, l\u2019Institut Angeleta Ferrer obre les portes a les fam\u00edlies que estiguin interessades a matricular el seu fill o filla el curs vinent.<\/span><\/p>\n<p><span style=\"font-weight: 400;\">Hi haur\u00e0 dos torns de visita, a les 16:00 i a les 18:00, durant els quals es presentar\u00e0 el projecte educatiu del centre i es podr\u00e0 con\u00e8ixer de prop el funcionament de l\u2019institut, els espais i la comunitat educativa.<\/span><\/p>\n<p><span style=\"font-weight: 400;\">En aquesta jornada tamb\u00e9 comptarem amb la participaci\u00f3 d\u2019alumnat i antics alumnes, que compartiran la seva experi\u00e8ncia a l\u2019Angeleta Ferrer.<\/span><\/p>\n<p>La jornada est\u00e0 organitzada en dos torns, un a les <span style=\"color: #339966;\"><strong>16:00 h<\/strong><\/span> i un altre a les <strong><span style=\"color: #339966;\">18:00 h<\/span><\/strong>, les persones interessades a assistir-hi<strong>\u00a0cal que ompliu el seg\u00fcent formulari indicant el torn en el qual assistireu:<\/strong><\/p>\n<h5 style=\"text-align: center;\"><a href=\"https:\/\/forms.gle\/RC6XufubEP1oR5dF7\">Formulari d&#8217;inscripci\u00f3 a les Portes Obertes de l&#8217;ESO curs 2026-2027<\/a><\/h5>\n<p>&nbsp;<\/p>\n<p>Per a la vostra informaci\u00f3, podeu consultar les dates de la preinscripci\u00f3 2025-2026 en aquesta p\u00e0gina del Consorci d\u2019Educaci\u00f3.<\/p>\n<p><a href=\"https:\/\/www.edubcn.cat\/ca\/alumnat_i_familia\/informacio_general_matriculacio\/preinscripcio_info\">Informaci\u00f3 preinscripci\u00f3 2026-2027 del consorci d&#8217;Educaci\u00f3<\/a><\/p>\n<p>Tamb\u00e9 us recomanem molt anar a veure les Jornades de portes obertes dels altres instituts de l\u2019Eixample!<\/p>\n<p><a href=\"https:\/\/agora.xtec.cat\/insaferrer\/wp-content\/uploads\/usu2510\/2026\/01\/Cartell-PPOO-Eixample-2026-V.-def.pdf\">Cartell Portes Obertes de l&#8217;Eixample 2026<\/a><\/p>\n","protected":false},"excerpt":{"rendered":"<p>El pr\u00f2xim divendres 20 de febrer de 2026, l\u2019Institut Angeleta Ferrer obre les portes a les fam\u00edlies que estiguin interessades a matricular el seu fill o filla el curs vinent.<br \/>\nHi haur\u00e0 dos torns de visita, a les 16:00 i a les 18:00, durant els quals&hellip;  <a href=\"https:\/\/agora.xtec.cat\/insaferrer\/general\/jornada-de-portes-obertes-eso-2026-2027\/\" title=\"Read Jornada de Portes Obertes ESO 2026-2027\">Llegeix m\u00e9s\u00bb<\/a><\/p>\n","protected":false},"author":1,"featured_media":3410,"comment_status":"closed","ping_status":"open","sticky":false,"template":"","format":"standard","meta":{"_bbp_topic_count":0,"_bbp_reply_count":0,"_bbp_total_topic_count":0,"_bbp_total_reply_count":0,"_bbp_voice_count":0,"_bbp_anonymous_reply_count":0,"_bbp_topic_count_hidden":0,"_bbp_reply_count_hidden":0,"_bbp_forum_subforum_count":0,"footnotes":""},"categories":[1,29],"tags":[174,120],"class_list":["post-3397","post","type-post","status-publish","format-standard","has-post-thumbnail","hentry","category-general","category-portada","tag-eso","tag-portes-obertes"],"post_mailing_queue_ids":[],"_links":{"self":[{"href":"https:\/\/agora.xtec.cat\/insaferrer\/wp-json\/wp\/v2\/posts\/3397","targetHints":{"allow":["GET"]}}],"collection":[{"href":"https:\/\/agora.xtec.cat\/insaferrer\/wp-json\/wp\/v2\/posts"}],"about":[{"href":"https:\/\/agora.xtec.cat\/insaferrer\/wp-json\/wp\/v2\/types\/post"}],"author":[{"embeddable":true,"href":"https:\/\/agora.xtec.cat\/insaferrer\/wp-json\/wp\/v2\/users\/1"}],"replies":[{"embeddable":true,"href":"https:\/\/agora.xtec.cat\/insaferrer\/wp-json\/wp\/v2\/comments?post=3397"}],"version-history":[{"count":5,"href":"https:\/\/agora.xtec.cat\/insaferrer\/wp-json\/wp\/v2\/posts\/3397\/revisions"}],"predecessor-version":[{"id":3527,"href":"https:\/\/agora.xtec.cat\/insaferrer\/wp-json\/wp\/v2\/posts\/3397\/revisions\/3527"}],"wp:featuredmedia":[{"embeddable":true,"href":"https:\/\/agora.xtec.cat\/insaferrer\/wp-json\/wp\/v2\/media\/3410"}],"wp:attachment":[{"href":"https:\/\/agora.xtec.cat\/insaferrer\/wp-json\/wp\/v2\/media?parent=3397"}],"wp:term":[{"taxonomy":"category","embeddable":true,"href":"https:\/\/agora.xtec.cat\/insaferrer\/wp-json\/wp\/v2\/categories?post=3397"},{"taxonomy":"post_tag","embeddable":true,"href":"https:\/\/agora.xtec.cat\/insaferrer\/wp-json\/wp\/v2\/tags?post=3397"}],"curies":[{"name":"wp","href":"https:\/\/api.w.org\/{rel}","templated":true}]}}