{"id":3362,"date":"2026-01-18T18:37:20","date_gmt":"2026-01-18T17:37:20","guid":{"rendered":"https:\/\/agora.xtec.cat\/insaferrer\/?p=3362"},"modified":"2026-01-18T19:19:12","modified_gmt":"2026-01-18T18:19:12","slug":"participem-al-projecte-tenim-17-anys","status":"publish","type":"post","link":"https:\/\/agora.xtec.cat\/insaferrer\/general\/participem-al-projecte-tenim-17-anys\/","title":{"rendered":"Participem al projecte &#8220;Tenim 17 anys&#8221;"},"content":{"rendered":"<p>Amb l&#8217;alumnat de 1r de Batxillerat, participem en el projecte &#8220;Tenim 17 anys&#8221;, una iniciativa de l&#8217;associaci\u00f3 A Bao A Qu que compartim amb altres centres i que formar\u00e0 part de l&#8217;exposici\u00f3 <a href=\"https:\/\/www.cccb.org\/ca\/exposicions\/fitxa\/tenim-disset-anys\/249465\">&#8220;Tenim 17 anys&#8221; que hi haur\u00e0 al CCCB<\/a> aquest pr\u00f2xim mes de mar\u00e7.<\/p>\n<p>Per acompanyar-nos en la proposta hem realitzat sessions amb el creador Mart\u00ed Madaula. Hem gravat paraules, converses, hem pensat sobre qu\u00e8 fem, el que ens agrada, els nostres espais quotidians, els nostres amics, els nostres espais emocionals, les nostres preocupacions, els nostres desitjos, el temps d&#8217;oci&#8230;<\/p>\n<p><a href=\"https:\/\/agora.xtec.cat\/insaferrer\/wp-content\/uploads\/usu2510\/2026\/01\/IMG_3411-scaled.jpg\"><img loading=\"lazy\" decoding=\"async\" class=\"size-medium wp-image-3364 alignnone\" src=\"https:\/\/agora.xtec.cat\/insaferrer\/wp-content\/uploads\/usu2510\/2026\/01\/IMG_3411-300x225.jpg\" alt=\"\" width=\"300\" height=\"225\" srcset=\"https:\/\/agora.xtec.cat\/insaferrer\/wp-content\/uploads\/usu2510\/2026\/01\/IMG_3411-300x225.jpg 300w, https:\/\/agora.xtec.cat\/insaferrer\/wp-content\/uploads\/usu2510\/2026\/01\/IMG_3411-1024x768.jpg 1024w, https:\/\/agora.xtec.cat\/insaferrer\/wp-content\/uploads\/usu2510\/2026\/01\/IMG_3411-768x576.jpg 768w, https:\/\/agora.xtec.cat\/insaferrer\/wp-content\/uploads\/usu2510\/2026\/01\/IMG_3411-1536x1152.jpg 1536w, https:\/\/agora.xtec.cat\/insaferrer\/wp-content\/uploads\/usu2510\/2026\/01\/IMG_3411-2048x1536.jpg 2048w, https:\/\/agora.xtec.cat\/insaferrer\/wp-content\/uploads\/usu2510\/2026\/01\/IMG_3411-200x150.jpg 200w\" sizes=\"auto, (max-width: 300px) 100vw, 300px\" \/><\/a> <a href=\"https:\/\/agora.xtec.cat\/insaferrer\/wp-content\/uploads\/usu2510\/2026\/01\/IMG_3414-scaled.jpg\"><img loading=\"lazy\" decoding=\"async\" class=\"size-medium wp-image-3365 alignnone\" src=\"https:\/\/agora.xtec.cat\/insaferrer\/wp-content\/uploads\/usu2510\/2026\/01\/IMG_3414-300x225.jpg\" alt=\"\" width=\"300\" height=\"225\" srcset=\"https:\/\/agora.xtec.cat\/insaferrer\/wp-content\/uploads\/usu2510\/2026\/01\/IMG_3414-300x225.jpg 300w, https:\/\/agora.xtec.cat\/insaferrer\/wp-content\/uploads\/usu2510\/2026\/01\/IMG_3414-1024x768.jpg 1024w, https:\/\/agora.xtec.cat\/insaferrer\/wp-content\/uploads\/usu2510\/2026\/01\/IMG_3414-768x576.jpg 768w, https:\/\/agora.xtec.cat\/insaferrer\/wp-content\/uploads\/usu2510\/2026\/01\/IMG_3414-1536x1152.jpg 1536w, https:\/\/agora.xtec.cat\/insaferrer\/wp-content\/uploads\/usu2510\/2026\/01\/IMG_3414-2048x1536.jpg 2048w, https:\/\/agora.xtec.cat\/insaferrer\/wp-content\/uploads\/usu2510\/2026\/01\/IMG_3414-200x150.jpg 200w\" sizes=\"auto, (max-width: 300px) 100vw, 300px\" \/><\/a><\/p>\n<p><a href=\"https:\/\/agora.xtec.cat\/insaferrer\/wp-content\/uploads\/usu2510\/2026\/01\/IMG_3416-1.jpg\"><img loading=\"lazy\" decoding=\"async\" class=\"size-medium wp-image-3371 alignnone\" src=\"https:\/\/agora.xtec.cat\/insaferrer\/wp-content\/uploads\/usu2510\/2026\/01\/IMG_3416-1-300x225.jpg\" alt=\"\" width=\"300\" height=\"225\" srcset=\"https:\/\/agora.xtec.cat\/insaferrer\/wp-content\/uploads\/usu2510\/2026\/01\/IMG_3416-1-300x225.jpg 300w, https:\/\/agora.xtec.cat\/insaferrer\/wp-content\/uploads\/usu2510\/2026\/01\/IMG_3416-1-768x576.jpg 768w, https:\/\/agora.xtec.cat\/insaferrer\/wp-content\/uploads\/usu2510\/2026\/01\/IMG_3416-1-200x150.jpg 200w, https:\/\/agora.xtec.cat\/insaferrer\/wp-content\/uploads\/usu2510\/2026\/01\/IMG_3416-1.jpg 1024w\" sizes=\"auto, (max-width: 300px) 100vw, 300px\" \/> <\/a><a href=\"https:\/\/agora.xtec.cat\/insaferrer\/wp-content\/uploads\/usu2510\/2026\/01\/IMG_3412.jpg\"><img loading=\"lazy\" decoding=\"async\" class=\"size-medium wp-image-3368 alignnone\" src=\"https:\/\/agora.xtec.cat\/insaferrer\/wp-content\/uploads\/usu2510\/2026\/01\/IMG_3412-300x225.jpg\" alt=\"\" width=\"300\" height=\"225\" srcset=\"https:\/\/agora.xtec.cat\/insaferrer\/wp-content\/uploads\/usu2510\/2026\/01\/IMG_3412-300x225.jpg 300w, https:\/\/agora.xtec.cat\/insaferrer\/wp-content\/uploads\/usu2510\/2026\/01\/IMG_3412-768x576.jpg 768w, https:\/\/agora.xtec.cat\/insaferrer\/wp-content\/uploads\/usu2510\/2026\/01\/IMG_3412-200x150.jpg 200w, https:\/\/agora.xtec.cat\/insaferrer\/wp-content\/uploads\/usu2510\/2026\/01\/IMG_3412.jpg 1024w\" sizes=\"auto, (max-width: 300px) 100vw, 300px\" \/><\/a><\/p>\n<p>Ho hem fet a trav\u00e9s de la paraula escrita i escoltada, tamb\u00e9 amb fotografies que hem fet d&#8217;aquelles coses que ens caracteritzen o ens representen com a joves de 17 anys.<\/p>\n<p>A continuaci\u00f3 algunes de les fotografies que hem fet, retrat, espais emocionals, espais<\/p>\n<p><a href=\"https:\/\/agora.xtec.cat\/insaferrer\/wp-content\/uploads\/usu2510\/2026\/01\/ALi.png\">\u00a0<\/a><a href=\"https:\/\/agora.xtec.cat\/insaferrer\/wp-content\/uploads\/usu2510\/2026\/01\/Biel_Sellares_RetratIndividual.jpg\"><img loading=\"lazy\" decoding=\"async\" class=\"size-medium wp-image-3375 alignnone\" src=\"https:\/\/agora.xtec.cat\/insaferrer\/wp-content\/uploads\/usu2510\/2026\/01\/Biel_Sellares_RetratIndividual-225x300.jpg\" alt=\"\" width=\"225\" height=\"300\" srcset=\"https:\/\/agora.xtec.cat\/insaferrer\/wp-content\/uploads\/usu2510\/2026\/01\/Biel_Sellares_RetratIndividual-225x300.jpg 225w, https:\/\/agora.xtec.cat\/insaferrer\/wp-content\/uploads\/usu2510\/2026\/01\/Biel_Sellares_RetratIndividual-768x1024.jpg 768w, https:\/\/agora.xtec.cat\/insaferrer\/wp-content\/uploads\/usu2510\/2026\/01\/Biel_Sellares_RetratIndividual.jpg 1024w\" sizes=\"auto, (max-width: 225px) 100vw, 225px\" \/> <\/a><a href=\"https:\/\/agora.xtec.cat\/insaferrer\/wp-content\/uploads\/usu2510\/2026\/01\/Milo_Bica_Retrat3.jpg\"><img loading=\"lazy\" decoding=\"async\" class=\"size-medium wp-image-3381 alignnone\" src=\"https:\/\/agora.xtec.cat\/insaferrer\/wp-content\/uploads\/usu2510\/2026\/01\/Milo_Bica_Retrat3-225x300.jpg\" alt=\"\" width=\"225\" height=\"300\" srcset=\"https:\/\/agora.xtec.cat\/insaferrer\/wp-content\/uploads\/usu2510\/2026\/01\/Milo_Bica_Retrat3-225x300.jpg 225w, https:\/\/agora.xtec.cat\/insaferrer\/wp-content\/uploads\/usu2510\/2026\/01\/Milo_Bica_Retrat3-768x1024.jpg 768w, https:\/\/agora.xtec.cat\/insaferrer\/wp-content\/uploads\/usu2510\/2026\/01\/Milo_Bica_Retrat3.jpg 1024w\" sizes=\"auto, (max-width: 225px) 100vw, 225px\" \/>\u00a0<\/a><img loading=\"lazy\" decoding=\"async\" class=\"size-medium wp-image-3373 alignnone\" src=\"https:\/\/agora.xtec.cat\/insaferrer\/wp-content\/uploads\/usu2510\/2026\/01\/ALi-166x300.png\" alt=\"\" width=\"166\" height=\"300\" srcset=\"https:\/\/agora.xtec.cat\/insaferrer\/wp-content\/uploads\/usu2510\/2026\/01\/ALi-166x300.png 166w, https:\/\/agora.xtec.cat\/insaferrer\/wp-content\/uploads\/usu2510\/2026\/01\/ALi-567x1024.png 567w, https:\/\/agora.xtec.cat\/insaferrer\/wp-content\/uploads\/usu2510\/2026\/01\/ALi-768x1386.png 768w, https:\/\/agora.xtec.cat\/insaferrer\/wp-content\/uploads\/usu2510\/2026\/01\/ALi-851x1536.png 851w, https:\/\/agora.xtec.cat\/insaferrer\/wp-content\/uploads\/usu2510\/2026\/01\/ALi.png 1024w\" sizes=\"auto, (max-width: 166px) 100vw, 166px\" \/> <a href=\"https:\/\/agora.xtec.cat\/insaferrer\/wp-content\/uploads\/usu2510\/2026\/01\/Santi-Mallmann-19.01.35.png\"><img loading=\"lazy\" decoding=\"async\" class=\"size-medium wp-image-3392 alignnone\" src=\"https:\/\/agora.xtec.cat\/insaferrer\/wp-content\/uploads\/usu2510\/2026\/01\/Santi-Mallmann-19.01.35-224x300.png\" alt=\"\" width=\"224\" height=\"300\" srcset=\"https:\/\/agora.xtec.cat\/insaferrer\/wp-content\/uploads\/usu2510\/2026\/01\/Santi-Mallmann-19.01.35-224x300.png 224w, https:\/\/agora.xtec.cat\/insaferrer\/wp-content\/uploads\/usu2510\/2026\/01\/Santi-Mallmann-19.01.35-765x1024.png 765w, https:\/\/agora.xtec.cat\/insaferrer\/wp-content\/uploads\/usu2510\/2026\/01\/Santi-Mallmann-19.01.35-768x1028.png 768w, https:\/\/agora.xtec.cat\/insaferrer\/wp-content\/uploads\/usu2510\/2026\/01\/Santi-Mallmann-19.01.35.png 840w\" sizes=\"auto, (max-width: 224px) 100vw, 224px\" \/><\/a><\/p>\n<p><a href=\"https:\/\/agora.xtec.cat\/insaferrer\/wp-content\/uploads\/usu2510\/2026\/01\/Copia-de-Pablo-Escalona.jpg\">\u00a0 <\/a><a href=\"https:\/\/agora.xtec.cat\/insaferrer\/wp-content\/uploads\/usu2510\/2026\/01\/Copia-de-Pablo-Escalona.jpg\"><img loading=\"lazy\" decoding=\"async\" class=\"alignnone wp-image-3378 \" src=\"https:\/\/agora.xtec.cat\/insaferrer\/wp-content\/uploads\/usu2510\/2026\/01\/Copia-de-Pablo-Escalona-e1768756052553-300x171.jpg\" alt=\"\" width=\"307\" height=\"175\" srcset=\"https:\/\/agora.xtec.cat\/insaferrer\/wp-content\/uploads\/usu2510\/2026\/01\/Copia-de-Pablo-Escalona-e1768756052553-300x171.jpg 300w, https:\/\/agora.xtec.cat\/insaferrer\/wp-content\/uploads\/usu2510\/2026\/01\/Copia-de-Pablo-Escalona-e1768756052553-768x438.jpg 768w, https:\/\/agora.xtec.cat\/insaferrer\/wp-content\/uploads\/usu2510\/2026\/01\/Copia-de-Pablo-Escalona-e1768756052553.jpg 828w\" sizes=\"auto, (max-width: 307px) 100vw, 307px\" \/>\u00a0<\/a><a href=\"https:\/\/agora.xtec.cat\/insaferrer\/wp-content\/uploads\/usu2510\/2026\/01\/firdaus.zidane.jpg\"><img loading=\"lazy\" decoding=\"async\" class=\" wp-image-3379 alignnone\" src=\"https:\/\/agora.xtec.cat\/insaferrer\/wp-content\/uploads\/usu2510\/2026\/01\/firdaus.zidane-300x225.jpg\" alt=\"\" width=\"235\" height=\"177\" srcset=\"https:\/\/agora.xtec.cat\/insaferrer\/wp-content\/uploads\/usu2510\/2026\/01\/firdaus.zidane-300x225.jpg 300w, https:\/\/agora.xtec.cat\/insaferrer\/wp-content\/uploads\/usu2510\/2026\/01\/firdaus.zidane-768x576.jpg 768w, https:\/\/agora.xtec.cat\/insaferrer\/wp-content\/uploads\/usu2510\/2026\/01\/firdaus.zidane-200x150.jpg 200w, https:\/\/agora.xtec.cat\/insaferrer\/wp-content\/uploads\/usu2510\/2026\/01\/firdaus.zidane.jpg 1024w\" sizes=\"auto, (max-width: 235px) 100vw, 235px\" \/> <\/a><a href=\"https:\/\/agora.xtec.cat\/insaferrer\/wp-content\/uploads\/usu2510\/2026\/01\/Salma-Assou.jpeg\"><img loading=\"lazy\" decoding=\"async\" class=\"wp-image-3384 alignnone\" src=\"https:\/\/agora.xtec.cat\/insaferrer\/wp-content\/uploads\/usu2510\/2026\/01\/Salma-Assou-300x225.jpeg\" alt=\"\" width=\"235\" height=\"176\" srcset=\"https:\/\/agora.xtec.cat\/insaferrer\/wp-content\/uploads\/usu2510\/2026\/01\/Salma-Assou-300x225.jpeg 300w, https:\/\/agora.xtec.cat\/insaferrer\/wp-content\/uploads\/usu2510\/2026\/01\/Salma-Assou-768x576.jpeg 768w, https:\/\/agora.xtec.cat\/insaferrer\/wp-content\/uploads\/usu2510\/2026\/01\/Salma-Assou-200x150.jpeg 200w, https:\/\/agora.xtec.cat\/insaferrer\/wp-content\/uploads\/usu2510\/2026\/01\/Salma-Assou.jpeg 1024w\" sizes=\"auto, (max-width: 235px) 100vw, 235px\" \/><\/a><\/p>\n<p><a href=\"https:\/\/agora.xtec.cat\/insaferrer\/wp-content\/uploads\/usu2510\/2026\/01\/Alina-Peraire_Espai-emocional_3.jpg\"><img loading=\"lazy\" decoding=\"async\" class=\" wp-image-3374 alignnone\" src=\"https:\/\/agora.xtec.cat\/insaferrer\/wp-content\/uploads\/usu2510\/2026\/01\/Alina-Peraire_Espai-emocional_3-300x226.jpg\" alt=\"\" width=\"309\" height=\"233\" srcset=\"https:\/\/agora.xtec.cat\/insaferrer\/wp-content\/uploads\/usu2510\/2026\/01\/Alina-Peraire_Espai-emocional_3-300x226.jpg 300w, https:\/\/agora.xtec.cat\/insaferrer\/wp-content\/uploads\/usu2510\/2026\/01\/Alina-Peraire_Espai-emocional_3-768x578.jpg 768w, https:\/\/agora.xtec.cat\/insaferrer\/wp-content\/uploads\/usu2510\/2026\/01\/Alina-Peraire_Espai-emocional_3-200x150.jpg 200w, https:\/\/agora.xtec.cat\/insaferrer\/wp-content\/uploads\/usu2510\/2026\/01\/Alina-Peraire_Espai-emocional_3.jpg 1024w\" sizes=\"auto, (max-width: 309px) 100vw, 309px\" \/> <\/a><a href=\"https:\/\/agora.xtec.cat\/insaferrer\/wp-content\/uploads\/usu2510\/2026\/01\/Castello_Teo_EspaisEmocionals2.jpg\"><img loading=\"lazy\" decoding=\"async\" class=\" wp-image-3376 alignnone\" src=\"https:\/\/agora.xtec.cat\/insaferrer\/wp-content\/uploads\/usu2510\/2026\/01\/Castello_Teo_EspaisEmocionals2-300x225.jpg\" alt=\"\" width=\"313\" height=\"235\" srcset=\"https:\/\/agora.xtec.cat\/insaferrer\/wp-content\/uploads\/usu2510\/2026\/01\/Castello_Teo_EspaisEmocionals2-300x225.jpg 300w, https:\/\/agora.xtec.cat\/insaferrer\/wp-content\/uploads\/usu2510\/2026\/01\/Castello_Teo_EspaisEmocionals2-768x576.jpg 768w, https:\/\/agora.xtec.cat\/insaferrer\/wp-content\/uploads\/usu2510\/2026\/01\/Castello_Teo_EspaisEmocionals2-200x150.jpg 200w, https:\/\/agora.xtec.cat\/insaferrer\/wp-content\/uploads\/usu2510\/2026\/01\/Castello_Teo_EspaisEmocionals2.jpg 1024w\" sizes=\"auto, (max-width: 313px) 100vw, 313px\" \/><\/a> <a href=\"https:\/\/agora.xtec.cat\/insaferrer\/wp-content\/uploads\/usu2510\/2026\/01\/Kawthar.jpg\"><img loading=\"lazy\" decoding=\"async\" class=\" wp-image-3390 alignnone\" src=\"https:\/\/agora.xtec.cat\/insaferrer\/wp-content\/uploads\/usu2510\/2026\/01\/Kawthar-169x300.jpg\" alt=\"\" width=\"133\" height=\"236\" srcset=\"https:\/\/agora.xtec.cat\/insaferrer\/wp-content\/uploads\/usu2510\/2026\/01\/Kawthar-169x300.jpg 169w, https:\/\/agora.xtec.cat\/insaferrer\/wp-content\/uploads\/usu2510\/2026\/01\/Kawthar-576x1024.jpg 576w, https:\/\/agora.xtec.cat\/insaferrer\/wp-content\/uploads\/usu2510\/2026\/01\/Kawthar-768x1365.jpg 768w, https:\/\/agora.xtec.cat\/insaferrer\/wp-content\/uploads\/usu2510\/2026\/01\/Kawthar-864x1536.jpg 864w, https:\/\/agora.xtec.cat\/insaferrer\/wp-content\/uploads\/usu2510\/2026\/01\/Kawthar.jpg 1024w\" sizes=\"auto, (max-width: 133px) 100vw, 133px\" \/> <\/a><a href=\"https:\/\/agora.xtec.cat\/insaferrer\/wp-content\/uploads\/usu2510\/2026\/01\/notivoli_daniela_habitacio-1-copia.jpg\"><img loading=\"lazy\" decoding=\"async\" class=\" wp-image-3391 alignnone\" src=\"https:\/\/agora.xtec.cat\/insaferrer\/wp-content\/uploads\/usu2510\/2026\/01\/notivoli_daniela_habitacio-1-copia-300x225.jpg\" alt=\"\" width=\"228\" height=\"171\" srcset=\"https:\/\/agora.xtec.cat\/insaferrer\/wp-content\/uploads\/usu2510\/2026\/01\/notivoli_daniela_habitacio-1-copia-300x225.jpg 300w, https:\/\/agora.xtec.cat\/insaferrer\/wp-content\/uploads\/usu2510\/2026\/01\/notivoli_daniela_habitacio-1-copia-768x576.jpg 768w, https:\/\/agora.xtec.cat\/insaferrer\/wp-content\/uploads\/usu2510\/2026\/01\/notivoli_daniela_habitacio-1-copia-200x150.jpg 200w, https:\/\/agora.xtec.cat\/insaferrer\/wp-content\/uploads\/usu2510\/2026\/01\/notivoli_daniela_habitacio-1-copia.jpg 1024w\" sizes=\"auto, (max-width: 228px) 100vw, 228px\" \/> <\/a><a href=\"https:\/\/agora.xtec.cat\/insaferrer\/wp-content\/uploads\/usu2510\/2026\/01\/Manuel-Moya-Salvador_.jpg\"><img loading=\"lazy\" decoding=\"async\" class=\" wp-image-3380\" src=\"https:\/\/agora.xtec.cat\/insaferrer\/wp-content\/uploads\/usu2510\/2026\/01\/Manuel-Moya-Salvador_-300x169.jpg\" alt=\"\" width=\"308\" height=\"173\" srcset=\"https:\/\/agora.xtec.cat\/insaferrer\/wp-content\/uploads\/usu2510\/2026\/01\/Manuel-Moya-Salvador_-300x169.jpg 300w, https:\/\/agora.xtec.cat\/insaferrer\/wp-content\/uploads\/usu2510\/2026\/01\/Manuel-Moya-Salvador_-768x432.jpg 768w, https:\/\/agora.xtec.cat\/insaferrer\/wp-content\/uploads\/usu2510\/2026\/01\/Manuel-Moya-Salvador_.jpg 1024w\" sizes=\"auto, (max-width: 308px) 100vw, 308px\" \/><\/a><a href=\"https:\/\/agora.xtec.cat\/insaferrer\/wp-content\/uploads\/usu2510\/2026\/01\/Manuel-Moya-Salvador_.jpg\">\u00a0<\/a><a href=\"https:\/\/agora.xtec.cat\/insaferrer\/wp-content\/uploads\/usu2510\/2026\/01\/pablo_Escalona_imatge.jpg\"><img loading=\"lazy\" decoding=\"async\" class=\" wp-image-3382 alignnone\" src=\"https:\/\/agora.xtec.cat\/insaferrer\/wp-content\/uploads\/usu2510\/2026\/01\/pablo_Escalona_imatge-300x225.jpg\" alt=\"\" width=\"229\" height=\"172\" srcset=\"https:\/\/agora.xtec.cat\/insaferrer\/wp-content\/uploads\/usu2510\/2026\/01\/pablo_Escalona_imatge-300x225.jpg 300w, https:\/\/agora.xtec.cat\/insaferrer\/wp-content\/uploads\/usu2510\/2026\/01\/pablo_Escalona_imatge-768x576.jpg 768w, https:\/\/agora.xtec.cat\/insaferrer\/wp-content\/uploads\/usu2510\/2026\/01\/pablo_Escalona_imatge-200x150.jpg 200w, https:\/\/agora.xtec.cat\/insaferrer\/wp-content\/uploads\/usu2510\/2026\/01\/pablo_Escalona_imatge.jpg 1024w\" sizes=\"auto, (max-width: 229px) 100vw, 229px\" \/><\/a><\/p>\n<p><a href=\"https:\/\/agora.xtec.cat\/insaferrer\/wp-content\/uploads\/usu2510\/2026\/01\/Copia-de-Alina-Peraire_habitacio.jpg\"><img loading=\"lazy\" decoding=\"async\" class=\" wp-image-3377 alignnone\" src=\"https:\/\/agora.xtec.cat\/insaferrer\/wp-content\/uploads\/usu2510\/2026\/01\/Copia-de-Alina-Peraire_habitacio-246x300.jpg\" alt=\"\" width=\"203\" height=\"248\" srcset=\"https:\/\/agora.xtec.cat\/insaferrer\/wp-content\/uploads\/usu2510\/2026\/01\/Copia-de-Alina-Peraire_habitacio-246x300.jpg 246w, https:\/\/agora.xtec.cat\/insaferrer\/wp-content\/uploads\/usu2510\/2026\/01\/Copia-de-Alina-Peraire_habitacio-838x1024.jpg 838w, https:\/\/agora.xtec.cat\/insaferrer\/wp-content\/uploads\/usu2510\/2026\/01\/Copia-de-Alina-Peraire_habitacio-768x938.jpg 768w, https:\/\/agora.xtec.cat\/insaferrer\/wp-content\/uploads\/usu2510\/2026\/01\/Copia-de-Alina-Peraire_habitacio.jpg 1024w\" sizes=\"auto, (max-width: 203px) 100vw, 203px\" \/> <\/a><a href=\"https:\/\/agora.xtec.cat\/insaferrer\/wp-content\/uploads\/usu2510\/2026\/01\/Phany_Tenim17anys_Habitacio-1.jpg\"><img loading=\"lazy\" decoding=\"async\" class=\" wp-image-3388 alignnone\" src=\"https:\/\/agora.xtec.cat\/insaferrer\/wp-content\/uploads\/usu2510\/2026\/01\/Phany_Tenim17anys_Habitacio-1-225x300.jpg\" alt=\"\" width=\"185\" height=\"247\" srcset=\"https:\/\/agora.xtec.cat\/insaferrer\/wp-content\/uploads\/usu2510\/2026\/01\/Phany_Tenim17anys_Habitacio-1-225x300.jpg 225w, https:\/\/agora.xtec.cat\/insaferrer\/wp-content\/uploads\/usu2510\/2026\/01\/Phany_Tenim17anys_Habitacio-1-768x1024.jpg 768w, https:\/\/agora.xtec.cat\/insaferrer\/wp-content\/uploads\/usu2510\/2026\/01\/Phany_Tenim17anys_Habitacio-1.jpg 1024w\" sizes=\"auto, (max-width: 185px) 100vw, 185px\" \/><\/a> <a href=\"https:\/\/agora.xtec.cat\/insaferrer\/wp-content\/uploads\/usu2510\/2026\/01\/Rita-Wari-Habitacio-copia.jpg\"><img loading=\"lazy\" decoding=\"async\" class=\" wp-image-3389 alignnone\" src=\"https:\/\/agora.xtec.cat\/insaferrer\/wp-content\/uploads\/usu2510\/2026\/01\/Rita-Wari-Habitacio-copia-224x300.jpg\" alt=\"\" width=\"183\" height=\"245\" srcset=\"https:\/\/agora.xtec.cat\/insaferrer\/wp-content\/uploads\/usu2510\/2026\/01\/Rita-Wari-Habitacio-copia-224x300.jpg 224w, https:\/\/agora.xtec.cat\/insaferrer\/wp-content\/uploads\/usu2510\/2026\/01\/Rita-Wari-Habitacio-copia-764x1024.jpg 764w, https:\/\/agora.xtec.cat\/insaferrer\/wp-content\/uploads\/usu2510\/2026\/01\/Rita-Wari-Habitacio-copia-768x1030.jpg 768w, https:\/\/agora.xtec.cat\/insaferrer\/wp-content\/uploads\/usu2510\/2026\/01\/Rita-Wari-Habitacio-copia.jpg 1024w\" sizes=\"auto, (max-width: 183px) 100vw, 183px\" \/><\/a><\/p>\n<p><a href=\"https:\/\/agora.xtec.cat\/insaferrer\/wp-content\/uploads\/usu2510\/2026\/01\/RITA-WARI.jpg\"><img loading=\"lazy\" decoding=\"async\" class=\" wp-image-3383\" src=\"https:\/\/agora.xtec.cat\/insaferrer\/wp-content\/uploads\/usu2510\/2026\/01\/RITA-WARI-225x300.jpg\" alt=\"\" width=\"185\" height=\"247\" srcset=\"https:\/\/agora.xtec.cat\/insaferrer\/wp-content\/uploads\/usu2510\/2026\/01\/RITA-WARI-225x300.jpg 225w, https:\/\/agora.xtec.cat\/insaferrer\/wp-content\/uploads\/usu2510\/2026\/01\/RITA-WARI-768x1024.jpg 768w, https:\/\/agora.xtec.cat\/insaferrer\/wp-content\/uploads\/usu2510\/2026\/01\/RITA-WARI.jpg 1024w\" sizes=\"auto, (max-width: 185px) 100vw, 185px\" \/><\/a><\/p>\n<div class=\"mceTemp\"><\/div>\n<p>En el proc\u00e9s de creaci\u00f3, tant de textos com d&#8217;imatges, hem descobert referents i sobretot ens ha inspirat Johan Van der Keuken i la s\u00e8rie de fotografies que va fer el cineasta quan tenia 17 anys i que formen part de l&#8217;exposici\u00f3 que podrem veure al CCCB al mar\u00e7.<\/p>\n<p>Us anirem mostrant el proc\u00e9s de creaci\u00f3!<\/p>\n","protected":false},"excerpt":{"rendered":"<p>Amb l&#8217;alumnat de 1r de Batxillerat, participem en el projecte &#8220;Tenim 17 anys&#8221;, una iniciativa de l&#8217;associaci\u00f3 A Bao A Qu que compartim amb altres centres i que formar\u00e0 part de l&#8217;exposici\u00f3 <a href=\"https:\/\/www.cccb.org\/ca\/exposicions\/fitxa\/tenim-disset-anys\/249465\">&#8220;Tenim 17 anys&#8221; que hi haur\u00e0 al CCCB<\/a> aquest pr\u00f2xim mes de&hellip;  <a href=\"https:\/\/agora.xtec.cat\/insaferrer\/general\/participem-al-projecte-tenim-17-anys\/\" title=\"Read Participem al projecte &#8220;Tenim 17 anys&#8221;\">Llegeix m\u00e9s\u00bb<\/a><\/p>\n","protected":false},"author":1,"featured_media":3369,"comment_status":"closed","ping_status":"open","sticky":false,"template":"","format":"standard","meta":{"_bbp_topic_count":0,"_bbp_reply_count":0,"_bbp_total_topic_count":0,"_bbp_total_reply_count":0,"_bbp_voice_count":0,"_bbp_anonymous_reply_count":0,"_bbp_topic_count_hidden":0,"_bbp_reply_count_hidden":0,"_bbp_forum_subforum_count":0,"footnotes":""},"categories":[124,8,1,29],"tags":[164,115,173],"class_list":["post-3362","post","type-post","status-publish","format-standard","has-post-thumbnail","hentry","category-alumnat","category-batxillerat","category-general","category-portada","tag-batxillerat","tag-exposicio","tag-tenim-17-anys"],"post_mailing_queue_ids":[],"_links":{"self":[{"href":"https:\/\/agora.xtec.cat\/insaferrer\/wp-json\/wp\/v2\/posts\/3362","targetHints":{"allow":["GET"]}}],"collection":[{"href":"https:\/\/agora.xtec.cat\/insaferrer\/wp-json\/wp\/v2\/posts"}],"about":[{"href":"https:\/\/agora.xtec.cat\/insaferrer\/wp-json\/wp\/v2\/types\/post"}],"author":[{"embeddable":true,"href":"https:\/\/agora.xtec.cat\/insaferrer\/wp-json\/wp\/v2\/users\/1"}],"replies":[{"embeddable":true,"href":"https:\/\/agora.xtec.cat\/insaferrer\/wp-json\/wp\/v2\/comments?post=3362"}],"version-history":[{"count":5,"href":"https:\/\/agora.xtec.cat\/insaferrer\/wp-json\/wp\/v2\/posts\/3362\/revisions"}],"predecessor-version":[{"id":3393,"href":"https:\/\/agora.xtec.cat\/insaferrer\/wp-json\/wp\/v2\/posts\/3362\/revisions\/3393"}],"wp:featuredmedia":[{"embeddable":true,"href":"https:\/\/agora.xtec.cat\/insaferrer\/wp-json\/wp\/v2\/media\/3369"}],"wp:attachment":[{"href":"https:\/\/agora.xtec.cat\/insaferrer\/wp-json\/wp\/v2\/media?parent=3362"}],"wp:term":[{"taxonomy":"category","embeddable":true,"href":"https:\/\/agora.xtec.cat\/insaferrer\/wp-json\/wp\/v2\/categories?post=3362"},{"taxonomy":"post_tag","embeddable":true,"href":"https:\/\/agora.xtec.cat\/insaferrer\/wp-json\/wp\/v2\/tags?post=3362"}],"curies":[{"name":"wp","href":"https:\/\/api.w.org\/{rel}","templated":true}]}}