{"id":3237,"date":"2025-12-15T22:07:19","date_gmt":"2025-12-15T21:07:19","guid":{"rendered":"https:\/\/agora.xtec.cat\/insaferrer\/?p=3237"},"modified":"2025-12-15T22:20:30","modified_gmt":"2025-12-15T21:20:30","slug":"concert-de-nadal","status":"publish","type":"post","link":"https:\/\/agora.xtec.cat\/insaferrer\/general\/concert-de-nadal\/","title":{"rendered":"Concert de final de trimestre"},"content":{"rendered":"<p><span style=\"font-family: inherit; font-size: 1em;\">Ens fa molta il\u00b7lusi\u00f3 convidar-vos <strong>dimarts 16 de desembre a les 16 h<\/strong> a la mostra &#8211; concert de final de trimestre que hem preparat entre tot l\u2019alumnat de les propostes de l&#8217;IPA de l&#8217;\u00e0mbit musical i del taller de<\/span><em style=\"font-family: inherit; font-size: 1em;\">\u00a0Bucket drumming<\/em><span style=\"font-family: inherit; font-size: 1em;\">. Al llarg d\u2019aquests \u00faltims mesos hem treballat amb ganes, creativitat i esfor\u00e7, i aquest concert \u00e9s una magn\u00edfica oportunitat perqu\u00e8 pugueu escoltar el resultat.<\/span><\/p>\n<p>Durant la primera part del concert, els alumnes de les propostes del \u201cPla Personal de m\u00fasica\u201d i d\u2019\u201dIPA d\u2019una can\u00e7\u00f3\u201c\u201d ens mostraran les seves interpretacions i, en segon lloc, tindrem l\u2019actuaci\u00f3 conjunta del taller de <em>Bucket drumming.\u00a0<\/em><\/p>\n<p>Ser\u00e0 una estona per compartir m\u00fasica i aprenentatges i ens agradaria molt comptar amb la vostra pres\u00e8ncia i suport.<\/p>\n<p><a href=\"https:\/\/agora.xtec.cat\/insaferrer\/wp-content\/uploads\/usu2510\/2025\/12\/Conciert-Programa-scaled.jpg\"><img loading=\"lazy\" decoding=\"async\" class=\" wp-image-3242 alignleft\" src=\"https:\/\/agora.xtec.cat\/insaferrer\/wp-content\/uploads\/usu2510\/2025\/12\/Conciert-Programa-212x300.jpg\" alt=\"\" width=\"222\" height=\"314\" srcset=\"https:\/\/agora.xtec.cat\/insaferrer\/wp-content\/uploads\/usu2510\/2025\/12\/Conciert-Programa-212x300.jpg 212w, https:\/\/agora.xtec.cat\/insaferrer\/wp-content\/uploads\/usu2510\/2025\/12\/Conciert-Programa-724x1024.jpg 724w, https:\/\/agora.xtec.cat\/insaferrer\/wp-content\/uploads\/usu2510\/2025\/12\/Conciert-Programa-768x1086.jpg 768w, https:\/\/agora.xtec.cat\/insaferrer\/wp-content\/uploads\/usu2510\/2025\/12\/Conciert-Programa-1086x1536.jpg 1086w, https:\/\/agora.xtec.cat\/insaferrer\/wp-content\/uploads\/usu2510\/2025\/12\/Conciert-Programa-1448x2048.jpg 1448w, https:\/\/agora.xtec.cat\/insaferrer\/wp-content\/uploads\/usu2510\/2025\/12\/Conciert-Programa-scaled.jpg 1810w\" sizes=\"auto, (max-width: 222px) 100vw, 222px\" \/><\/a><a href=\"https:\/\/agora.xtec.cat\/insaferrer\/wp-content\/uploads\/usu2510\/2025\/12\/Conciert-Programa--scaled.jpg\"><img loading=\"lazy\" decoding=\"async\" class=\" wp-image-3243 alignleft\" src=\"https:\/\/agora.xtec.cat\/insaferrer\/wp-content\/uploads\/usu2510\/2025\/12\/Conciert-Programa--212x300.jpg\" alt=\"\" width=\"220\" height=\"311\" srcset=\"https:\/\/agora.xtec.cat\/insaferrer\/wp-content\/uploads\/usu2510\/2025\/12\/Conciert-Programa--212x300.jpg 212w, https:\/\/agora.xtec.cat\/insaferrer\/wp-content\/uploads\/usu2510\/2025\/12\/Conciert-Programa--724x1024.jpg 724w, https:\/\/agora.xtec.cat\/insaferrer\/wp-content\/uploads\/usu2510\/2025\/12\/Conciert-Programa--768x1086.jpg 768w, https:\/\/agora.xtec.cat\/insaferrer\/wp-content\/uploads\/usu2510\/2025\/12\/Conciert-Programa--1086x1536.jpg 1086w, https:\/\/agora.xtec.cat\/insaferrer\/wp-content\/uploads\/usu2510\/2025\/12\/Conciert-Programa--1448x2048.jpg 1448w, https:\/\/agora.xtec.cat\/insaferrer\/wp-content\/uploads\/usu2510\/2025\/12\/Conciert-Programa--scaled.jpg 1810w\" sizes=\"auto, (max-width: 220px) 100vw, 220px\" \/><\/a><\/p>\n<p>&nbsp;<\/p>\n<p>&nbsp;<\/p>\n<p>&nbsp;<\/p>\n<p>&nbsp;<\/p>\n<p>&nbsp;<\/p>\n<p>&nbsp;<\/p>\n<p>&nbsp;<\/p>\n<p>&nbsp;<\/p>\n<p><a href=\"https:\/\/agora.xtec.cat\/insaferrer\/wp-content\/uploads\/usu2510\/2025\/12\/Conciert-Programa.pdf\">Concert Programa<\/a><\/p>\n","protected":false},"excerpt":{"rendered":"<p>Ens fa molta il\u00b7lusi\u00f3 convidar-vos dimarts 16 de desembre a les 16 h a la mostra &#8211; concert de final de trimestre que hem preparat entre tot l\u2019alumnat de les propostes de l&#8217;IPA de l&#8217;\u00e0mbit musical i del taller de\u00a0Bucket drumming. Al llarg d\u2019aquests \u00faltims&hellip;  <a href=\"https:\/\/agora.xtec.cat\/insaferrer\/general\/concert-de-nadal\/\" title=\"Read Concert de final de trimestre\">Llegeix m\u00e9s\u00bb<\/a><\/p>\n","protected":false},"author":1,"featured_media":3249,"comment_status":"closed","ping_status":"open","sticky":false,"template":"","format":"standard","meta":{"_bbp_topic_count":0,"_bbp_reply_count":0,"_bbp_total_topic_count":0,"_bbp_total_reply_count":0,"_bbp_voice_count":0,"_bbp_anonymous_reply_count":0,"_bbp_topic_count_hidden":0,"_bbp_reply_count_hidden":0,"_bbp_forum_subforum_count":0,"footnotes":""},"categories":[124,3,1,29],"tags":[],"class_list":["post-3237","post","type-post","status-publish","format-standard","has-post-thumbnail","hentry","category-alumnat","category-eso","category-general","category-portada"],"post_mailing_queue_ids":[],"_links":{"self":[{"href":"https:\/\/agora.xtec.cat\/insaferrer\/wp-json\/wp\/v2\/posts\/3237","targetHints":{"allow":["GET"]}}],"collection":[{"href":"https:\/\/agora.xtec.cat\/insaferrer\/wp-json\/wp\/v2\/posts"}],"about":[{"href":"https:\/\/agora.xtec.cat\/insaferrer\/wp-json\/wp\/v2\/types\/post"}],"author":[{"embeddable":true,"href":"https:\/\/agora.xtec.cat\/insaferrer\/wp-json\/wp\/v2\/users\/1"}],"replies":[{"embeddable":true,"href":"https:\/\/agora.xtec.cat\/insaferrer\/wp-json\/wp\/v2\/comments?post=3237"}],"version-history":[{"count":5,"href":"https:\/\/agora.xtec.cat\/insaferrer\/wp-json\/wp\/v2\/posts\/3237\/revisions"}],"predecessor-version":[{"id":3247,"href":"https:\/\/agora.xtec.cat\/insaferrer\/wp-json\/wp\/v2\/posts\/3237\/revisions\/3247"}],"wp:featuredmedia":[{"embeddable":true,"href":"https:\/\/agora.xtec.cat\/insaferrer\/wp-json\/wp\/v2\/media\/3249"}],"wp:attachment":[{"href":"https:\/\/agora.xtec.cat\/insaferrer\/wp-json\/wp\/v2\/media?parent=3237"}],"wp:term":[{"taxonomy":"category","embeddable":true,"href":"https:\/\/agora.xtec.cat\/insaferrer\/wp-json\/wp\/v2\/categories?post=3237"},{"taxonomy":"post_tag","embeddable":true,"href":"https:\/\/agora.xtec.cat\/insaferrer\/wp-json\/wp\/v2\/tags?post=3237"}],"curies":[{"name":"wp","href":"https:\/\/api.w.org\/{rel}","templated":true}]}}