{"id":3178,"date":"2025-11-17T09:17:59","date_gmt":"2025-11-17T08:17:59","guid":{"rendered":"https:\/\/agora.xtec.cat\/insaferrer\/?p=3178"},"modified":"2025-11-17T09:17:59","modified_gmt":"2025-11-17T08:17:59","slug":"linstitut-angeleta-ferrer-participa-al-debat-de-debats-parla-la-comunitat-educativa-i-de-lfp","status":"publish","type":"post","link":"https:\/\/agora.xtec.cat\/insaferrer\/general\/linstitut-angeleta-ferrer-participa-al-debat-de-debats-parla-la-comunitat-educativa-i-de-lfp\/","title":{"rendered":"L\u2019Institut Angeleta Ferrer participa al \u201cDebat de Debats: Parla la Comunitat Educativa i de l\u2019FP\u201d"},"content":{"rendered":"<p data-start=\"422\" data-end=\"1011\">El passat 11 de novembre es va celebrar, a la Sala Moragues del Born Centre de Cultura i Mem\u00f2ria, l\u2019acte <strong data-start=\"527\" data-end=\"588\">\u201cDebat de Debats: Parla la Comunitat Educativa i de l\u2019FP\u201d<\/strong>, organitzat pel Consell d\u2019Educaci\u00f3 Municipal de Barcelona (CEMB) i el Consell de la Formaci\u00f3 Professional de Barcelona (CFPB). L\u2019esdeveniment va reunir representants de centres educatius, serveis municipals, entitats, fam\u00edlies i experts per compartir les principals conclusions dels informes elaborats durant el curs 2024-2025 i reflexionar sobre els reptes actuals de l\u2019educaci\u00f3 i de la formaci\u00f3 professional a la ciutat.<\/p>\n<p data-start=\"1013\" data-end=\"1554\">L\u2019acte es va iniciar amb la benvinguda institucional per part de la Sra. Marta Sendra, comissionada d&#8217;Educaci\u00f3 de l&#8217;Ajuntament de Barcelona, el Sr. Ricard Coma, director d&#8217;FP de la Generalitat de Catalunya, la Sra. Teresa Sambola, secret\u00e0ria general d&#8217;Educaci\u00f3 i FP i finalment la Sra. Anna Terra, gerenta del Consorci d&#8217;Educaci\u00f3 de Barcelona. La sessi\u00f3 va continuar amb la presentaci\u00f3 dels <a href=\"https:\/\/ajuntament.barcelona.cat\/consellescolarmunicipal\/ca\/informes-comissions-de-treball\">informes de les diferents comissions de treball<\/a>, centrats en \u00e0mbits com la planificaci\u00f3 educativa, la lluita contra la segregaci\u00f3, la participaci\u00f3 de la comunitat educativa i els itineraris de formaci\u00f3 professional. La jornada va concloure amb un torn obert de paraules i una cloenda conjunta de les vicepresid\u00e8ncies del CEMB i del CFPB.<\/p>\n<p data-start=\"1631\" data-end=\"2069\">En el marc de les comissions presentades, cal destacar que la direcci\u00f3 de l\u2019Angeleta Ferrer ha format part de la Comissi\u00f3 de Treball sobre la Participaci\u00f3 de la Comunitat Educativa del CEMB. En aquesta comissi\u00f3 s\u2019ha elaborat l\u2019Informe sobre la participaci\u00f3 de la comunitat educativa, que analitza els factors que afavoreixen i dificulten la implicaci\u00f3 del professorat, l\u2019alumnat, les fam\u00edlies i l\u2019entorn en la vida dels centres.<\/p>\n<p data-start=\"2585\" data-end=\"2959\">Des de l\u2019Angeleta Ferrer valorem molt positivament la celebraci\u00f3 d\u2019aquest acte i el treball fet per les comissions del CEMB i del CFPB. La participaci\u00f3 en aquests espais de reflexi\u00f3 i construcci\u00f3 col\u00b7lectiva ens reafirma en la import\u00e0ncia de refor\u00e7ar les aliances amb els agents educatius de la ciutat i de continuar contribuint a les pol\u00edtiques educatives locals.<\/p>\n<p><a href=\"https:\/\/agora.xtec.cat\/insaferrer\/wp-content\/uploads\/usu2510\/2025\/11\/debat-de-debats.jpg\"><img loading=\"lazy\" decoding=\"async\" class=\"aligncenter wp-image-3182 size-full\" src=\"https:\/\/agora.xtec.cat\/insaferrer\/wp-content\/uploads\/usu2510\/2025\/11\/debat-de-debats.jpg\" alt=\"\" width=\"1548\" height=\"585\" srcset=\"https:\/\/agora.xtec.cat\/insaferrer\/wp-content\/uploads\/usu2510\/2025\/11\/debat-de-debats.jpg 1548w, https:\/\/agora.xtec.cat\/insaferrer\/wp-content\/uploads\/usu2510\/2025\/11\/debat-de-debats-300x113.jpg 300w, https:\/\/agora.xtec.cat\/insaferrer\/wp-content\/uploads\/usu2510\/2025\/11\/debat-de-debats-1024x387.jpg 1024w, https:\/\/agora.xtec.cat\/insaferrer\/wp-content\/uploads\/usu2510\/2025\/11\/debat-de-debats-768x290.jpg 768w, https:\/\/agora.xtec.cat\/insaferrer\/wp-content\/uploads\/usu2510\/2025\/11\/debat-de-debats-1536x580.jpg 1536w\" sizes=\"auto, (max-width: 1548px) 100vw, 1548px\" \/><\/a><\/p>\n<p>&nbsp;<\/p>\n<p>&nbsp;<\/p>\n","protected":false},"excerpt":{"rendered":"<p>El passat 11 de novembre es va celebrar, a la Sala Moragues del Born Centre de Cultura i Mem\u00f2ria, l\u2019acte \u201cDebat de Debats: Parla la Comunitat Educativa i de l\u2019FP\u201d, organitzat pel Consell d\u2019Educaci\u00f3 Municipal de Barcelona (CEMB) i el Consell de la Formaci\u00f3 Professional&hellip;  <a href=\"https:\/\/agora.xtec.cat\/insaferrer\/general\/linstitut-angeleta-ferrer-participa-al-debat-de-debats-parla-la-comunitat-educativa-i-de-lfp\/\" title=\"Read L\u2019Institut Angeleta Ferrer participa al \u201cDebat de Debats: Parla la Comunitat Educativa i de l\u2019FP\u201d\">Llegeix m\u00e9s\u00bb<\/a><\/p>\n","protected":false},"author":1,"featured_media":3180,"comment_status":"closed","ping_status":"open","sticky":false,"template":"","format":"standard","meta":{"_bbp_topic_count":0,"_bbp_reply_count":0,"_bbp_total_topic_count":0,"_bbp_total_reply_count":0,"_bbp_voice_count":0,"_bbp_anonymous_reply_count":0,"_bbp_topic_count_hidden":0,"_bbp_reply_count_hidden":0,"_bbp_forum_subforum_count":0,"footnotes":""},"categories":[1,29],"tags":[112,136],"class_list":["post-3178","post","type-post","status-publish","format-standard","has-post-thumbnail","hentry","category-general","category-portada","tag-consell-escolar","tag-consorci"],"post_mailing_queue_ids":[],"_links":{"self":[{"href":"https:\/\/agora.xtec.cat\/insaferrer\/wp-json\/wp\/v2\/posts\/3178","targetHints":{"allow":["GET"]}}],"collection":[{"href":"https:\/\/agora.xtec.cat\/insaferrer\/wp-json\/wp\/v2\/posts"}],"about":[{"href":"https:\/\/agora.xtec.cat\/insaferrer\/wp-json\/wp\/v2\/types\/post"}],"author":[{"embeddable":true,"href":"https:\/\/agora.xtec.cat\/insaferrer\/wp-json\/wp\/v2\/users\/1"}],"replies":[{"embeddable":true,"href":"https:\/\/agora.xtec.cat\/insaferrer\/wp-json\/wp\/v2\/comments?post=3178"}],"version-history":[{"count":3,"href":"https:\/\/agora.xtec.cat\/insaferrer\/wp-json\/wp\/v2\/posts\/3178\/revisions"}],"predecessor-version":[{"id":3184,"href":"https:\/\/agora.xtec.cat\/insaferrer\/wp-json\/wp\/v2\/posts\/3178\/revisions\/3184"}],"wp:featuredmedia":[{"embeddable":true,"href":"https:\/\/agora.xtec.cat\/insaferrer\/wp-json\/wp\/v2\/media\/3180"}],"wp:attachment":[{"href":"https:\/\/agora.xtec.cat\/insaferrer\/wp-json\/wp\/v2\/media?parent=3178"}],"wp:term":[{"taxonomy":"category","embeddable":true,"href":"https:\/\/agora.xtec.cat\/insaferrer\/wp-json\/wp\/v2\/categories?post=3178"},{"taxonomy":"post_tag","embeddable":true,"href":"https:\/\/agora.xtec.cat\/insaferrer\/wp-json\/wp\/v2\/tags?post=3178"}],"curies":[{"name":"wp","href":"https:\/\/api.w.org\/{rel}","templated":true}]}}