{"id":3168,"date":"2025-11-17T08:11:41","date_gmt":"2025-11-17T07:11:41","guid":{"rendered":"https:\/\/agora.xtec.cat\/insaferrer\/?p=3168"},"modified":"2025-11-17T08:20:44","modified_gmt":"2025-11-17T07:20:44","slug":"eleccions-per-renovar-el-consells-escolar","status":"publish","type":"post","link":"https:\/\/agora.xtec.cat\/insaferrer\/general\/eleccions-per-renovar-el-consells-escolar\/","title":{"rendered":"Eleccions per renovar el Consell escolar del centre"},"content":{"rendered":"<p>Les eleccions als consells escolars de centre es fan cada dos anys i tenen com a objectiu renovar el 50% dels seus membres. Hi estan convidats a participar tots els sectors de la comunitat educativa dels centres: professorat, fam\u00edlies, el personal d\u2019administraci\u00f3 i serveis d&#8217;escoles, instituts i escoles bressol i l\u2019alumnat de secund\u00e0ria.<\/p>\n<p><strong>Dem\u00e0, 18 de novembre fem les eleccions al nostre centre i tenim candidatures d&#8217;estudiants, fam\u00edlies i docents, aix\u00ed que no deixeu de venir a votar.<\/strong><\/p>\n<p>Les votacions del sector estudiants tindran lloc a l\u2019entrada de l\u2019institut entre les 14:30 h i les 16:00 h. a l&#8217;estona de l&#8217;itinerari personal d&#8217;aprenentatge.<\/p>\n<p>Les votacions del sector fam\u00edlies tindran lloc a l\u2019entrada de l\u2019institut entre les 14:30 h i les 19:00 h. a duran l&#8217;horari lectiu i en el temps de la formaci\u00f3 amb fam\u00edlies sobre &#8220;conviv\u00e8ncia basada en pr\u00e0ctiques restauratives.&#8221;<\/p>\n<p>Les votacions del sector professorat tindran lloc a la sala de professorat de l\u2019institut entre les 11:00 h i les 16:00 h.<\/p>\n<p>Vingueu a votar, que necessitem la vostra energia i comprom\u00eds per a desenvolupar el <a href=\"https:\/\/agora.xtec.cat\/insaferrer\/projecte-educatiu-de-centre\/\">Projecte educatiu del Centre!<\/a><\/p>\n<figure class=\"figure wp-caption aligncenter\"><a href=\"https:\/\/agora.xtec.cat\/insaferrer\/wp-content\/uploads\/usu2510\/2025\/11\/eleccions.jpg\"><img loading=\"lazy\" decoding=\"async\" class=\"size-medium wp-image-3173\" src=\"https:\/\/agora.xtec.cat\/insaferrer\/wp-content\/uploads\/usu2510\/2025\/11\/eleccions-293x300.jpg\" alt=\"Eleccions al Consell escolar\" width=\"293\" height=\"300\" srcset=\"https:\/\/agora.xtec.cat\/insaferrer\/wp-content\/uploads\/usu2510\/2025\/11\/eleccions-293x300.jpg 293w, https:\/\/agora.xtec.cat\/insaferrer\/wp-content\/uploads\/usu2510\/2025\/11\/eleccions.jpg 566w\" sizes=\"auto, (max-width: 293px) 100vw, 293px\" \/><\/a><figcaption class=\"wp-caption-text\">Eleccions al Consell escolar<\/figcaption><\/figure>\n","protected":false},"excerpt":{"rendered":"<p>Elecions al Consell escolar.&hellip;  <a href=\"https:\/\/agora.xtec.cat\/insaferrer\/general\/eleccions-per-renovar-el-consells-escolar\/\" title=\"Read Eleccions per renovar el Consell escolar del centre\">Llegeix m\u00e9s\u00bb<\/a><\/p>\n","protected":false},"author":1,"featured_media":3175,"comment_status":"closed","ping_status":"open","sticky":false,"template":"","format":"standard","meta":{"_bbp_topic_count":0,"_bbp_reply_count":0,"_bbp_total_topic_count":0,"_bbp_total_reply_count":0,"_bbp_voice_count":0,"_bbp_anonymous_reply_count":0,"_bbp_topic_count_hidden":0,"_bbp_reply_count_hidden":0,"_bbp_forum_subforum_count":0,"footnotes":""},"categories":[31,124,8,169,3,4,5,6,7,1,29],"tags":[112,106],"class_list":["post-3168","post","type-post","status-publish","format-standard","has-post-thumbnail","hentry","category-afa","category-alumnat","category-batxillerat","category-batxillerat-steam","category-eso","category-eso-1","category-eso-2","category-eso-3","category-eso-4","category-general","category-portada","tag-consell-escolar","tag-families"],"post_mailing_queue_ids":[],"_links":{"self":[{"href":"https:\/\/agora.xtec.cat\/insaferrer\/wp-json\/wp\/v2\/posts\/3168","targetHints":{"allow":["GET"]}}],"collection":[{"href":"https:\/\/agora.xtec.cat\/insaferrer\/wp-json\/wp\/v2\/posts"}],"about":[{"href":"https:\/\/agora.xtec.cat\/insaferrer\/wp-json\/wp\/v2\/types\/post"}],"author":[{"embeddable":true,"href":"https:\/\/agora.xtec.cat\/insaferrer\/wp-json\/wp\/v2\/users\/1"}],"replies":[{"embeddable":true,"href":"https:\/\/agora.xtec.cat\/insaferrer\/wp-json\/wp\/v2\/comments?post=3168"}],"version-history":[{"count":6,"href":"https:\/\/agora.xtec.cat\/insaferrer\/wp-json\/wp\/v2\/posts\/3168\/revisions"}],"predecessor-version":[{"id":3177,"href":"https:\/\/agora.xtec.cat\/insaferrer\/wp-json\/wp\/v2\/posts\/3168\/revisions\/3177"}],"wp:featuredmedia":[{"embeddable":true,"href":"https:\/\/agora.xtec.cat\/insaferrer\/wp-json\/wp\/v2\/media\/3175"}],"wp:attachment":[{"href":"https:\/\/agora.xtec.cat\/insaferrer\/wp-json\/wp\/v2\/media?parent=3168"}],"wp:term":[{"taxonomy":"category","embeddable":true,"href":"https:\/\/agora.xtec.cat\/insaferrer\/wp-json\/wp\/v2\/categories?post=3168"},{"taxonomy":"post_tag","embeddable":true,"href":"https:\/\/agora.xtec.cat\/insaferrer\/wp-json\/wp\/v2\/tags?post=3168"}],"curies":[{"name":"wp","href":"https:\/\/api.w.org\/{rel}","templated":true}]}}