{"id":2976,"date":"2025-09-30T13:51:33","date_gmt":"2025-09-30T11:51:33","guid":{"rendered":"https:\/\/agora.xtec.cat\/insaferrer\/?p=2976"},"modified":"2025-09-30T16:17:24","modified_gmt":"2025-09-30T14:17:24","slug":"mode-avio-el-projecte-intensiu-de-3r-deso","status":"publish","type":"post","link":"https:\/\/agora.xtec.cat\/insaferrer\/eso\/mode-avio-el-projecte-intensiu-de-3r-deso\/","title":{"rendered":"Mode avi\u00f3, el projecte intensiu de 3r d&#8217;ESO"},"content":{"rendered":"<figure class=\"figure wp-caption aligncenter\"><a href=\"https:\/\/agora.xtec.cat\/insaferrer\/wp-content\/uploads\/usu2510\/2025\/09\/IMG_1895.jpg\"><img loading=\"lazy\" decoding=\"async\" class=\"wp-image-2977 size-large\" src=\"https:\/\/agora.xtec.cat\/insaferrer\/wp-content\/uploads\/usu2510\/2025\/09\/IMG_1895-1024x606.jpg\" alt=\"Emprenem el vol!\" width=\"1024\" height=\"606\" srcset=\"https:\/\/agora.xtec.cat\/insaferrer\/wp-content\/uploads\/usu2510\/2025\/09\/IMG_1895-1024x606.jpg 1024w, https:\/\/agora.xtec.cat\/insaferrer\/wp-content\/uploads\/usu2510\/2025\/09\/IMG_1895-300x178.jpg 300w, https:\/\/agora.xtec.cat\/insaferrer\/wp-content\/uploads\/usu2510\/2025\/09\/IMG_1895-768x455.jpg 768w, https:\/\/agora.xtec.cat\/insaferrer\/wp-content\/uploads\/usu2510\/2025\/09\/IMG_1895.jpg 1399w\" sizes=\"auto, (max-width: 1024px) 100vw, 1024px\" \/><\/a><figcaption class=\"wp-caption-text\">Emprenem el vol!<\/figcaption><\/figure>\n<p><span style=\"font-weight: 400;\">Durant dues setmanes vam estar treballant en un projecte que tenia com a prop\u00f2sit reflexionar sobre la nostra traject\u00f2ria a l\u2019institut. Vol\u00edem participar en l&#8217;exhibici\u00f3 p\u00fablica de primer d\u2019ESO amb una clara intenci\u00f3: <strong>deixar-los una her\u00e8ncia en forma de consells, compromisos i estrat\u00e8gies que culmin\u00e9s en una coreografia final.<\/strong> Tot plegat, per tal de fer-los m\u00e9s accessible la comunitat de l\u2019Angeleta Ferrer i el sistema qui hi tenim.\u00a0\u00a0\u00a0<\/span><\/p>\n<p><span style=\"font-weight: 400;\">Per aconseguir-ho vam dedicar temps tant a interioritzar les experi\u00e8ncies viscudes els darrers anys, com a assajar la prometedora coreografia. Aix\u00ed que, el dilluns 22 de setembre, les portes de l\u2019Angeleta es van obrir per a rebre les fam\u00edlies de primer d&#8217;ESO. Va ser aleshores quan tercer tamb\u00e9 vam tenir l\u2019oportunitat per a culminar el projecte amb un resultat final molt ajustat.\u00a0<\/span><\/p>\n<p><span style=\"font-weight: 400;\">Val a dir que el proc\u00e9s no va ser f\u00e0cil, hi va haver molts moments de distracci\u00f3 i dificultats per concentrar-se i connectar amb els veritables objectius de les activitats. I \u00e9s que certament, l\u2019alumnat que ara just comencem a cursar tercer d\u2019ESO necessitem fer respecte i confian\u00e7a a les iniciatives que ens proposen els i les nostres docents.\u00a0<\/span><\/p>\n<p><span style=\"font-weight: 400;\">A la fi, tot i haver-hi aquestes dificultats, vam acabar participant i desfent-nos de la resist\u00e8ncia que opos\u00e0vem al principi. Ballar all\u00e0 davant i amb significat va ser tot un repte. Es va veure clarament que tot l\u2019esfor\u00e7 d\u2019aquestes dues setmanes havia valgut la pena.<\/span><\/p>\n<p><span style=\"font-weight: 400;\">I fins aqu\u00ed, tripulaci\u00f3, continuarem ballant, ai volant, ai, ai, en fi, cursant aquest tercer d\u2019ESO esperan\u00e7ador.\u00a0<\/span><\/p>\n<p style=\"text-align: right;\">Ryan, alumne de 3r d&#8217;ESO.<\/p>\n","protected":false},"excerpt":{"rendered":"<p><a href=\"https:\/\/agora.xtec.cat\/insaferrer\/wp-content\/uploads\/usu2510\/2025\/09\/IMG_1895.jpg\"><\/a>Emprenem el vol!<br \/>\nDurant dues setmanes vam estar treballant en un projecte que tenia com a prop\u00f2sit reflexionar sobre la nostra traject\u00f2ria a l\u2019institut. Vol\u00edem participar en l&#8217;exhibici\u00f3 p\u00fablica de primer d\u2019ESO amb una clara intenci\u00f3: deixar-los una her\u00e8ncia en forma de consells, compromisos i&hellip;  <a href=\"https:\/\/agora.xtec.cat\/insaferrer\/eso\/mode-avio-el-projecte-intensiu-de-3r-deso\/\" title=\"Read Mode avi\u00f3, el projecte intensiu de 3r d&#8217;ESO\">Llegeix m\u00e9s\u00bb<\/a><\/p>\n","protected":false},"author":1,"featured_media":2977,"comment_status":"closed","ping_status":"open","sticky":false,"template":"","format":"standard","meta":{"_bbp_topic_count":0,"_bbp_reply_count":0,"_bbp_total_topic_count":0,"_bbp_total_reply_count":0,"_bbp_voice_count":0,"_bbp_anonymous_reply_count":0,"_bbp_topic_count_hidden":0,"_bbp_reply_count_hidden":0,"_bbp_forum_subforum_count":0,"footnotes":""},"categories":[149,124,3,6,29],"tags":[],"class_list":["post-2976","post","type-post","status-publish","format-standard","has-post-thumbnail","hentry","category-abp","category-alumnat","category-eso","category-eso-3","category-portada"],"post_mailing_queue_ids":[],"_links":{"self":[{"href":"https:\/\/agora.xtec.cat\/insaferrer\/wp-json\/wp\/v2\/posts\/2976","targetHints":{"allow":["GET"]}}],"collection":[{"href":"https:\/\/agora.xtec.cat\/insaferrer\/wp-json\/wp\/v2\/posts"}],"about":[{"href":"https:\/\/agora.xtec.cat\/insaferrer\/wp-json\/wp\/v2\/types\/post"}],"author":[{"embeddable":true,"href":"https:\/\/agora.xtec.cat\/insaferrer\/wp-json\/wp\/v2\/users\/1"}],"replies":[{"embeddable":true,"href":"https:\/\/agora.xtec.cat\/insaferrer\/wp-json\/wp\/v2\/comments?post=2976"}],"version-history":[{"count":5,"href":"https:\/\/agora.xtec.cat\/insaferrer\/wp-json\/wp\/v2\/posts\/2976\/revisions"}],"predecessor-version":[{"id":2984,"href":"https:\/\/agora.xtec.cat\/insaferrer\/wp-json\/wp\/v2\/posts\/2976\/revisions\/2984"}],"wp:featuredmedia":[{"embeddable":true,"href":"https:\/\/agora.xtec.cat\/insaferrer\/wp-json\/wp\/v2\/media\/2977"}],"wp:attachment":[{"href":"https:\/\/agora.xtec.cat\/insaferrer\/wp-json\/wp\/v2\/media?parent=2976"}],"wp:term":[{"taxonomy":"category","embeddable":true,"href":"https:\/\/agora.xtec.cat\/insaferrer\/wp-json\/wp\/v2\/categories?post=2976"},{"taxonomy":"post_tag","embeddable":true,"href":"https:\/\/agora.xtec.cat\/insaferrer\/wp-json\/wp\/v2\/tags?post=2976"}],"curies":[{"name":"wp","href":"https:\/\/api.w.org\/{rel}","templated":true}]}}