{"id":2956,"date":"2025-09-25T11:59:56","date_gmt":"2025-09-25T09:59:56","guid":{"rendered":"https:\/\/agora.xtec.cat\/insaferrer\/?p=2956"},"modified":"2025-09-25T11:59:56","modified_gmt":"2025-09-25T09:59:56","slug":"sessio-del-centre-de-formacio-i-recerca-dedicada-a-lavaluacio-formativa","status":"publish","type":"post","link":"https:\/\/agora.xtec.cat\/insaferrer\/portada\/sessio-del-centre-de-formacio-i-recerca-dedicada-a-lavaluacio-formativa\/","title":{"rendered":"Sessi\u00f3 del Centre de Formaci\u00f3 i Recerca dedicada a l\u2019Avaluaci\u00f3 formativa"},"content":{"rendered":"<p><span style=\"font-weight: 400;\">Aquesta setmana el professorat de l\u2019Institut Angeleta Ferrer hem participat en una formaci\u00f3 dedicada al nostre model d\u2019avaluaci\u00f3. L\u2019objectiu era reflexionar conjuntament sobre com acompanyem l\u2019alumnat en el seu aprenentatge i com fem que l\u2019avaluaci\u00f3 sigui una eina \u00fatil, motivadora i inclusiva.<\/span><\/p>\n<p><span style=\"font-weight: 400;\">Durant la sessi\u00f3 hem treballat els principis clau de l\u2019avaluaci\u00f3 a l\u2019Angeleta Ferrer:<\/span><\/p>\n<ul>\n<li style=\"font-weight: 400;\" aria-level=\"1\"><span style=\"font-weight: 400;\">posar l\u2019aprenentatge al centre, amb feedback constant i constructiu,<\/span><\/li>\n<li style=\"font-weight: 400;\" aria-level=\"1\"><span style=\"font-weight: 400;\">donar protagonisme a l\u2019alumnat perqu\u00e8 sigui conscient del seu proc\u00e9s,<\/span><\/li>\n<li style=\"font-weight: 400;\" aria-level=\"1\"><span style=\"font-weight: 400;\">i celebrar els assoliments a trav\u00e9s d\u2019espais com les Reunions d\u2019Avaluaci\u00f3 Condu\u00efdes per l\u2019Alumnat (RACA) i les Presentacions d\u2019aprenentatge.<\/span><\/li>\n<\/ul>\n<p><span style=\"font-weight: 400;\">Va ser una tarda de debat i aprenentatge compartit que ens ajuda a continuar avan\u00e7ant cap a una avaluaci\u00f3 que motiva, orienta i fa cr\u00e9ixer el nostre alumnat.<\/span><\/p>\n<p data-start=\"904\" data-end=\"1097\"><a href=\"https:\/\/agora.xtec.cat\/insaferrer\/wp-content\/uploads\/usu2510\/2025\/09\/Cefore-avaluacio-1.jpg\"><img loading=\"lazy\" decoding=\"async\" class=\"alignnone size-medium wp-image-2957\" src=\"https:\/\/agora.xtec.cat\/insaferrer\/wp-content\/uploads\/usu2510\/2025\/09\/Cefore-avaluacio-1-300x224.jpg\" alt=\"\" width=\"300\" height=\"224\" srcset=\"https:\/\/agora.xtec.cat\/insaferrer\/wp-content\/uploads\/usu2510\/2025\/09\/Cefore-avaluacio-1-300x224.jpg 300w, https:\/\/agora.xtec.cat\/insaferrer\/wp-content\/uploads\/usu2510\/2025\/09\/Cefore-avaluacio-1-1024x766.jpg 1024w, https:\/\/agora.xtec.cat\/insaferrer\/wp-content\/uploads\/usu2510\/2025\/09\/Cefore-avaluacio-1-768x574.jpg 768w, https:\/\/agora.xtec.cat\/insaferrer\/wp-content\/uploads\/usu2510\/2025\/09\/Cefore-avaluacio-1-200x150.jpg 200w, https:\/\/agora.xtec.cat\/insaferrer\/wp-content\/uploads\/usu2510\/2025\/09\/Cefore-avaluacio-1.jpg 1143w\" sizes=\"auto, (max-width: 300px) 100vw, 300px\" \/><\/a> <a href=\"https:\/\/agora.xtec.cat\/insaferrer\/wp-content\/uploads\/usu2510\/2025\/09\/Cefore-avaluacio-2.jpg\"><img loading=\"lazy\" decoding=\"async\" class=\"alignnone size-medium wp-image-2958\" src=\"https:\/\/agora.xtec.cat\/insaferrer\/wp-content\/uploads\/usu2510\/2025\/09\/Cefore-avaluacio-2-300x225.jpg\" alt=\"\" width=\"300\" height=\"225\" srcset=\"https:\/\/agora.xtec.cat\/insaferrer\/wp-content\/uploads\/usu2510\/2025\/09\/Cefore-avaluacio-2-300x225.jpg 300w, https:\/\/agora.xtec.cat\/insaferrer\/wp-content\/uploads\/usu2510\/2025\/09\/Cefore-avaluacio-2-1024x768.jpg 1024w, https:\/\/agora.xtec.cat\/insaferrer\/wp-content\/uploads\/usu2510\/2025\/09\/Cefore-avaluacio-2-768x576.jpg 768w, https:\/\/agora.xtec.cat\/insaferrer\/wp-content\/uploads\/usu2510\/2025\/09\/Cefore-avaluacio-2-200x150.jpg 200w, https:\/\/agora.xtec.cat\/insaferrer\/wp-content\/uploads\/usu2510\/2025\/09\/Cefore-avaluacio-2.jpg 1144w\" sizes=\"auto, (max-width: 300px) 100vw, 300px\" \/><\/a> <a href=\"https:\/\/agora.xtec.cat\/insaferrer\/wp-content\/uploads\/usu2510\/2025\/09\/Cefore-avaluacio-3.jpg\"><img loading=\"lazy\" decoding=\"async\" class=\"alignnone size-medium wp-image-2959\" src=\"https:\/\/agora.xtec.cat\/insaferrer\/wp-content\/uploads\/usu2510\/2025\/09\/Cefore-avaluacio-3-300x225.jpg\" alt=\"\" width=\"300\" height=\"225\" srcset=\"https:\/\/agora.xtec.cat\/insaferrer\/wp-content\/uploads\/usu2510\/2025\/09\/Cefore-avaluacio-3-300x225.jpg 300w, https:\/\/agora.xtec.cat\/insaferrer\/wp-content\/uploads\/usu2510\/2025\/09\/Cefore-avaluacio-3-1024x768.jpg 1024w, https:\/\/agora.xtec.cat\/insaferrer\/wp-content\/uploads\/usu2510\/2025\/09\/Cefore-avaluacio-3-768x576.jpg 768w, https:\/\/agora.xtec.cat\/insaferrer\/wp-content\/uploads\/usu2510\/2025\/09\/Cefore-avaluacio-3-200x150.jpg 200w, https:\/\/agora.xtec.cat\/insaferrer\/wp-content\/uploads\/usu2510\/2025\/09\/Cefore-avaluacio-3.jpg 1141w\" sizes=\"auto, (max-width: 300px) 100vw, 300px\" \/><\/a><\/p>\n","protected":false},"excerpt":{"rendered":"<p>Aquesta setmana el professorat de l\u2019Institut Angeleta Ferrer hem participat en una formaci\u00f3 dedicada al nostre model d\u2019avaluaci\u00f3. L\u2019objectiu era reflexionar conjuntament sobre com acompanyem l\u2019alumnat en el seu aprenentatge i com fem que l\u2019avaluaci\u00f3 sigui una eina \u00fatil, motivadora i inclusiva.<br \/>\nDurant la sessi\u00f3 hem&hellip;  <a href=\"https:\/\/agora.xtec.cat\/insaferrer\/portada\/sessio-del-centre-de-formacio-i-recerca-dedicada-a-lavaluacio-formativa\/\" title=\"Read Sessi\u00f3 del Centre de Formaci\u00f3 i Recerca dedicada a l\u2019Avaluaci\u00f3 formativa\">Llegeix m\u00e9s\u00bb<\/a><\/p>\n","protected":false},"author":1,"featured_media":2957,"comment_status":"closed","ping_status":"open","sticky":false,"template":"","format":"standard","meta":{"_bbp_topic_count":0,"_bbp_reply_count":0,"_bbp_total_topic_count":0,"_bbp_total_reply_count":0,"_bbp_voice_count":0,"_bbp_anonymous_reply_count":0,"_bbp_topic_count_hidden":0,"_bbp_reply_count_hidden":0,"_bbp_forum_subforum_count":0,"footnotes":""},"categories":[154,29],"tags":[],"class_list":["post-2956","post","type-post","status-publish","format-standard","has-post-thumbnail","hentry","category-cefore","category-portada"],"post_mailing_queue_ids":[],"_links":{"self":[{"href":"https:\/\/agora.xtec.cat\/insaferrer\/wp-json\/wp\/v2\/posts\/2956","targetHints":{"allow":["GET"]}}],"collection":[{"href":"https:\/\/agora.xtec.cat\/insaferrer\/wp-json\/wp\/v2\/posts"}],"about":[{"href":"https:\/\/agora.xtec.cat\/insaferrer\/wp-json\/wp\/v2\/types\/post"}],"author":[{"embeddable":true,"href":"https:\/\/agora.xtec.cat\/insaferrer\/wp-json\/wp\/v2\/users\/1"}],"replies":[{"embeddable":true,"href":"https:\/\/agora.xtec.cat\/insaferrer\/wp-json\/wp\/v2\/comments?post=2956"}],"version-history":[{"count":2,"href":"https:\/\/agora.xtec.cat\/insaferrer\/wp-json\/wp\/v2\/posts\/2956\/revisions"}],"predecessor-version":[{"id":2961,"href":"https:\/\/agora.xtec.cat\/insaferrer\/wp-json\/wp\/v2\/posts\/2956\/revisions\/2961"}],"wp:featuredmedia":[{"embeddable":true,"href":"https:\/\/agora.xtec.cat\/insaferrer\/wp-json\/wp\/v2\/media\/2957"}],"wp:attachment":[{"href":"https:\/\/agora.xtec.cat\/insaferrer\/wp-json\/wp\/v2\/media?parent=2956"}],"wp:term":[{"taxonomy":"category","embeddable":true,"href":"https:\/\/agora.xtec.cat\/insaferrer\/wp-json\/wp\/v2\/categories?post=2956"},{"taxonomy":"post_tag","embeddable":true,"href":"https:\/\/agora.xtec.cat\/insaferrer\/wp-json\/wp\/v2\/tags?post=2956"}],"curies":[{"name":"wp","href":"https:\/\/api.w.org\/{rel}","templated":true}]}}