{"id":2891,"date":"2025-09-17T08:52:48","date_gmt":"2025-09-17T06:52:48","guid":{"rendered":"https:\/\/agora.xtec.cat\/insaferrer\/?p=2891"},"modified":"2025-09-17T08:52:48","modified_gmt":"2025-09-17T06:52:48","slug":"inici-de-curs-2025-26-al-centre-de-formacio-i-recerca","status":"publish","type":"post","link":"https:\/\/agora.xtec.cat\/insaferrer\/portada\/inici-de-curs-2025-26-al-centre-de-formacio-i-recerca\/","title":{"rendered":"Inici de curs 2025-26 al Centre de Formaci\u00f3 i Recerca"},"content":{"rendered":"<p><span style=\"font-weight: 400;\">Aquest setembre hem donat el tret de sortida al <\/span><b>curs 2025-26<\/b><span style=\"font-weight: 400;\"> del Centre de Formaci\u00f3 i Recerca de l\u2019Institut Angeleta Ferrer.<\/span><\/p>\n<p><span style=\"font-weight: 400;\">Hem comen\u00e7at amb una <\/span><b>formaci\u00f3 interna de centre<\/b><span style=\"font-weight: 400;\">, que ens ha perm\u00e8s obrir l\u2019any compartint reflexions, eines i propostes per continuar aprenent.<\/span><\/p>\n<p><span style=\"font-weight: 400;\">Paral\u00b7lelament, hem iniciat tamb\u00e9 les <\/span><b>converses de desenvolupament professional amb els docents del claustre<\/b><span style=\"font-weight: 400;\">, un espai de di\u00e0leg personalitzat que vol afavorir la reflexi\u00f3 i el creixement professional de cadasc\u00fa.<\/span><\/p>\n<p><span style=\"font-weight: 400;\">A m\u00e9s, ja hem rebut la <\/span><b>primera visita del curs<\/b><span style=\"font-weight: 400;\">: un grup de docents del M\u00e0ster de Formaci\u00f3 del Professorat de la Universitat de Barcelona juntament amb professors i professores vinguts de Xile, amb qui hem compartit experi\u00e8ncies i perspectives pedag\u00f2giques.<\/span><\/p>\n<p><span style=\"font-weight: 400;\">Seguirem treballant perqu\u00e8 el nostre institut sigui un <\/span><b>espai de formaci\u00f3, recerca i intercanvi<\/b><span style=\"font-weight: 400;\"> que connecta l\u2019aula amb la innovaci\u00f3 organitzativa i metodol\u00f2gica, fomentant el di\u00e0leg entre centres educatius, per aconseguir una educaci\u00f3 de qualitat.<\/span><\/p>\n<p>&nbsp;<\/p>\n<p><a href=\"https:\/\/agora.xtec.cat\/insaferrer\/wp-content\/uploads\/usu2510\/2025\/09\/Conversa-20250916bis.jpg\"><img loading=\"lazy\" decoding=\"async\" class=\"alignnone size-medium wp-image-2892\" src=\"https:\/\/agora.xtec.cat\/insaferrer\/wp-content\/uploads\/usu2510\/2025\/09\/Conversa-20250916bis-300x190.jpg\" alt=\"\" width=\"300\" height=\"190\" srcset=\"https:\/\/agora.xtec.cat\/insaferrer\/wp-content\/uploads\/usu2510\/2025\/09\/Conversa-20250916bis-300x190.jpg 300w, https:\/\/agora.xtec.cat\/insaferrer\/wp-content\/uploads\/usu2510\/2025\/09\/Conversa-20250916bis-1024x648.jpg 1024w, https:\/\/agora.xtec.cat\/insaferrer\/wp-content\/uploads\/usu2510\/2025\/09\/Conversa-20250916bis-768x486.jpg 768w, https:\/\/agora.xtec.cat\/insaferrer\/wp-content\/uploads\/usu2510\/2025\/09\/Conversa-20250916bis.jpg 1236w\" sizes=\"auto, (max-width: 300px) 100vw, 300px\" \/><\/a> <a href=\"https:\/\/agora.xtec.cat\/insaferrer\/wp-content\/uploads\/usu2510\/2025\/09\/Formacio-docent-cercle-202509bis.jpg\"><img loading=\"lazy\" decoding=\"async\" class=\"alignnone size-medium wp-image-2893\" src=\"https:\/\/agora.xtec.cat\/insaferrer\/wp-content\/uploads\/usu2510\/2025\/09\/Formacio-docent-cercle-202509bis-300x190.jpg\" alt=\"\" width=\"300\" height=\"190\" srcset=\"https:\/\/agora.xtec.cat\/insaferrer\/wp-content\/uploads\/usu2510\/2025\/09\/Formacio-docent-cercle-202509bis-300x190.jpg 300w, https:\/\/agora.xtec.cat\/insaferrer\/wp-content\/uploads\/usu2510\/2025\/09\/Formacio-docent-cercle-202509bis-1024x648.jpg 1024w, https:\/\/agora.xtec.cat\/insaferrer\/wp-content\/uploads\/usu2510\/2025\/09\/Formacio-docent-cercle-202509bis-768x486.jpg 768w, https:\/\/agora.xtec.cat\/insaferrer\/wp-content\/uploads\/usu2510\/2025\/09\/Formacio-docent-cercle-202509bis.jpg 1252w\" sizes=\"auto, (max-width: 300px) 100vw, 300px\" \/><\/a> <a href=\"https:\/\/agora.xtec.cat\/insaferrer\/wp-content\/uploads\/usu2510\/2025\/09\/Visita-20250910bis-1.jpg\"><img loading=\"lazy\" decoding=\"async\" class=\"alignnone size-medium wp-image-2895\" src=\"https:\/\/agora.xtec.cat\/insaferrer\/wp-content\/uploads\/usu2510\/2025\/09\/Visita-20250910bis-1-300x194.jpg\" alt=\"\" width=\"300\" height=\"194\" srcset=\"https:\/\/agora.xtec.cat\/insaferrer\/wp-content\/uploads\/usu2510\/2025\/09\/Visita-20250910bis-1-300x194.jpg 300w, https:\/\/agora.xtec.cat\/insaferrer\/wp-content\/uploads\/usu2510\/2025\/09\/Visita-20250910bis-1-1024x664.jpg 1024w, https:\/\/agora.xtec.cat\/insaferrer\/wp-content\/uploads\/usu2510\/2025\/09\/Visita-20250910bis-1-768x498.jpg 768w, https:\/\/agora.xtec.cat\/insaferrer\/wp-content\/uploads\/usu2510\/2025\/09\/Visita-20250910bis-1.jpg 1137w\" sizes=\"auto, (max-width: 300px) 100vw, 300px\" \/><\/a><\/p>\n","protected":false},"excerpt":{"rendered":"<p>Aquest setembre hem donat el tret de sortida al curs 2025-26 del Centre de Formaci\u00f3 i Recerca de l\u2019Institut Angeleta Ferrer.<br \/>\nHem comen\u00e7at amb una formaci\u00f3 interna de centre, que ens ha perm\u00e8s obrir l\u2019any compartint reflexions, eines i propostes per continuar aprenent.<br \/>\nParal\u00b7lelament, hem iniciat tamb\u00e9&hellip;  <a href=\"https:\/\/agora.xtec.cat\/insaferrer\/portada\/inici-de-curs-2025-26-al-centre-de-formacio-i-recerca\/\" title=\"Read Inici de curs 2025-26 al Centre de Formaci\u00f3 i Recerca\">Llegeix m\u00e9s\u00bb<\/a><\/p>\n","protected":false},"author":1,"featured_media":2895,"comment_status":"closed","ping_status":"closed","sticky":false,"template":"","format":"standard","meta":{"_bbp_topic_count":0,"_bbp_reply_count":0,"_bbp_total_topic_count":0,"_bbp_total_reply_count":0,"_bbp_voice_count":0,"_bbp_anonymous_reply_count":0,"_bbp_topic_count_hidden":0,"_bbp_reply_count_hidden":0,"_bbp_forum_subforum_count":0,"footnotes":""},"categories":[154,29],"tags":[],"class_list":["post-2891","post","type-post","status-publish","format-standard","has-post-thumbnail","hentry","category-cefore","category-portada"],"post_mailing_queue_ids":[],"_links":{"self":[{"href":"https:\/\/agora.xtec.cat\/insaferrer\/wp-json\/wp\/v2\/posts\/2891","targetHints":{"allow":["GET"]}}],"collection":[{"href":"https:\/\/agora.xtec.cat\/insaferrer\/wp-json\/wp\/v2\/posts"}],"about":[{"href":"https:\/\/agora.xtec.cat\/insaferrer\/wp-json\/wp\/v2\/types\/post"}],"author":[{"embeddable":true,"href":"https:\/\/agora.xtec.cat\/insaferrer\/wp-json\/wp\/v2\/users\/1"}],"replies":[{"embeddable":true,"href":"https:\/\/agora.xtec.cat\/insaferrer\/wp-json\/wp\/v2\/comments?post=2891"}],"version-history":[{"count":1,"href":"https:\/\/agora.xtec.cat\/insaferrer\/wp-json\/wp\/v2\/posts\/2891\/revisions"}],"predecessor-version":[{"id":2896,"href":"https:\/\/agora.xtec.cat\/insaferrer\/wp-json\/wp\/v2\/posts\/2891\/revisions\/2896"}],"wp:featuredmedia":[{"embeddable":true,"href":"https:\/\/agora.xtec.cat\/insaferrer\/wp-json\/wp\/v2\/media\/2895"}],"wp:attachment":[{"href":"https:\/\/agora.xtec.cat\/insaferrer\/wp-json\/wp\/v2\/media?parent=2891"}],"wp:term":[{"taxonomy":"category","embeddable":true,"href":"https:\/\/agora.xtec.cat\/insaferrer\/wp-json\/wp\/v2\/categories?post=2891"},{"taxonomy":"post_tag","embeddable":true,"href":"https:\/\/agora.xtec.cat\/insaferrer\/wp-json\/wp\/v2\/tags?post=2891"}],"curies":[{"name":"wp","href":"https:\/\/api.w.org\/{rel}","templated":true}]}}