{"id":2790,"date":"2025-07-11T17:13:49","date_gmt":"2025-07-11T15:13:49","guid":{"rendered":"https:\/\/agora.xtec.cat\/insaferrer\/?p=2790"},"modified":"2025-08-09T21:13:05","modified_gmt":"2025-08-09T19:13:05","slug":"trobada-final-de-curs-2024-25-del-forum-futurs-de-leducacio","status":"publish","type":"post","link":"https:\/\/agora.xtec.cat\/insaferrer\/general\/trobada-final-de-curs-2024-25-del-forum-futurs-de-leducacio\/","title":{"rendered":"Trobada final del F\u00f2rum Futurs de l&#8217;Educaci\u00f3"},"content":{"rendered":"<p><span style=\"font-weight: 400;\">El passat 26 de juny de 2025 va tenir lloc al nostre institut la Trobada de final de curs del <\/span><a href=\"https:\/\/elsfutursdeleducacio.cat\/\"><span style=\"font-weight: 400;\">F\u00f2rum Els Futurs de l\u2019Educaci\u00f3<\/span><\/a><span style=\"font-weight: 400;\">.<\/span><\/p>\n<p><a href=\"https:\/\/agora.xtec.cat\/insaferrer\/wp-content\/uploads\/usu2510\/2025\/07\/Captura-de-pantalla-2025-07-09-214830.png\"><img loading=\"lazy\" decoding=\"async\" class=\"alignnone size-medium wp-image-2791\" src=\"https:\/\/agora.xtec.cat\/insaferrer\/wp-content\/uploads\/usu2510\/2025\/07\/Captura-de-pantalla-2025-07-09-214830-295x300.png\" alt=\"\" width=\"295\" height=\"300\" srcset=\"https:\/\/agora.xtec.cat\/insaferrer\/wp-content\/uploads\/usu2510\/2025\/07\/Captura-de-pantalla-2025-07-09-214830-295x300.png 295w, https:\/\/agora.xtec.cat\/insaferrer\/wp-content\/uploads\/usu2510\/2025\/07\/Captura-de-pantalla-2025-07-09-214830.png 512w\" sizes=\"auto, (max-width: 295px) 100vw, 295px\" \/><\/a><\/p>\n<p><span style=\"font-weight: 400;\">El <a href=\"https:\/\/elsfutursdeleducacio.cat\/\">F\u00f2rum Els Futurs de l\u2019Educaci\u00f3<\/a> el constitu\u00efm un conjunt de centres educatius i persones vinculades a aquests centres que hem volgut contribuir col\u00b7lectivament al debat mundial sobre els <\/span><a href=\"https:\/\/en.unesco.org\/futuresofeducation\/\"><span style=\"font-weight: 400;\">Futurs de l\u2019Educaci\u00f3<\/span><\/a><span style=\"font-weight: 400;\"> impulsat per la <\/span><a href=\"https:\/\/www.unesco.org\/es\/education\"><span style=\"font-weight: 400;\">UNESCO<\/span><\/a><span style=\"font-weight: 400;\">.\u00a0<\/span><\/p>\n<p><span style=\"font-weight: 400;\">A la trobada van assistir prop de 300 docents, procedents de <a href=\"https:\/\/www.google.com\/maps\/d\/u\/0\/edit?mid=142AW4uCOHRSMFQo44Xy5_V__7gLS8x4&amp;ll=41.4685979528286%2C1.625142399999966&amp;z=9\">35 centres educatius de Catalunya<\/a>.<\/span><\/p>\n<p><span style=\"font-weight: 400;\">El mat\u00ed va comen\u00e7ar amb una benvinguda i an\u00e0lisi anual del col\u00b7lectiu i din\u00e0miques per enxarxar-nos. Despr\u00e9s de l\u2019esmorzar van tenir lloc diferents tallers simultanis (disseny de projectes, pr\u00e0ctiques restauratives, plaer lector, acompanyament tutorial, espiral d\u2019indagaci\u00f3, reunions d\u2019avaluaci\u00f3\u2026) i finalment una confer\u00e8ncia a c\u00e0rrec de la <a href=\"https:\/\/www.hightechhigh.org\/staff\/diana-cornejo-sanchez\/\">Diana Cornejo-S\u00e1nchez<\/a>, CEO del High Tech High, de San Diego.<\/span><\/p>\n<p><a href=\"https:\/\/agora.xtec.cat\/insaferrer\/wp-content\/uploads\/usu2510\/2025\/07\/Captura-de-pantalla-2025-07-09-215424.png\">\u00a0 \u00a0 \u00a0<\/a><a href=\"https:\/\/agora.xtec.cat\/insaferrer\/wp-content\/uploads\/usu2510\/2025\/07\/Captura-de-pantalla-2025-07-09-215328.png\"><img loading=\"lazy\" decoding=\"async\" class=\"alignnone wp-image-2792\" src=\"https:\/\/agora.xtec.cat\/insaferrer\/wp-content\/uploads\/usu2510\/2025\/07\/Captura-de-pantalla-2025-07-09-215328-300x186.png\" alt=\"\" width=\"375\" height=\"233\" srcset=\"https:\/\/agora.xtec.cat\/insaferrer\/wp-content\/uploads\/usu2510\/2025\/07\/Captura-de-pantalla-2025-07-09-215328-300x186.png 300w, https:\/\/agora.xtec.cat\/insaferrer\/wp-content\/uploads\/usu2510\/2025\/07\/Captura-de-pantalla-2025-07-09-215328-768x476.png 768w, https:\/\/agora.xtec.cat\/insaferrer\/wp-content\/uploads\/usu2510\/2025\/07\/Captura-de-pantalla-2025-07-09-215328.png 804w\" sizes=\"auto, (max-width: 375px) 100vw, 375px\" \/> \u00a0 <\/a><a href=\"https:\/\/agora.xtec.cat\/insaferrer\/wp-content\/uploads\/usu2510\/2025\/07\/Captura-de-pantalla-2025-07-09-220609.png\"><img loading=\"lazy\" decoding=\"async\" class=\"alignnone wp-image-2798\" src=\"https:\/\/agora.xtec.cat\/insaferrer\/wp-content\/uploads\/usu2510\/2025\/07\/Captura-de-pantalla-2025-07-09-220609-300x172.png\" alt=\"\" width=\"399\" height=\"229\" srcset=\"https:\/\/agora.xtec.cat\/insaferrer\/wp-content\/uploads\/usu2510\/2025\/07\/Captura-de-pantalla-2025-07-09-220609-300x172.png 300w, https:\/\/agora.xtec.cat\/insaferrer\/wp-content\/uploads\/usu2510\/2025\/07\/Captura-de-pantalla-2025-07-09-220609-1024x589.png 1024w, https:\/\/agora.xtec.cat\/insaferrer\/wp-content\/uploads\/usu2510\/2025\/07\/Captura-de-pantalla-2025-07-09-220609-768x442.png 768w, https:\/\/agora.xtec.cat\/insaferrer\/wp-content\/uploads\/usu2510\/2025\/07\/Captura-de-pantalla-2025-07-09-220609.png 1141w\" sizes=\"auto, (max-width: 399px) 100vw, 399px\" \/><\/a><\/p>\n<p>&nbsp;<\/p>\n","protected":false},"excerpt":{"rendered":"<p>El passat 26 de juny de 2025 va tenir lloc al nostre institut la Trobada de final de curs del <a href=\"https:\/\/elsfutursdeleducacio.cat\/\">F\u00f2rum Els Futurs de l\u2019Educaci\u00f3<\/a>.<br \/>\n<a href=\"https:\/\/agora.xtec.cat\/insaferrer\/wp-content\/uploads\/usu2510\/2025\/07\/Captura-de-pantalla-2025-07-09-214830.png\"><\/a><br \/>\nEl <a href=\"https:\/\/elsfutursdeleducacio.cat\/\">F\u00f2rum Els Futurs de l\u2019Educaci\u00f3<\/a> el constitu\u00efm un conjunt de centres educatius i persones vinculades a aquests&hellip;  <a href=\"https:\/\/agora.xtec.cat\/insaferrer\/general\/trobada-final-de-curs-2024-25-del-forum-futurs-de-leducacio\/\" title=\"Read Trobada final del F\u00f2rum Futurs de l&#8217;Educaci\u00f3\">Llegeix m\u00e9s\u00bb<\/a><\/p>\n","protected":false},"author":1,"featured_media":2791,"comment_status":"closed","ping_status":"closed","sticky":false,"template":"","format":"standard","meta":{"_bbp_topic_count":0,"_bbp_reply_count":0,"_bbp_total_topic_count":0,"_bbp_total_reply_count":0,"_bbp_voice_count":0,"_bbp_anonymous_reply_count":0,"_bbp_topic_count_hidden":0,"_bbp_reply_count_hidden":0,"_bbp_forum_subforum_count":0,"footnotes":""},"categories":[3,4,5,6,7,1,29],"tags":[],"class_list":["post-2790","post","type-post","status-publish","format-standard","has-post-thumbnail","hentry","category-eso","category-eso-1","category-eso-2","category-eso-3","category-eso-4","category-general","category-portada"],"post_mailing_queue_ids":[],"_links":{"self":[{"href":"https:\/\/agora.xtec.cat\/insaferrer\/wp-json\/wp\/v2\/posts\/2790","targetHints":{"allow":["GET"]}}],"collection":[{"href":"https:\/\/agora.xtec.cat\/insaferrer\/wp-json\/wp\/v2\/posts"}],"about":[{"href":"https:\/\/agora.xtec.cat\/insaferrer\/wp-json\/wp\/v2\/types\/post"}],"author":[{"embeddable":true,"href":"https:\/\/agora.xtec.cat\/insaferrer\/wp-json\/wp\/v2\/users\/1"}],"replies":[{"embeddable":true,"href":"https:\/\/agora.xtec.cat\/insaferrer\/wp-json\/wp\/v2\/comments?post=2790"}],"version-history":[{"count":6,"href":"https:\/\/agora.xtec.cat\/insaferrer\/wp-json\/wp\/v2\/posts\/2790\/revisions"}],"predecessor-version":[{"id":2802,"href":"https:\/\/agora.xtec.cat\/insaferrer\/wp-json\/wp\/v2\/posts\/2790\/revisions\/2802"}],"wp:featuredmedia":[{"embeddable":true,"href":"https:\/\/agora.xtec.cat\/insaferrer\/wp-json\/wp\/v2\/media\/2791"}],"wp:attachment":[{"href":"https:\/\/agora.xtec.cat\/insaferrer\/wp-json\/wp\/v2\/media?parent=2790"}],"wp:term":[{"taxonomy":"category","embeddable":true,"href":"https:\/\/agora.xtec.cat\/insaferrer\/wp-json\/wp\/v2\/categories?post=2790"},{"taxonomy":"post_tag","embeddable":true,"href":"https:\/\/agora.xtec.cat\/insaferrer\/wp-json\/wp\/v2\/tags?post=2790"}],"curies":[{"name":"wp","href":"https:\/\/api.w.org\/{rel}","templated":true}]}}