{"id":2786,"date":"2025-06-25T13:08:09","date_gmt":"2025-06-25T11:08:09","guid":{"rendered":"https:\/\/agora.xtec.cat\/insaferrer\/?p=2786"},"modified":"2025-06-28T18:58:25","modified_gmt":"2025-06-28T16:58:25","slug":"camins-un-film-de-institut-angeleta-ferrer","status":"publish","type":"post","link":"https:\/\/agora.xtec.cat\/insaferrer\/general\/camins-un-film-de-institut-angeleta-ferrer\/","title":{"rendered":"Camins, un film de l&#8217;Institut Angeleta Ferrer"},"content":{"rendered":"<p>Tres joves travessen Barcelona habitant espais de memo\u0300ria, cansament i imaginacio\u0301. Al parc, en un tram, davant del mar, evoquen records, dubtes, somnis&#8230; Les seves passejades es creuen com constel\u00b7lacions que no es toquen. A la nit, la ciutat s\u2019ence\u0301n: finestres com gala\u0300xies, vides llunyanes que brillen en la foscor.<\/p>\n<p><strong>Aquest \u00e9s el resultat d&#8217;un repte de treball de l&#8217;alumnat de 4t d&#8217;ESO de l&#8217;institut<\/strong>: un film de d\u2019Anna Blancafort, Aina Bou, Kawthar El Arroudi, Joan Gabald\u00f3n, Cloe Garcia, Violeta Kuzurbardov, J\u00falia Pozas, Biel Sellar\u00e9s, Valentin Tavira, Gal\u00b7la V\u00e0zquez.<\/p>\n<p>Un projecte de <a href=\"https:\/\/www.cinemaencurs.org\/ca\">Cinema en curs<\/a>, filmat a Barcelona, al districte de l\u2019Eixample, el Parc de la Ciutadella, la platja del Somorrostro, en els trajectes en tramvia a Sant Adria\u0300 de Beso\u0300s i en tren entre Barcelona i a Igualada.<\/p>\n<p>Amb l&#8217;acompanyament de professora Fanny Figueras i els cineastes Celia Rico, Alba Cros i Mart\u00ed Madaula.<\/p>\n<div style=\"padding: 56.25% 0 0 0; position: relative;\"><iframe style=\"position: absolute; top: 0; left: 0; width: 100%; height: 100%;\" title=\"'Camins', Institut Angeleta Ferrer (Barcelona). Cinema en curs 2024-2025\" src=\"https:\/\/player.vimeo.com\/video\/1096537743?badge=0&amp;autopause=0&amp;player_id=0&amp;app_id=58479\" frameborder=\"0\"><\/iframe><\/div>\n<p><script src=\"https:\/\/player.vimeo.com\/api\/player.js\"><\/script><\/p>\n","protected":false},"excerpt":{"rendered":"<p>Tres joves travessen Barcelona habitant espais de memo\u0300ria, cansament i imaginacio\u0301. Al parc, en un tram, davant del mar, evoquen records, dubtes, somnis&#8230; Les seves passejades es creuen com constel\u00b7lacions que no es toquen. A la nit, la ciutat s\u2019ence\u0301n: finestres com gala\u0300xies, vides llunyanes&hellip;  <a href=\"https:\/\/agora.xtec.cat\/insaferrer\/general\/camins-un-film-de-institut-angeleta-ferrer\/\" title=\"Read Camins, un film de l&#8217;Institut Angeleta Ferrer\">Llegeix m\u00e9s\u00bb<\/a><\/p>\n","protected":false},"author":1,"featured_media":2788,"comment_status":"closed","ping_status":"open","sticky":false,"template":"","format":"standard","meta":{"_bbp_topic_count":0,"_bbp_reply_count":0,"_bbp_total_topic_count":0,"_bbp_total_reply_count":0,"_bbp_voice_count":0,"_bbp_anonymous_reply_count":0,"_bbp_topic_count_hidden":0,"_bbp_reply_count_hidden":0,"_bbp_forum_subforum_count":0,"footnotes":""},"categories":[149,124,3,7,1,29],"tags":[160,111,162,150],"class_list":["post-2786","post","type-post","status-publish","format-standard","has-post-thumbnail","hentry","category-abp","category-alumnat","category-eso","category-eso-4","category-general","category-portada","tag-4t-eso","tag-alumnat","tag-cinema-en-curs","tag-projectes"],"post_mailing_queue_ids":[],"_links":{"self":[{"href":"https:\/\/agora.xtec.cat\/insaferrer\/wp-json\/wp\/v2\/posts\/2786","targetHints":{"allow":["GET"]}}],"collection":[{"href":"https:\/\/agora.xtec.cat\/insaferrer\/wp-json\/wp\/v2\/posts"}],"about":[{"href":"https:\/\/agora.xtec.cat\/insaferrer\/wp-json\/wp\/v2\/types\/post"}],"author":[{"embeddable":true,"href":"https:\/\/agora.xtec.cat\/insaferrer\/wp-json\/wp\/v2\/users\/1"}],"replies":[{"embeddable":true,"href":"https:\/\/agora.xtec.cat\/insaferrer\/wp-json\/wp\/v2\/comments?post=2786"}],"version-history":[{"count":2,"href":"https:\/\/agora.xtec.cat\/insaferrer\/wp-json\/wp\/v2\/posts\/2786\/revisions"}],"predecessor-version":[{"id":2789,"href":"https:\/\/agora.xtec.cat\/insaferrer\/wp-json\/wp\/v2\/posts\/2786\/revisions\/2789"}],"wp:featuredmedia":[{"embeddable":true,"href":"https:\/\/agora.xtec.cat\/insaferrer\/wp-json\/wp\/v2\/media\/2788"}],"wp:attachment":[{"href":"https:\/\/agora.xtec.cat\/insaferrer\/wp-json\/wp\/v2\/media?parent=2786"}],"wp:term":[{"taxonomy":"category","embeddable":true,"href":"https:\/\/agora.xtec.cat\/insaferrer\/wp-json\/wp\/v2\/categories?post=2786"},{"taxonomy":"post_tag","embeddable":true,"href":"https:\/\/agora.xtec.cat\/insaferrer\/wp-json\/wp\/v2\/tags?post=2786"}],"curies":[{"name":"wp","href":"https:\/\/api.w.org\/{rel}","templated":true}]}}