{"id":2776,"date":"2025-06-16T23:02:31","date_gmt":"2025-06-16T21:02:31","guid":{"rendered":"https:\/\/agora.xtec.cat\/insaferrer\/?p=2776"},"modified":"2025-06-16T23:04:04","modified_gmt":"2025-06-16T21:04:04","slug":"exhibicio-publica-de-reptes-3rt-4t-eso","status":"publish","type":"post","link":"https:\/\/agora.xtec.cat\/insaferrer\/general\/exhibicio-publica-de-reptes-3rt-4t-eso\/","title":{"rendered":"Exhibici\u00f3 p\u00fablica de Reptes 3rT 4t ESO"},"content":{"rendered":"<p>Ens plau tancar el curs amb l&#8217;exhibici\u00f3 p\u00fablica de Reptes de 4t d&#8217;ESO.<\/p>\n<p>Un moment de recapitular i mostrar els Reptes d&#8217;aquest trimestre.<\/p>\n<p>En adjunt la invitaci\u00f3:<\/p>\n<p><a href=\"https:\/\/agora.xtec.cat\/insaferrer\/wp-content\/uploads\/usu2510\/2025\/06\/4tESO_Exhibicio-publica-3r-T-Reptes.jpg\"><img loading=\"lazy\" decoding=\"async\" class=\"alignnone size-medium wp-image-2777\" src=\"https:\/\/agora.xtec.cat\/insaferrer\/wp-content\/uploads\/usu2510\/2025\/06\/4tESO_Exhibicio-publica-3r-T-Reptes-300x212.jpg\" alt=\"\" width=\"300\" height=\"212\" srcset=\"https:\/\/agora.xtec.cat\/insaferrer\/wp-content\/uploads\/usu2510\/2025\/06\/4tESO_Exhibicio-publica-3r-T-Reptes-300x212.jpg 300w, https:\/\/agora.xtec.cat\/insaferrer\/wp-content\/uploads\/usu2510\/2025\/06\/4tESO_Exhibicio-publica-3r-T-Reptes-1024x724.jpg 1024w, https:\/\/agora.xtec.cat\/insaferrer\/wp-content\/uploads\/usu2510\/2025\/06\/4tESO_Exhibicio-publica-3r-T-Reptes-768x543.jpg 768w, https:\/\/agora.xtec.cat\/insaferrer\/wp-content\/uploads\/usu2510\/2025\/06\/4tESO_Exhibicio-publica-3r-T-Reptes-1536x1087.jpg 1536w, https:\/\/agora.xtec.cat\/insaferrer\/wp-content\/uploads\/usu2510\/2025\/06\/4tESO_Exhibicio-publica-3r-T-Reptes.jpg 1586w\" sizes=\"auto, (max-width: 300px) 100vw, 300px\" \/><\/a><\/p>\n","protected":false},"excerpt":{"rendered":"<p>Ens plau tancar el curs amb l&#8217;exhibici\u00f3 p\u00fablica de Reptes de 4t d&#8217;ESO.<br \/>\nUn moment de recapitular i mostrar els Reptes d&#8217;aquest trimestre.<br \/>\nEn adjunt la invitaci\u00f3:<br \/>\n<a href=\"https:\/\/agora.xtec.cat\/insaferrer\/wp-content\/uploads\/usu2510\/2025\/06\/4tESO_Exhibicio-publica-3r-T-Reptes.jpg\"><\/a><\/p>\n","protected":false},"author":1,"featured_media":2777,"comment_status":"closed","ping_status":"open","sticky":false,"template":"","format":"standard","meta":{"_bbp_topic_count":0,"_bbp_reply_count":0,"_bbp_total_topic_count":0,"_bbp_total_reply_count":0,"_bbp_voice_count":0,"_bbp_anonymous_reply_count":0,"_bbp_topic_count_hidden":0,"_bbp_reply_count_hidden":0,"_bbp_forum_subforum_count":0,"footnotes":""},"categories":[7,1,29],"tags":[140,163],"class_list":["post-2776","post","type-post","status-publish","format-standard","has-post-thumbnail","hentry","category-eso-4","category-general","category-portada","tag-exhibicio-publica","tag-reptes"],"post_mailing_queue_ids":[],"_links":{"self":[{"href":"https:\/\/agora.xtec.cat\/insaferrer\/wp-json\/wp\/v2\/posts\/2776","targetHints":{"allow":["GET"]}}],"collection":[{"href":"https:\/\/agora.xtec.cat\/insaferrer\/wp-json\/wp\/v2\/posts"}],"about":[{"href":"https:\/\/agora.xtec.cat\/insaferrer\/wp-json\/wp\/v2\/types\/post"}],"author":[{"embeddable":true,"href":"https:\/\/agora.xtec.cat\/insaferrer\/wp-json\/wp\/v2\/users\/1"}],"replies":[{"embeddable":true,"href":"https:\/\/agora.xtec.cat\/insaferrer\/wp-json\/wp\/v2\/comments?post=2776"}],"version-history":[{"count":1,"href":"https:\/\/agora.xtec.cat\/insaferrer\/wp-json\/wp\/v2\/posts\/2776\/revisions"}],"predecessor-version":[{"id":2778,"href":"https:\/\/agora.xtec.cat\/insaferrer\/wp-json\/wp\/v2\/posts\/2776\/revisions\/2778"}],"wp:featuredmedia":[{"embeddable":true,"href":"https:\/\/agora.xtec.cat\/insaferrer\/wp-json\/wp\/v2\/media\/2777"}],"wp:attachment":[{"href":"https:\/\/agora.xtec.cat\/insaferrer\/wp-json\/wp\/v2\/media?parent=2776"}],"wp:term":[{"taxonomy":"category","embeddable":true,"href":"https:\/\/agora.xtec.cat\/insaferrer\/wp-json\/wp\/v2\/categories?post=2776"},{"taxonomy":"post_tag","embeddable":true,"href":"https:\/\/agora.xtec.cat\/insaferrer\/wp-json\/wp\/v2\/tags?post=2776"}],"curies":[{"name":"wp","href":"https:\/\/api.w.org\/{rel}","templated":true}]}}