{"id":2764,"date":"2025-06-10T13:02:38","date_gmt":"2025-06-10T11:02:38","guid":{"rendered":"https:\/\/agora.xtec.cat\/insaferrer\/?p=2764"},"modified":"2025-06-10T13:02:38","modified_gmt":"2025-06-10T11:02:38","slug":"retratem-el-barri-un-projecte-de-mirades","status":"publish","type":"post","link":"https:\/\/agora.xtec.cat\/insaferrer\/eso\/retratem-el-barri-un-projecte-de-mirades\/","title":{"rendered":"RETRATEM EL BARRI, UN PROJECTE DE MIRADES"},"content":{"rendered":"<p><span style=\"font-weight: 300;\">Aquest trimestre, els alumnes de 1r ens hem embarcat en un projecte molt especial: fer visibles els avis i \u00e0vies del nostre boc\u00ed d\u2019Eixample. Amb aquesta iniciativa, hem volgut donar valor a les seves hist\u00f2ries, experi\u00e8ncies i viv\u00e8ncies, establint un vincle de confian\u00e7a amb ells i elles a trav\u00e9s d\u2019entrevistes personals.<\/span><\/p>\n<p><span style=\"font-weight: 300;\">Per sort, els avis jubilats tenien temps durant el nostre horari escolar, i molts d\u2019ells i elles van estar encantats de compartir les seves hist\u00f2ries amb nosaltres. Vam passar molts matins voltant pel barri, buscant persones disposades a respondre les nostres preguntes i a participar en una exposici\u00f3 fotogr\u00e0fica. Cada grup va tenir l\u2019oportunitat d\u2019escollir un avi o una \u00e0via amb qui van establir una relaci\u00f3 molt propera i especial. Aquest vincle hum\u00e0 va donar molta for\u00e7a al projecte i va fer que l\u2019experi\u00e8ncia de disparar la c\u00e0mera per a fer-los un retrat, fos encara m\u00e9s significativa.\u00a0<\/span><\/p>\n<p><span style=\"font-weight: 300;\">Aix\u00ed doncs, les fotografies que s\u2019exhibeixen al Parc Sandaru s\u00f3n plenes de valor, no nom\u00e9s per la qualitat fotogr\u00e0fica que tenen (gr\u00e0cies a l\u2019\u00c0lex Llovet, fot\u00f2graf professional que ens ha acompanyat) sin\u00f3 tamb\u00e9 pels retrats narratius que les acompanyen. A m\u00e9s, els espais on els vam con\u00e8ixer tamb\u00e9 tenen un paper rellevant, doncs hem volgut fotografiar-los en el context on els vam descobrir.\u00a0<\/span><\/p>\n<p><span style=\"font-weight: 300;\">Un aprenentatge significatiu ha estat adonar-nos que amb el pas del temps, la nostra generaci\u00f3 ha anat oblidant els avis i les \u00e0vies. Sovint, no ens aturem a escoltar-los, tot i que s\u00f3n portadors d\u2019un llegat molt valu\u00f3s: els seus records, viv\u00e8ncies i llegendes. Aquest projecte ens ha ajudat a reconnectar amb ells i elles, a redescobrir el seu m\u00f3n i a entendre molt millor el nostre passat.<\/span><\/p>\n<p><span style=\"font-weight: 300;\">Amb aquest projecte tamb\u00e9 hem apr\u00e8s a valorar les persones que ens envolten al barri, m\u00e9s enll\u00e0 del seu paper com a ve\u00efns o ve\u00efnes. Ens han mostrat una altra manera de veure la vida, m\u00e9s pausada i plena de records. A m\u00e9s, hem apr\u00e8s a observar amb ulls cr\u00edtics i art\u00edstics. Ens van explicar que els fot\u00f2grafs han de tenir intu\u00efci\u00f3 i saber mirar les coses des de diferents angles i punts de vista, per captar-ne l\u2019ess\u00e8ncia. Hem mirat persones, hem volgut mirar a trav\u00e9s dels seus ulls i m\u00e9s enll\u00e0, i hem contemplat l\u2019espai que habiten durant el seu dia a dia.\u00a0<\/span><\/p>\n<p><span style=\"font-weight: 300;\">Un cop vam tenir clares aquestes idees, ens vam posar en marxa. Vam llegir molts textos descriptius per inspirar-nos i per aprendre a descobrir el significat m\u00e9s profund dels detalls. La descripci\u00f3 no nom\u00e9s havia de ser visual, sin\u00f3 tamb\u00e9 emocional. Vol\u00edem que les paraules transmetessin tot all\u00f2 que hav\u00edem sentit en escoltar els avis i les \u00e0vies.\u00a0<\/span><\/p>\n<p><span style=\"font-weight: 300;\">Creiem que ho hem aconseguit, hem apr\u00e8s a mirar amb tot els sentits i a vincular l\u2019emoci\u00f3 d\u2019haver-los concegut tant a trav\u00e9s de l\u2019objectiu de la c\u00e0mera com del llapis del nostre pensament.\u00a0<\/span><\/p>\n<p><span style=\"font-weight: 300;\">Si vols, acompanya\u2019ns avui a la nostra exhibici\u00f3 p\u00fablica al Parc Sandaru, tamb\u00e9 conegut com el centre c\u00edvic del barri. Aquesta exposici\u00f3 de retrats fotogr\u00e0fics i retrats narratius que dialoguen romandr\u00e0 durant deu dies; no te la perdis.\u00a0<\/span><\/p>\n<p>&nbsp;<\/p>\n<p style=\"text-align: right;\"><span style=\"font-weight: 300;\">Tanit, Ona, Abril F, alumnes de 1r d&#8217;ESO.\u00a0<\/span><\/p>\n","protected":false},"excerpt":{"rendered":"<p>Aquest trimestre, els alumnes de 1r ens hem embarcat en un projecte molt especial: fer visibles els avis i \u00e0vies del nostre boc\u00ed d\u2019Eixample. Amb aquesta iniciativa, hem volgut donar valor a les seves hist\u00f2ries, experi\u00e8ncies i viv\u00e8ncies, establint un vincle de confian\u00e7a amb ells&hellip;  <a href=\"https:\/\/agora.xtec.cat\/insaferrer\/eso\/retratem-el-barri-un-projecte-de-mirades\/\" title=\"Read RETRATEM EL BARRI, UN PROJECTE DE MIRADES\">Llegeix m\u00e9s\u00bb<\/a><\/p>\n","protected":false},"author":1,"featured_media":2765,"comment_status":"closed","ping_status":"open","sticky":false,"template":"","format":"standard","meta":{"_bbp_topic_count":0,"_bbp_reply_count":0,"_bbp_total_topic_count":0,"_bbp_total_reply_count":0,"_bbp_voice_count":0,"_bbp_anonymous_reply_count":0,"_bbp_topic_count_hidden":0,"_bbp_reply_count_hidden":0,"_bbp_forum_subforum_count":0,"footnotes":""},"categories":[149,124,3,4,29],"tags":[],"class_list":["post-2764","post","type-post","status-publish","format-standard","has-post-thumbnail","hentry","category-abp","category-alumnat","category-eso","category-eso-1","category-portada"],"post_mailing_queue_ids":[],"_links":{"self":[{"href":"https:\/\/agora.xtec.cat\/insaferrer\/wp-json\/wp\/v2\/posts\/2764","targetHints":{"allow":["GET"]}}],"collection":[{"href":"https:\/\/agora.xtec.cat\/insaferrer\/wp-json\/wp\/v2\/posts"}],"about":[{"href":"https:\/\/agora.xtec.cat\/insaferrer\/wp-json\/wp\/v2\/types\/post"}],"author":[{"embeddable":true,"href":"https:\/\/agora.xtec.cat\/insaferrer\/wp-json\/wp\/v2\/users\/1"}],"replies":[{"embeddable":true,"href":"https:\/\/agora.xtec.cat\/insaferrer\/wp-json\/wp\/v2\/comments?post=2764"}],"version-history":[{"count":1,"href":"https:\/\/agora.xtec.cat\/insaferrer\/wp-json\/wp\/v2\/posts\/2764\/revisions"}],"predecessor-version":[{"id":2766,"href":"https:\/\/agora.xtec.cat\/insaferrer\/wp-json\/wp\/v2\/posts\/2764\/revisions\/2766"}],"wp:featuredmedia":[{"embeddable":true,"href":"https:\/\/agora.xtec.cat\/insaferrer\/wp-json\/wp\/v2\/media\/2765"}],"wp:attachment":[{"href":"https:\/\/agora.xtec.cat\/insaferrer\/wp-json\/wp\/v2\/media?parent=2764"}],"wp:term":[{"taxonomy":"category","embeddable":true,"href":"https:\/\/agora.xtec.cat\/insaferrer\/wp-json\/wp\/v2\/categories?post=2764"},{"taxonomy":"post_tag","embeddable":true,"href":"https:\/\/agora.xtec.cat\/insaferrer\/wp-json\/wp\/v2\/tags?post=2764"}],"curies":[{"name":"wp","href":"https:\/\/api.w.org\/{rel}","templated":true}]}}