{"id":2739,"date":"2025-06-01T19:33:34","date_gmt":"2025-06-01T17:33:34","guid":{"rendered":"https:\/\/agora.xtec.cat\/insaferrer\/?p=2739"},"modified":"2025-06-06T13:20:49","modified_gmt":"2025-06-06T11:20:49","slug":"exhibicions-publiques-3r-trimestre","status":"publish","type":"post","link":"https:\/\/agora.xtec.cat\/insaferrer\/eso\/exhibicions-publiques-3r-trimestre\/","title":{"rendered":"Exhibicions p\u00fabliques 3r trimestre"},"content":{"rendered":"<p>A punt d&#8217;acabar el curs ja tenim aqu\u00ed les exhibicions p\u00fabliques del 3r trimestre.<\/p>\n<p><strong>Dimecres 4 de juny<\/strong> exhibicions p\u00fabliques dels projectes STEAM de 1r a 3r d&#8217;ESO.<\/p>\n<p><strong>Dimarts 10 de juny<\/strong> exhibicions p\u00fabliques dels projectes Social-Human\u00edstics de 1r a 3r i el projecte Angeleta x Val\u00e8ncia de 4t d&#8217;ESO.<\/p>\n<p><strong>Dimecres 18 de juny<\/strong> exhibici\u00f3 p\u00fablica dels Reptes de 4t d&#8217;ESO i projecci\u00f3 de la pel\u00b7l\u00edcula &#8220;Camins&#8221; en el marc del projecte Cinema en curs.<\/p>\n<p>Aqu\u00ed teniu les invitacions dels projectes STEAM de 1r, 2n i 3r d&#8217;ESO del <strong>dimecres 4 de juny<\/strong>.<\/p>\n<p><a href=\"https:\/\/agora.xtec.cat\/insaferrer\/wp-content\/uploads\/usu2510\/2025\/06\/1ESO-3rT-Exhibicio-publica-STEAM-Felicitat.jpg\"><img loading=\"lazy\" decoding=\"async\" class=\"alignnone size-medium wp-image-2740\" src=\"https:\/\/agora.xtec.cat\/insaferrer\/wp-content\/uploads\/usu2510\/2025\/06\/1ESO-3rT-Exhibicio-publica-STEAM-Felicitat-212x300.jpg\" alt=\"\" width=\"212\" height=\"300\" srcset=\"https:\/\/agora.xtec.cat\/insaferrer\/wp-content\/uploads\/usu2510\/2025\/06\/1ESO-3rT-Exhibicio-publica-STEAM-Felicitat-212x300.jpg 212w, https:\/\/agora.xtec.cat\/insaferrer\/wp-content\/uploads\/usu2510\/2025\/06\/1ESO-3rT-Exhibicio-publica-STEAM-Felicitat-724x1024.jpg 724w, https:\/\/agora.xtec.cat\/insaferrer\/wp-content\/uploads\/usu2510\/2025\/06\/1ESO-3rT-Exhibicio-publica-STEAM-Felicitat-768x1086.jpg 768w, https:\/\/agora.xtec.cat\/insaferrer\/wp-content\/uploads\/usu2510\/2025\/06\/1ESO-3rT-Exhibicio-publica-STEAM-Felicitat-1087x1536.jpg 1087w, https:\/\/agora.xtec.cat\/insaferrer\/wp-content\/uploads\/usu2510\/2025\/06\/1ESO-3rT-Exhibicio-publica-STEAM-Felicitat.jpg 1122w\" sizes=\"auto, (max-width: 212px) 100vw, 212px\" \/><\/a> <a href=\"https:\/\/agora.xtec.cat\/insaferrer\/wp-content\/uploads\/usu2510\/2025\/06\/2ESO_-Exhibicio-publica-3rT-Pati-2.0.jpg\"><img loading=\"lazy\" decoding=\"async\" class=\"alignnone size-medium wp-image-2741\" src=\"https:\/\/agora.xtec.cat\/insaferrer\/wp-content\/uploads\/usu2510\/2025\/06\/2ESO_-Exhibicio-publica-3rT-Pati-2.0-212x300.jpg\" alt=\"\" width=\"212\" height=\"300\" srcset=\"https:\/\/agora.xtec.cat\/insaferrer\/wp-content\/uploads\/usu2510\/2025\/06\/2ESO_-Exhibicio-publica-3rT-Pati-2.0-212x300.jpg 212w, https:\/\/agora.xtec.cat\/insaferrer\/wp-content\/uploads\/usu2510\/2025\/06\/2ESO_-Exhibicio-publica-3rT-Pati-2.0-724x1024.jpg 724w, https:\/\/agora.xtec.cat\/insaferrer\/wp-content\/uploads\/usu2510\/2025\/06\/2ESO_-Exhibicio-publica-3rT-Pati-2.0-768x1086.jpg 768w, https:\/\/agora.xtec.cat\/insaferrer\/wp-content\/uploads\/usu2510\/2025\/06\/2ESO_-Exhibicio-publica-3rT-Pati-2.0-1087x1536.jpg 1087w, https:\/\/agora.xtec.cat\/insaferrer\/wp-content\/uploads\/usu2510\/2025\/06\/2ESO_-Exhibicio-publica-3rT-Pati-2.0.jpg 1122w\" sizes=\"auto, (max-width: 212px) 100vw, 212px\" \/><\/a><\/p>\n<p><a href=\"https:\/\/agora.xtec.cat\/insaferrer\/wp-content\/uploads\/usu2510\/2025\/06\/3ESO1_Exhibicio-publica-3rT-STEAM-a-la-cuina.jpg\"><img loading=\"lazy\" decoding=\"async\" class=\"alignnone size-medium wp-image-2743\" src=\"https:\/\/agora.xtec.cat\/insaferrer\/wp-content\/uploads\/usu2510\/2025\/06\/3ESO1_Exhibicio-publica-3rT-STEAM-a-la-cuina-300x212.jpg\" alt=\"\" width=\"300\" height=\"212\" srcset=\"https:\/\/agora.xtec.cat\/insaferrer\/wp-content\/uploads\/usu2510\/2025\/06\/3ESO1_Exhibicio-publica-3rT-STEAM-a-la-cuina-300x212.jpg 300w, https:\/\/agora.xtec.cat\/insaferrer\/wp-content\/uploads\/usu2510\/2025\/06\/3ESO1_Exhibicio-publica-3rT-STEAM-a-la-cuina-1024x724.jpg 1024w, https:\/\/agora.xtec.cat\/insaferrer\/wp-content\/uploads\/usu2510\/2025\/06\/3ESO1_Exhibicio-publica-3rT-STEAM-a-la-cuina-768x543.jpg 768w, https:\/\/agora.xtec.cat\/insaferrer\/wp-content\/uploads\/usu2510\/2025\/06\/3ESO1_Exhibicio-publica-3rT-STEAM-a-la-cuina-1536x1087.jpg 1536w, https:\/\/agora.xtec.cat\/insaferrer\/wp-content\/uploads\/usu2510\/2025\/06\/3ESO1_Exhibicio-publica-3rT-STEAM-a-la-cuina.jpg 1586w\" sizes=\"auto, (max-width: 300px) 100vw, 300px\" \/>\u00a0<\/a><a href=\"https:\/\/agora.xtec.cat\/insaferrer\/wp-content\/uploads\/usu2510\/2025\/06\/3ESO2_Exhibicio-publica-3r-T-Enlairat-1.jpg\"><img loading=\"lazy\" decoding=\"async\" class=\"alignnone wp-image-2742\" src=\"https:\/\/agora.xtec.cat\/insaferrer\/wp-content\/uploads\/usu2510\/2025\/06\/3ESO2_Exhibicio-publica-3r-T-Enlairat-1-300x212.jpg\" alt=\"\" width=\"300\" height=\"212\" srcset=\"https:\/\/agora.xtec.cat\/insaferrer\/wp-content\/uploads\/usu2510\/2025\/06\/3ESO2_Exhibicio-publica-3r-T-Enlairat-1-300x212.jpg 300w, https:\/\/agora.xtec.cat\/insaferrer\/wp-content\/uploads\/usu2510\/2025\/06\/3ESO2_Exhibicio-publica-3r-T-Enlairat-1-1024x724.jpg 1024w, https:\/\/agora.xtec.cat\/insaferrer\/wp-content\/uploads\/usu2510\/2025\/06\/3ESO2_Exhibicio-publica-3r-T-Enlairat-1-768x543.jpg 768w, https:\/\/agora.xtec.cat\/insaferrer\/wp-content\/uploads\/usu2510\/2025\/06\/3ESO2_Exhibicio-publica-3r-T-Enlairat-1-1536x1087.jpg 1536w, https:\/\/agora.xtec.cat\/insaferrer\/wp-content\/uploads\/usu2510\/2025\/06\/3ESO2_Exhibicio-publica-3r-T-Enlairat-1.jpg 1586w\" sizes=\"auto, (max-width: 300px) 100vw, 300px\" \/><\/a><\/p>\n<p>A continuaci\u00f3 les invitacions de les exhibicions del projecte Social i Human\u00edstic del proper <strong>dimarts 10 de juny:<\/strong><\/p>\n<p><a href=\"https:\/\/agora.xtec.cat\/insaferrer\/wp-content\/uploads\/usu2510\/2025\/06\/3ESO2_Exhibicio-publica-3r-T-Els-espais-que-habitem-3.jpg\"><img loading=\"lazy\" decoding=\"async\" class=\"alignnone size-medium wp-image-2753\" src=\"https:\/\/agora.xtec.cat\/insaferrer\/wp-content\/uploads\/usu2510\/2025\/06\/3ESO2_Exhibicio-publica-3r-T-Els-espais-que-habitem-3-300x212.jpg\" alt=\"\" width=\"300\" height=\"212\" srcset=\"https:\/\/agora.xtec.cat\/insaferrer\/wp-content\/uploads\/usu2510\/2025\/06\/3ESO2_Exhibicio-publica-3r-T-Els-espais-que-habitem-3-300x212.jpg 300w, https:\/\/agora.xtec.cat\/insaferrer\/wp-content\/uploads\/usu2510\/2025\/06\/3ESO2_Exhibicio-publica-3r-T-Els-espais-que-habitem-3-1024x724.jpg 1024w, https:\/\/agora.xtec.cat\/insaferrer\/wp-content\/uploads\/usu2510\/2025\/06\/3ESO2_Exhibicio-publica-3r-T-Els-espais-que-habitem-3-768x543.jpg 768w, https:\/\/agora.xtec.cat\/insaferrer\/wp-content\/uploads\/usu2510\/2025\/06\/3ESO2_Exhibicio-publica-3r-T-Els-espais-que-habitem-3-1536x1087.jpg 1536w, https:\/\/agora.xtec.cat\/insaferrer\/wp-content\/uploads\/usu2510\/2025\/06\/3ESO2_Exhibicio-publica-3r-T-Els-espais-que-habitem-3.jpg 1586w\" sizes=\"auto, (max-width: 300px) 100vw, 300px\" \/><\/a> <a href=\"https:\/\/agora.xtec.cat\/insaferrer\/wp-content\/uploads\/usu2510\/2025\/06\/3ESO2_Exhibicio-publica-3r-T-Els-espais-que-habitem-1.jpg\"><img loading=\"lazy\" decoding=\"async\" class=\"alignnone size-medium wp-image-2754\" src=\"https:\/\/agora.xtec.cat\/insaferrer\/wp-content\/uploads\/usu2510\/2025\/06\/3ESO2_Exhibicio-publica-3r-T-Els-espais-que-habitem-1-300x212.jpg\" alt=\"\" width=\"300\" height=\"212\" srcset=\"https:\/\/agora.xtec.cat\/insaferrer\/wp-content\/uploads\/usu2510\/2025\/06\/3ESO2_Exhibicio-publica-3r-T-Els-espais-que-habitem-1-300x212.jpg 300w, https:\/\/agora.xtec.cat\/insaferrer\/wp-content\/uploads\/usu2510\/2025\/06\/3ESO2_Exhibicio-publica-3r-T-Els-espais-que-habitem-1-1024x724.jpg 1024w, https:\/\/agora.xtec.cat\/insaferrer\/wp-content\/uploads\/usu2510\/2025\/06\/3ESO2_Exhibicio-publica-3r-T-Els-espais-que-habitem-1-768x543.jpg 768w, https:\/\/agora.xtec.cat\/insaferrer\/wp-content\/uploads\/usu2510\/2025\/06\/3ESO2_Exhibicio-publica-3r-T-Els-espais-que-habitem-1-1536x1087.jpg 1536w, https:\/\/agora.xtec.cat\/insaferrer\/wp-content\/uploads\/usu2510\/2025\/06\/3ESO2_Exhibicio-publica-3r-T-Els-espais-que-habitem-1.jpg 1586w\" sizes=\"auto, (max-width: 300px) 100vw, 300px\" \/><\/a><\/p>\n<p><a href=\"https:\/\/agora.xtec.cat\/insaferrer\/wp-content\/uploads\/usu2510\/2025\/06\/1ESO-Exhibicio-publica-3rT-Retratem-el-barri-1.jpg\"><img loading=\"lazy\" decoding=\"async\" class=\"alignnone size-medium wp-image-2760\" src=\"https:\/\/agora.xtec.cat\/insaferrer\/wp-content\/uploads\/usu2510\/2025\/06\/1ESO-Exhibicio-publica-3rT-Retratem-el-barri-1-300x212.jpg\" alt=\"\" width=\"300\" height=\"212\" srcset=\"https:\/\/agora.xtec.cat\/insaferrer\/wp-content\/uploads\/usu2510\/2025\/06\/1ESO-Exhibicio-publica-3rT-Retratem-el-barri-1-300x212.jpg 300w, https:\/\/agora.xtec.cat\/insaferrer\/wp-content\/uploads\/usu2510\/2025\/06\/1ESO-Exhibicio-publica-3rT-Retratem-el-barri-1-1024x724.jpg 1024w, https:\/\/agora.xtec.cat\/insaferrer\/wp-content\/uploads\/usu2510\/2025\/06\/1ESO-Exhibicio-publica-3rT-Retratem-el-barri-1-768x543.jpg 768w, https:\/\/agora.xtec.cat\/insaferrer\/wp-content\/uploads\/usu2510\/2025\/06\/1ESO-Exhibicio-publica-3rT-Retratem-el-barri-1-1536x1087.jpg 1536w, https:\/\/agora.xtec.cat\/insaferrer\/wp-content\/uploads\/usu2510\/2025\/06\/1ESO-Exhibicio-publica-3rT-Retratem-el-barri-1.jpg 1586w\" sizes=\"auto, (max-width: 300px) 100vw, 300px\" \/><\/a><\/p>\n<p><a href=\"https:\/\/agora.xtec.cat\/insaferrer\/wp-content\/uploads\/usu2510\/2025\/06\/2ESO_-Exhibicio-publica-3rT-El-meu-cos-el-meu-tresor-1.jpg\"><img loading=\"lazy\" decoding=\"async\" class=\"alignnone size-medium wp-image-2756\" src=\"https:\/\/agora.xtec.cat\/insaferrer\/wp-content\/uploads\/usu2510\/2025\/06\/2ESO_-Exhibicio-publica-3rT-El-meu-cos-el-meu-tresor-1-212x300.jpg\" alt=\"\" width=\"212\" height=\"300\" srcset=\"https:\/\/agora.xtec.cat\/insaferrer\/wp-content\/uploads\/usu2510\/2025\/06\/2ESO_-Exhibicio-publica-3rT-El-meu-cos-el-meu-tresor-1-212x300.jpg 212w, https:\/\/agora.xtec.cat\/insaferrer\/wp-content\/uploads\/usu2510\/2025\/06\/2ESO_-Exhibicio-publica-3rT-El-meu-cos-el-meu-tresor-1-724x1024.jpg 724w, https:\/\/agora.xtec.cat\/insaferrer\/wp-content\/uploads\/usu2510\/2025\/06\/2ESO_-Exhibicio-publica-3rT-El-meu-cos-el-meu-tresor-1-768x1086.jpg 768w, https:\/\/agora.xtec.cat\/insaferrer\/wp-content\/uploads\/usu2510\/2025\/06\/2ESO_-Exhibicio-publica-3rT-El-meu-cos-el-meu-tresor-1-1087x1536.jpg 1087w, https:\/\/agora.xtec.cat\/insaferrer\/wp-content\/uploads\/usu2510\/2025\/06\/2ESO_-Exhibicio-publica-3rT-El-meu-cos-el-meu-tresor-1.jpg 1122w\" sizes=\"auto, (max-width: 212px) 100vw, 212px\" \/>\u00a0 <\/a><a href=\"https:\/\/agora.xtec.cat\/insaferrer\/wp-content\/uploads\/usu2510\/2025\/06\/4ESO-Exhibicio-publica-3rT-Angeleta-x-Valencia-1.jpg\"><img loading=\"lazy\" decoding=\"async\" class=\"alignnone size-medium wp-image-2762\" src=\"https:\/\/agora.xtec.cat\/insaferrer\/wp-content\/uploads\/usu2510\/2025\/06\/4ESO-Exhibicio-publica-3rT-Angeleta-x-Valencia-1-300x212.jpg\" alt=\"\" width=\"300\" height=\"212\" srcset=\"https:\/\/agora.xtec.cat\/insaferrer\/wp-content\/uploads\/usu2510\/2025\/06\/4ESO-Exhibicio-publica-3rT-Angeleta-x-Valencia-1-300x212.jpg 300w, https:\/\/agora.xtec.cat\/insaferrer\/wp-content\/uploads\/usu2510\/2025\/06\/4ESO-Exhibicio-publica-3rT-Angeleta-x-Valencia-1-1024x724.jpg 1024w, https:\/\/agora.xtec.cat\/insaferrer\/wp-content\/uploads\/usu2510\/2025\/06\/4ESO-Exhibicio-publica-3rT-Angeleta-x-Valencia-1-768x543.jpg 768w, https:\/\/agora.xtec.cat\/insaferrer\/wp-content\/uploads\/usu2510\/2025\/06\/4ESO-Exhibicio-publica-3rT-Angeleta-x-Valencia-1-1536x1087.jpg 1536w, https:\/\/agora.xtec.cat\/insaferrer\/wp-content\/uploads\/usu2510\/2025\/06\/4ESO-Exhibicio-publica-3rT-Angeleta-x-Valencia-1.jpg 1586w\" sizes=\"auto, (max-width: 300px) 100vw, 300px\" \/><\/a><\/p>\n","protected":false},"excerpt":{"rendered":"<p>A punt d&#8217;acabar el curs ja tenim aqu\u00ed les exhibicions p\u00fabliques del 3r trimestre.<br \/>\nDimecres 4 de juny exhibicions p\u00fabliques dels projectes STEAM de 1r a 3r d&#8217;ESO.<br \/>\nDimarts 10 de juny exhibicions p\u00fabliques dels projectes Social-Human\u00edstics de 1r a 3r i el projecte Angeleta x Val\u00e8ncia&hellip;  <a href=\"https:\/\/agora.xtec.cat\/insaferrer\/eso\/exhibicions-publiques-3r-trimestre\/\" title=\"Read Exhibicions p\u00fabliques 3r trimestre\">Llegeix m\u00e9s\u00bb<\/a><\/p>\n","protected":false},"author":1,"featured_media":2748,"comment_status":"closed","ping_status":"closed","sticky":false,"template":"","format":"standard","meta":{"_bbp_topic_count":0,"_bbp_reply_count":0,"_bbp_total_topic_count":0,"_bbp_total_reply_count":0,"_bbp_voice_count":0,"_bbp_anonymous_reply_count":0,"_bbp_topic_count_hidden":0,"_bbp_reply_count_hidden":0,"_bbp_forum_subforum_count":0,"footnotes":""},"categories":[149,124,3,4,5,6,7,29],"tags":[107,141,151,160,119,167],"class_list":["post-2739","post","type-post","status-publish","format-standard","has-post-thumbnail","hentry","category-abp","category-alumnat","category-eso","category-eso-1","category-eso-2","category-eso-3","category-eso-4","category-portada","tag-1r-eso","tag-2n-eso","tag-3r-eso","tag-4t-eso","tag-projecte-dambit","tag-steam"],"post_mailing_queue_ids":[],"_links":{"self":[{"href":"https:\/\/agora.xtec.cat\/insaferrer\/wp-json\/wp\/v2\/posts\/2739","targetHints":{"allow":["GET"]}}],"collection":[{"href":"https:\/\/agora.xtec.cat\/insaferrer\/wp-json\/wp\/v2\/posts"}],"about":[{"href":"https:\/\/agora.xtec.cat\/insaferrer\/wp-json\/wp\/v2\/types\/post"}],"author":[{"embeddable":true,"href":"https:\/\/agora.xtec.cat\/insaferrer\/wp-json\/wp\/v2\/users\/1"}],"replies":[{"embeddable":true,"href":"https:\/\/agora.xtec.cat\/insaferrer\/wp-json\/wp\/v2\/comments?post=2739"}],"version-history":[{"count":6,"href":"https:\/\/agora.xtec.cat\/insaferrer\/wp-json\/wp\/v2\/posts\/2739\/revisions"}],"predecessor-version":[{"id":2763,"href":"https:\/\/agora.xtec.cat\/insaferrer\/wp-json\/wp\/v2\/posts\/2739\/revisions\/2763"}],"wp:featuredmedia":[{"embeddable":true,"href":"https:\/\/agora.xtec.cat\/insaferrer\/wp-json\/wp\/v2\/media\/2748"}],"wp:attachment":[{"href":"https:\/\/agora.xtec.cat\/insaferrer\/wp-json\/wp\/v2\/media?parent=2739"}],"wp:term":[{"taxonomy":"category","embeddable":true,"href":"https:\/\/agora.xtec.cat\/insaferrer\/wp-json\/wp\/v2\/categories?post=2739"},{"taxonomy":"post_tag","embeddable":true,"href":"https:\/\/agora.xtec.cat\/insaferrer\/wp-json\/wp\/v2\/tags?post=2739"}],"curies":[{"name":"wp","href":"https:\/\/api.w.org\/{rel}","templated":true}]}}