{"id":2731,"date":"2025-05-27T16:05:56","date_gmt":"2025-05-27T14:05:56","guid":{"rendered":"https:\/\/agora.xtec.cat\/insaferrer\/?p=2731"},"modified":"2025-05-27T16:05:56","modified_gmt":"2025-05-27T14:05:56","slug":"els-reptes-de-4t-eso-una-finestra-de-futur","status":"publish","type":"post","link":"https:\/\/agora.xtec.cat\/insaferrer\/general\/els-reptes-de-4t-eso-una-finestra-de-futur\/","title":{"rendered":"Els reptes de 4t ESO, una finestra de futur."},"content":{"rendered":"<p>Dilluns 19 de maig, part de l&#8217;alumnat de 4t va acompanyar l&#8217;\u00c8lia Pla, alumna del curs, en la seva estrena com a conferianciant d&#8217;una xerrada en format TED Talk. Aquesta oportunitat \u00e9s la culminaci\u00f3 d&#8217;un dels reptes que ha fet l&#8217;\u00c8lia aquest curs.<\/p>\n<p>La TED Talk de l&#8217;\u00c8Lia, tenia com a prop\u00f2sit mostrar la seva visi\u00f3 vers l&#8217;aprenentatge i els aspectes associats, com ara, els diferents mecanismes d&#8217;avaluaci\u00f3. Per a fer-ho, va partir de la seva experi\u00e8ncia personal a l&#8217;institut i va anar interpel\u00b7lant al gruix d&#8217;assistents per a fer-los reflexionar. Moltes de les demandes estaven relacionades amb el tipus d&#8217;aprenentatges fets a l&#8217;escola, no circumscrits \u00fanicament als acad\u00e8mics. El p\u00fablic va gaudir de l&#8217;experi\u00e8ncia i va valorar la feina feta per tractar aquest tema en aquest format divulgatiu.<\/p>\n<p>Dur a terme &#8220;Els reptes de 4t&#8221; en s\u00ed mateix \u00e9s tot un repte, tant per l&#8217;alumnat com per l&#8217;equip docent, sobretot si es t\u00e9 en compte que s\u00f3n la primera generaci\u00f3 de l&#8217;Angeleta Ferrer. Estarem molt atents i atentes a la promoci\u00f3 que es gradua aquest juny, uns &#8220;angeleters i angeleteres&#8221; amb molt &#8220;ferro&#8221;.<\/p>\n","protected":false},"excerpt":{"rendered":"<p>Dilluns 19 de maig, part de l&#8217;alumnat de 4t va acompanyar l&#8217;\u00c8lia Pla, alumna del curs, en la seva estrena com a conferianciant d&#8217;una xerrada en format TED Talk. Aquesta oportunitat \u00e9s la culminaci\u00f3 d&#8217;un dels reptes que ha fet l&#8217;\u00c8lia aquest curs.<br \/>\nLa TED Talk&hellip;  <a href=\"https:\/\/agora.xtec.cat\/insaferrer\/general\/els-reptes-de-4t-eso-una-finestra-de-futur\/\" title=\"Read Els reptes de 4t ESO, una finestra de futur.\">Llegeix m\u00e9s\u00bb<\/a><\/p>\n","protected":false},"author":1,"featured_media":2732,"comment_status":"closed","ping_status":"closed","sticky":false,"template":"","format":"standard","meta":{"_bbp_topic_count":0,"_bbp_reply_count":0,"_bbp_total_topic_count":0,"_bbp_total_reply_count":0,"_bbp_voice_count":0,"_bbp_anonymous_reply_count":0,"_bbp_topic_count_hidden":0,"_bbp_reply_count_hidden":0,"_bbp_forum_subforum_count":0,"footnotes":""},"categories":[149,3,7,1,29],"tags":[],"class_list":["post-2731","post","type-post","status-publish","format-standard","has-post-thumbnail","hentry","category-abp","category-eso","category-eso-4","category-general","category-portada"],"post_mailing_queue_ids":[],"_links":{"self":[{"href":"https:\/\/agora.xtec.cat\/insaferrer\/wp-json\/wp\/v2\/posts\/2731","targetHints":{"allow":["GET"]}}],"collection":[{"href":"https:\/\/agora.xtec.cat\/insaferrer\/wp-json\/wp\/v2\/posts"}],"about":[{"href":"https:\/\/agora.xtec.cat\/insaferrer\/wp-json\/wp\/v2\/types\/post"}],"author":[{"embeddable":true,"href":"https:\/\/agora.xtec.cat\/insaferrer\/wp-json\/wp\/v2\/users\/1"}],"replies":[{"embeddable":true,"href":"https:\/\/agora.xtec.cat\/insaferrer\/wp-json\/wp\/v2\/comments?post=2731"}],"version-history":[{"count":1,"href":"https:\/\/agora.xtec.cat\/insaferrer\/wp-json\/wp\/v2\/posts\/2731\/revisions"}],"predecessor-version":[{"id":2733,"href":"https:\/\/agora.xtec.cat\/insaferrer\/wp-json\/wp\/v2\/posts\/2731\/revisions\/2733"}],"wp:featuredmedia":[{"embeddable":true,"href":"https:\/\/agora.xtec.cat\/insaferrer\/wp-json\/wp\/v2\/media\/2732"}],"wp:attachment":[{"href":"https:\/\/agora.xtec.cat\/insaferrer\/wp-json\/wp\/v2\/media?parent=2731"}],"wp:term":[{"taxonomy":"category","embeddable":true,"href":"https:\/\/agora.xtec.cat\/insaferrer\/wp-json\/wp\/v2\/categories?post=2731"},{"taxonomy":"post_tag","embeddable":true,"href":"https:\/\/agora.xtec.cat\/insaferrer\/wp-json\/wp\/v2\/tags?post=2731"}],"curies":[{"name":"wp","href":"https:\/\/api.w.org\/{rel}","templated":true}]}}