{"id":2681,"date":"2025-05-13T13:04:10","date_gmt":"2025-05-13T11:04:10","guid":{"rendered":"https:\/\/agora.xtec.cat\/insaferrer\/?p=2681"},"modified":"2025-05-13T13:05:31","modified_gmt":"2025-05-13T11:05:31","slug":"que-ens-provoca-lesport-i-tu-encara-no-ho-saps","status":"publish","type":"post","link":"https:\/\/agora.xtec.cat\/insaferrer\/general\/que-ens-provoca-lesport-i-tu-encara-no-ho-saps\/","title":{"rendered":"Qu\u00e8 ens provoca l\u2019esport? I tu encara no ho saps?"},"content":{"rendered":"<p><span style=\"font-weight: 400;\">El passat segon trimestre, a 2n d\u2019ESO, vam fer un projecte dins l\u2019\u00e0mbit human\u00edstic molt interessant anomenat \u201cQu\u00e8 em provoca l\u2019esport\u201d on vam organitzar una jornada esportiva per als nens i nenes de les escoles Encants i Ramon Llull. L&#8217;objectiu era que coneguessin esports diferents que no fossin ni futbol ni b\u00e0squet i d\u2019aquesta manera aconseguir tenir m\u00e9s possibilitats per gaudir de l\u2019activitat f\u00edsica. Per a ells i elles, vam triar esports de diversos pa\u00efsos del m\u00f3n, com per exemple el joc de pilota \u201cel mata conills d\u2019Espanya\u201d, i la coneguda F\u00f3rmula 1.<\/span><\/p>\n<p><span style=\"font-weight: 400;\">Abans de la jornada esportiva, a classe vam aprendre a escriure textos instructius per poder ensenyar les regles dels jocs. Durant la preparaci\u00f3, ens vam adonar que amb l\u2019escriptura era molt important que fos clara i entenedora, perqu\u00e8 tothom pogu\u00e9s jugar sense problemes.\u00a0<\/span><\/p>\n<p><span style=\"font-weight: 400;\">El dia de la jornada esportiva, vam explicar als nens i a les nenes com jugar a aquests esports. Vam fer petites demostracions i despr\u00e9s ells mateixos van provar-ho. Va ser molt emocionant veure com s&#8217;animaven a jugar, tot i que d\u2019entrada,\u00a0 no coneguessin els jocs. El mata conills els va encantar perqu\u00e8 era un joc atractiu per a jugar i divertit quan el dominaven. I la F\u00f3rmula 1, els va resultar molt entretingut perqu\u00e8, per simular que eren un cotxe, corrien amb una roda al voltant del cos, a m\u00e9s per omplir el tanc de gasolina els don\u00e0vem aigua. El m\u00e9s encoratjador, va ser veure com jugaven i s\u2019ho passaven tan b\u00e9. Alguns es van equivocar, per\u00f2 gr\u00e0cies als seus companys i a la nostra ajuda ho van entendre. Aix\u00ed vam aprendre que l&#8217;esport no nom\u00e9s \u00e9s per competir, sin\u00f3 tamb\u00e9 per divertir-se i respectar-se.\u00a0<\/span><\/p>\n<p><span style=\"font-weight: 400;\">Al final de la jornada, vam parlar sobre el que hav\u00edem apr\u00e8s. Tots vam coincidir que, a part d&#8217;aprendre esports nous, tamb\u00e9 vam aprendre a treballar en equip. Va ser un dia ple de diversi\u00f3 i aprenentatge. El projecte human\u00edstic \u201cQu\u00e8 em provoca l\u2019esport?\u201d va finalitzar amb una exhibici\u00f3 p\u00fablica on vam intentar replicar la jornada esportiva per\u00f2 aquesta vegada adaptada per a les fam\u00edlies.\u00a0 El prop\u00f2sit era ensenyar als pares qu\u00e8 hav\u00edem apr\u00e8s durant el segon trimestre: que l\u2019esport provoca felicitat, ja que el nostre cos genera endorfines i ens provoca plaer. No tenim molt clar, si les fam\u00edlies van ser felices aquell dia veient els nostres aprenentatges, doncs esport-esport no en van fer massa.\u00a0<\/span><\/p>\n<p style=\"text-align: right;\">Periodista: Rayan El Ouahabi Abiri<\/p>\n","protected":false},"excerpt":{"rendered":"<p>El passat segon trimestre, a 2n d\u2019ESO, vam fer un projecte dins l\u2019\u00e0mbit human\u00edstic molt interessant anomenat \u201cQu\u00e8 em provoca l\u2019esport\u201d on vam organitzar una jornada esportiva per als nens i nenes de les escoles Encants i Ramon Llull. L&#8217;objectiu era que coneguessin esports diferents&hellip;  <a href=\"https:\/\/agora.xtec.cat\/insaferrer\/general\/que-ens-provoca-lesport-i-tu-encara-no-ho-saps\/\" title=\"Read Qu\u00e8 ens provoca l\u2019esport? I tu encara no ho saps?\">Llegeix m\u00e9s\u00bb<\/a><\/p>\n","protected":false},"author":1,"featured_media":2682,"comment_status":"closed","ping_status":"closed","sticky":false,"template":"","format":"standard","meta":{"_bbp_topic_count":0,"_bbp_reply_count":0,"_bbp_total_topic_count":0,"_bbp_total_reply_count":0,"_bbp_voice_count":0,"_bbp_anonymous_reply_count":0,"_bbp_topic_count_hidden":0,"_bbp_reply_count_hidden":0,"_bbp_forum_subforum_count":0,"footnotes":""},"categories":[149,3,5,1,29],"tags":[],"class_list":["post-2681","post","type-post","status-publish","format-standard","has-post-thumbnail","hentry","category-abp","category-eso","category-eso-2","category-general","category-portada"],"post_mailing_queue_ids":[],"_links":{"self":[{"href":"https:\/\/agora.xtec.cat\/insaferrer\/wp-json\/wp\/v2\/posts\/2681","targetHints":{"allow":["GET"]}}],"collection":[{"href":"https:\/\/agora.xtec.cat\/insaferrer\/wp-json\/wp\/v2\/posts"}],"about":[{"href":"https:\/\/agora.xtec.cat\/insaferrer\/wp-json\/wp\/v2\/types\/post"}],"author":[{"embeddable":true,"href":"https:\/\/agora.xtec.cat\/insaferrer\/wp-json\/wp\/v2\/users\/1"}],"replies":[{"embeddable":true,"href":"https:\/\/agora.xtec.cat\/insaferrer\/wp-json\/wp\/v2\/comments?post=2681"}],"version-history":[{"count":2,"href":"https:\/\/agora.xtec.cat\/insaferrer\/wp-json\/wp\/v2\/posts\/2681\/revisions"}],"predecessor-version":[{"id":2684,"href":"https:\/\/agora.xtec.cat\/insaferrer\/wp-json\/wp\/v2\/posts\/2681\/revisions\/2684"}],"wp:featuredmedia":[{"embeddable":true,"href":"https:\/\/agora.xtec.cat\/insaferrer\/wp-json\/wp\/v2\/media\/2682"}],"wp:attachment":[{"href":"https:\/\/agora.xtec.cat\/insaferrer\/wp-json\/wp\/v2\/media?parent=2681"}],"wp:term":[{"taxonomy":"category","embeddable":true,"href":"https:\/\/agora.xtec.cat\/insaferrer\/wp-json\/wp\/v2\/categories?post=2681"},{"taxonomy":"post_tag","embeddable":true,"href":"https:\/\/agora.xtec.cat\/insaferrer\/wp-json\/wp\/v2\/tags?post=2681"}],"curies":[{"name":"wp","href":"https:\/\/api.w.org\/{rel}","templated":true}]}}