{"id":2676,"date":"2025-05-09T10:45:56","date_gmt":"2025-05-09T08:45:56","guid":{"rendered":"https:\/\/agora.xtec.cat\/insaferrer\/?p=2676"},"modified":"2025-05-09T10:46:38","modified_gmt":"2025-05-09T08:46:38","slug":"publicacio-de-la-llista-ordenada-de-sollicituds-en-primera-peticio","status":"publish","type":"post","link":"https:\/\/agora.xtec.cat\/insaferrer\/general\/publicacio-de-la-llista-ordenada-de-sollicituds-en-primera-peticio\/","title":{"rendered":"Publicaci\u00f3 de la llista ordenada de sol\u00b7licituds en primera petici\u00f3"},"content":{"rendered":"<p>Publiquem el llistat de sol\u00b7licituds de preinscripci\u00f3 a l\u2019institut Angeleta Ferrer amb la llista amb la puntuaci\u00f3 despr\u00e9s de les reclamacions.<\/p>\n<p>Per fer aquesta llista, en primer lloc, es t\u00e9 en compte les adscripcions, despr\u00e9s la puntuaci\u00f3 de criteris prioritaris, de m\u00e9s a menys, i en cas d&#8217;empat primer la puntuaci\u00f3 pels criteris complementaris i despr\u00e9s el n\u00famero de desempat. El centre no t\u00e9 cap participaci\u00f3 en aquest proc\u00e9s.<\/p>\n<h6 style=\"text-align: center;\"><a href=\"https:\/\/agora.xtec.cat\/insaferrer\/wp-content\/uploads\/usu2510\/2025\/05\/Institut-Angeleta-Ferrer-de-Barcelona-INFORME-BAREM_DEFINITIU-Curs-2025-2026.pdf\">Institut Angeleta Ferrer de Barcelona &#8211; INFORME BAREM_DEFINITIU &#8211; Curs 2025-2026<\/a><\/h6>\n<p>El n\u00famero de desempat per a les fam\u00edlies que participen en el proc\u00e9s de preinscripci\u00f3 per al curs 2025-2026 \u00e9s el 76261.<br \/>\nPodeu consultar el vostre cas a la de l\u2019adre\u00e7a web oficial:\u00a0<a href=\"https:\/\/preinscripcio.gencat.cat\/ca\/estudis\/eso\/preinscriute\/seguiment-sollicitud\/llista-despres-reclamacions\/\">preinscripcio.gencat.cat<\/a>\u00a0a l\u2019apartat \u201c<a href=\"https:\/\/ctti.queue-it.net\/?c=ctti&amp;e=qpreinscripcioapexpr&amp;cid=ca-ES\">Acc\u00e9s a la consulta<\/a>\u201d.<\/p>\n<p>&nbsp;<\/p>\n<p>&nbsp;<\/p>\n","protected":false},"excerpt":{"rendered":"<p>Publiquem el llistat de sol\u00b7licituds de preinscripci\u00f3 a l\u2019institut Angeleta Ferrer amb la llista amb la puntuaci\u00f3 despr\u00e9s de les reclamacions.<br \/>\nPer fer aquesta llista, en primer lloc, es t\u00e9 en compte les adscripcions, despr\u00e9s la puntuaci\u00f3 de criteris prioritaris, de m\u00e9s a menys, i en&hellip;  <a href=\"https:\/\/agora.xtec.cat\/insaferrer\/general\/publicacio-de-la-llista-ordenada-de-sollicituds-en-primera-peticio\/\" title=\"Read Publicaci\u00f3 de la llista ordenada de sol\u00b7licituds en primera petici\u00f3\">Llegeix m\u00e9s\u00bb<\/a><\/p>\n","protected":false},"author":1,"featured_media":2670,"comment_status":"closed","ping_status":"closed","sticky":false,"template":"","format":"standard","meta":{"_bbp_topic_count":0,"_bbp_reply_count":0,"_bbp_total_topic_count":0,"_bbp_total_reply_count":0,"_bbp_voice_count":0,"_bbp_anonymous_reply_count":0,"_bbp_topic_count_hidden":0,"_bbp_reply_count_hidden":0,"_bbp_forum_subforum_count":0,"footnotes":""},"categories":[124,3,1,29],"tags":[133,105],"class_list":["post-2676","post","type-post","status-publish","format-standard","has-post-thumbnail","hentry","category-alumnat","category-eso","category-general","category-portada","tag-matricula","tag-preinscripcio"],"post_mailing_queue_ids":[],"_links":{"self":[{"href":"https:\/\/agora.xtec.cat\/insaferrer\/wp-json\/wp\/v2\/posts\/2676","targetHints":{"allow":["GET"]}}],"collection":[{"href":"https:\/\/agora.xtec.cat\/insaferrer\/wp-json\/wp\/v2\/posts"}],"about":[{"href":"https:\/\/agora.xtec.cat\/insaferrer\/wp-json\/wp\/v2\/types\/post"}],"author":[{"embeddable":true,"href":"https:\/\/agora.xtec.cat\/insaferrer\/wp-json\/wp\/v2\/users\/1"}],"replies":[{"embeddable":true,"href":"https:\/\/agora.xtec.cat\/insaferrer\/wp-json\/wp\/v2\/comments?post=2676"}],"version-history":[{"count":1,"href":"https:\/\/agora.xtec.cat\/insaferrer\/wp-json\/wp\/v2\/posts\/2676\/revisions"}],"predecessor-version":[{"id":2678,"href":"https:\/\/agora.xtec.cat\/insaferrer\/wp-json\/wp\/v2\/posts\/2676\/revisions\/2678"}],"wp:featuredmedia":[{"embeddable":true,"href":"https:\/\/agora.xtec.cat\/insaferrer\/wp-json\/wp\/v2\/media\/2670"}],"wp:attachment":[{"href":"https:\/\/agora.xtec.cat\/insaferrer\/wp-json\/wp\/v2\/media?parent=2676"}],"wp:term":[{"taxonomy":"category","embeddable":true,"href":"https:\/\/agora.xtec.cat\/insaferrer\/wp-json\/wp\/v2\/categories?post=2676"},{"taxonomy":"post_tag","embeddable":true,"href":"https:\/\/agora.xtec.cat\/insaferrer\/wp-json\/wp\/v2\/tags?post=2676"}],"curies":[{"name":"wp","href":"https:\/\/api.w.org\/{rel}","templated":true}]}}