{"id":2674,"date":"2025-05-06T16:33:13","date_gmt":"2025-05-06T14:33:13","guid":{"rendered":"https:\/\/agora.xtec.cat\/insaferrer\/?p=2674"},"modified":"2025-05-06T16:35:45","modified_gmt":"2025-05-06T14:35:45","slug":"cronica-duna-manifestacio-per-un-aire-mes-net","status":"publish","type":"post","link":"https:\/\/agora.xtec.cat\/insaferrer\/eso\/cronica-duna-manifestacio-per-un-aire-mes-net\/","title":{"rendered":"CR\u00d2NICA D\u2019UNA MANIFESTACI\u00d3 \u201cPER UN AIRE M\u00c9S NET\u201d"},"content":{"rendered":"<p><span style=\"font-weight: 400;\">El 26 de mar\u00e7 de 2025, un grup d\u2019alumnes de 3r i 4t d\u2019ESO, de l&#8217;aula d\u2019acollida i part del professorat, tots liderats pels de 2n d&#8217;ESO, vam plantar-nos al bell mig del carrer Marina.\u00a0 L&#8217;objectiu del tall d&#8217;aquesta via principal era demostrar la nostra preocupaci\u00f3 per la contaminaci\u00f3 de l\u2019aire que respirem. Amb el projecte que porta el mateix t\u00edtol, el segon trimestre ens vam adonar que el fum dels cotxes dificulta la capacitat de respirar b\u00e9 dins i als voltants de l&#8217;institut. Per tant, alguna cosa hav\u00edem de fer. D&#8217;aqu\u00ed la nostra manifestaci\u00f3! Aquesta protesta, nom\u00e9s va ser el darrer pas del projecte despr\u00e9s d&#8217;haver estat recollint dades sobre la contaminaci\u00f3 present a l&#8217;ambient.\u00a0<\/span><\/p>\n<p><span style=\"font-weight: 400;\">Aix\u00ed doncs, ens vam reunir al Carrer Marina, entre Diputaci\u00f3 i Consell de Cent, just davant del nostre institut Angeleta Ferrer, amb pancartes i cartells que hav\u00edem preparat amb missatges com \u201cVolem aire net!\u201d o \u201cMenys fums, m\u00e9s salut!\u201d.<\/span><\/p>\n<p><span style=\"font-weight: 400;\">Al principi, pens\u00e0vem que nom\u00e9s vindr\u00edem els alumnes que ho hav\u00edem organitzat, per\u00f2 ens va sorprendre molt veure que m\u00e9s gent s\u2019anava unint. Al final, vam ser entre 150 i 200 persones! A m\u00e9s de l\u2019alumnat i el professorat, fam\u00edlies i ve\u00efnes, tamb\u00e9 va venir la premsa, ens van fer entrevistes i ens van enregistrar per explicar la ra\u00f3 de ser en aquesta manifestaci\u00f3.<\/span><\/p>\n<p><span style=\"font-weight: 400;\">Durant l\u2019acte, vam cantar uns c\u00e0ntics que va prepara el grup d&#8217;expertesa d&#8217;acci\u00f3 social del projecte. Moltes persones es van aturar a escoltar-nos, cosa que ens va fer pensar que realment est\u00e0vem tenint algun impacte.\u00a0<\/span><\/p>\n<p><span style=\"font-weight: 400;\">Encara no sabem si aquesta manifestaci\u00f3 ajudar\u00e0 a millorar la qualitat de l\u2019aire, per\u00f2 s\u00ed que hem notat el que ens sembla haver aconseguit: que la gent es fixi en el problema i s\u2019aturi a escoltar-nos. I aix\u00f2 ja \u00e9s el primer pas, el seg\u00fcent pas ha estat enviar a l\u2019Ajuntament de Barcelona un comunicat amb les propostes per millorar la via Marina., Algunes d\u2019aquestes iniciatives s\u00f3n: \u2018\u2019M\u00e9s espais verds\u2019\u2019 , \u2018\u2019Reduir els carrils\u2019\u2019 i \u2018\u2019Fora aparcament de motos a la vorera\u2019\u2019, etc.<\/span><\/p>\n<p><span style=\"font-weight: 400;\">Encoratjats per la bona rebuda, vam decidir fer un altre tall el 2 d\u2019abril a les 16:00. Vam quedar contents, doncs la comunitat educativa i les fam\u00edlies que van voler donar-nos suport s\u2019hi van afegir. Pemsa altra vegada, pancartes i aquesta vegada un manifest que vam llegir-hi. I \u00e9s que seguim amb el desig de respirar\u00a0 un aire m\u00e9s net i un aix\u00ed poder accedir a un futur m\u00e9s saludable. Pensem que d&#8217;aquesta manera,\u00a0 nosaltres i el futur alumnat que vingui a l\u2019Angeleta Ferrer, podran gaudir d\u2019un entorn m\u00e9s saludable i agradable. <\/span><\/p>\n<p><span style=\"font-weight: 400;\">No deixarem d\u2019intentar-ho!\u00a0<\/span><\/p>\n<p><span style=\"font-weight: 400;\">Continuar\u00e0s llegint-nos per seguir la nostra lluita? Moltes respiracions gr\u00e0cies, ai netes, ai merci.\u00a0<\/span><\/p>\n","protected":false},"excerpt":{"rendered":"<p>El 26 de mar\u00e7 de 2025, un grup d\u2019alumnes de 3r i 4t d\u2019ESO, de l&#8217;aula d\u2019acollida i part del professorat, tots liderats pels de 2n d&#8217;ESO, vam plantar-nos al bell mig del carrer Marina.\u00a0 L&#8217;objectiu del tall d&#8217;aquesta via principal era demostrar la nostra&hellip;  <a href=\"https:\/\/agora.xtec.cat\/insaferrer\/eso\/cronica-duna-manifestacio-per-un-aire-mes-net\/\" title=\"Read CR\u00d2NICA D\u2019UNA MANIFESTACI\u00d3 \u201cPER UN AIRE M\u00c9S NET\u201d\">Llegeix m\u00e9s\u00bb<\/a><\/p>\n","protected":false},"author":1,"featured_media":2612,"comment_status":"closed","ping_status":"closed","sticky":false,"template":"","format":"standard","meta":{"_bbp_topic_count":0,"_bbp_reply_count":0,"_bbp_total_topic_count":0,"_bbp_total_reply_count":0,"_bbp_voice_count":0,"_bbp_anonymous_reply_count":0,"_bbp_topic_count_hidden":0,"_bbp_reply_count_hidden":0,"_bbp_forum_subforum_count":0,"footnotes":""},"categories":[149,124,3,29],"tags":[141,111],"class_list":["post-2674","post","type-post","status-publish","format-standard","has-post-thumbnail","hentry","category-abp","category-alumnat","category-eso","category-portada","tag-2n-eso","tag-alumnat"],"post_mailing_queue_ids":[],"_links":{"self":[{"href":"https:\/\/agora.xtec.cat\/insaferrer\/wp-json\/wp\/v2\/posts\/2674","targetHints":{"allow":["GET"]}}],"collection":[{"href":"https:\/\/agora.xtec.cat\/insaferrer\/wp-json\/wp\/v2\/posts"}],"about":[{"href":"https:\/\/agora.xtec.cat\/insaferrer\/wp-json\/wp\/v2\/types\/post"}],"author":[{"embeddable":true,"href":"https:\/\/agora.xtec.cat\/insaferrer\/wp-json\/wp\/v2\/users\/1"}],"replies":[{"embeddable":true,"href":"https:\/\/agora.xtec.cat\/insaferrer\/wp-json\/wp\/v2\/comments?post=2674"}],"version-history":[{"count":1,"href":"https:\/\/agora.xtec.cat\/insaferrer\/wp-json\/wp\/v2\/posts\/2674\/revisions"}],"predecessor-version":[{"id":2675,"href":"https:\/\/agora.xtec.cat\/insaferrer\/wp-json\/wp\/v2\/posts\/2674\/revisions\/2675"}],"wp:featuredmedia":[{"embeddable":true,"href":"https:\/\/agora.xtec.cat\/insaferrer\/wp-json\/wp\/v2\/media\/2612"}],"wp:attachment":[{"href":"https:\/\/agora.xtec.cat\/insaferrer\/wp-json\/wp\/v2\/media?parent=2674"}],"wp:term":[{"taxonomy":"category","embeddable":true,"href":"https:\/\/agora.xtec.cat\/insaferrer\/wp-json\/wp\/v2\/categories?post=2674"},{"taxonomy":"post_tag","embeddable":true,"href":"https:\/\/agora.xtec.cat\/insaferrer\/wp-json\/wp\/v2\/tags?post=2674"}],"curies":[{"name":"wp","href":"https:\/\/api.w.org\/{rel}","templated":true}]}}