{"id":2668,"date":"2025-05-05T16:26:42","date_gmt":"2025-05-05T14:26:42","guid":{"rendered":"https:\/\/agora.xtec.cat\/insaferrer\/?p=2668"},"modified":"2025-05-05T16:28:46","modified_gmt":"2025-05-05T14:28:46","slug":"llista-definitiva-de-sollicituds-de-preinscripcio-a-linstitut-angeleta-ferrer","status":"publish","type":"post","link":"https:\/\/agora.xtec.cat\/insaferrer\/general\/llista-definitiva-de-sollicituds-de-preinscripcio-a-linstitut-angeleta-ferrer\/","title":{"rendered":"Llista definitiva de sol\u00b7licituds de preinscripci\u00f3 a l\u2019Angeleta Ferrer"},"content":{"rendered":"<p>Publiquem el llistat de sol\u00b7licituds de preinscripci\u00f3 a l\u2019institut Angeleta Ferrer amb la puntuaci\u00f3 definitiva, una vegada resoltes les reclamacions.<\/p>\n<h6 style=\"text-align: center;\"><a href=\"https:\/\/agora.xtec.cat\/insaferrer\/wp-content\/uploads\/usu2510\/2025\/05\/INS-Aferrer-Barem-amb-les-reclamacions-resoltes-Curs-25-26.pdf\">INS Aferrer &#8211; Barem amb les reclamacions resoltes &#8211; Curs 25-26<\/a><\/h6>\n<p>Igualment, en aquest llistat tamb\u00e9 es mostra el n\u00famero de desempat que s\u2019hagi assignat a cada sol\u00b7licitud per si cal desempatar-la amb el sorteig.<\/p>\n<p>Les fam\u00edlies tamb\u00e9 podeu consultar les llistes de sol\u00b7licituds amb la puntuaci\u00f3 despr\u00e9s de les reclamacions a trav\u00e9s de l\u2019adre\u00e7a web oficial: <a href=\"https:\/\/preinscripcio.gencat.cat\/ca\/estudis\/eso\/preinscriute\/seguiment-sollicitud\/llista-despres-reclamacions\/\">preinscripcio.gencat.cat<\/a> a l\u2019apartat \u201c<a href=\"https:\/\/aplicacions.gestioeducativa.gencat.cat\/ords\/pls\/apex\/f?p=2011025:LOGIN:7189511326198:::::\">Acc\u00e9s a la consulta<\/a>\u201d.<\/p>\n<p>&nbsp;<\/p>\n","protected":false},"excerpt":{"rendered":"<p>Publiquem el llistat de sol\u00b7licituds de preinscripci\u00f3 a l\u2019institut Angeleta Ferrer amb la puntuaci\u00f3 definitiva, una vegada resoltes les reclamacions.<br \/>\n<a href=\"https:\/\/agora.xtec.cat\/insaferrer\/wp-content\/uploads\/usu2510\/2025\/05\/INS-Aferrer-Barem-amb-les-reclamacions-resoltes-Curs-25-26.pdf\">INS Aferrer &#8211; Barem amb les reclamacions resoltes &#8211; Curs 25-26<\/a><br \/>\nIgualment, en aquest llistat tamb\u00e9 es mostra el n\u00famero de desempat que s\u2019hagi assignat a&hellip;  <a href=\"https:\/\/agora.xtec.cat\/insaferrer\/general\/llista-definitiva-de-sollicituds-de-preinscripcio-a-linstitut-angeleta-ferrer\/\" title=\"Read Llista definitiva de sol\u00b7licituds de preinscripci\u00f3 a l\u2019Angeleta Ferrer\">Llegeix m\u00e9s\u00bb<\/a><\/p>\n","protected":false},"author":1,"featured_media":2670,"comment_status":"closed","ping_status":"closed","sticky":false,"template":"","format":"standard","meta":{"_bbp_topic_count":0,"_bbp_reply_count":0,"_bbp_total_topic_count":0,"_bbp_total_reply_count":0,"_bbp_voice_count":0,"_bbp_anonymous_reply_count":0,"_bbp_topic_count_hidden":0,"_bbp_reply_count_hidden":0,"_bbp_forum_subforum_count":0,"footnotes":""},"categories":[124,3,1,29],"tags":[107,133,105],"class_list":["post-2668","post","type-post","status-publish","format-standard","has-post-thumbnail","hentry","category-alumnat","category-eso","category-general","category-portada","tag-1r-eso","tag-matricula","tag-preinscripcio"],"post_mailing_queue_ids":[],"_links":{"self":[{"href":"https:\/\/agora.xtec.cat\/insaferrer\/wp-json\/wp\/v2\/posts\/2668","targetHints":{"allow":["GET"]}}],"collection":[{"href":"https:\/\/agora.xtec.cat\/insaferrer\/wp-json\/wp\/v2\/posts"}],"about":[{"href":"https:\/\/agora.xtec.cat\/insaferrer\/wp-json\/wp\/v2\/types\/post"}],"author":[{"embeddable":true,"href":"https:\/\/agora.xtec.cat\/insaferrer\/wp-json\/wp\/v2\/users\/1"}],"replies":[{"embeddable":true,"href":"https:\/\/agora.xtec.cat\/insaferrer\/wp-json\/wp\/v2\/comments?post=2668"}],"version-history":[{"count":3,"href":"https:\/\/agora.xtec.cat\/insaferrer\/wp-json\/wp\/v2\/posts\/2668\/revisions"}],"predecessor-version":[{"id":2673,"href":"https:\/\/agora.xtec.cat\/insaferrer\/wp-json\/wp\/v2\/posts\/2668\/revisions\/2673"}],"wp:featuredmedia":[{"embeddable":true,"href":"https:\/\/agora.xtec.cat\/insaferrer\/wp-json\/wp\/v2\/media\/2670"}],"wp:attachment":[{"href":"https:\/\/agora.xtec.cat\/insaferrer\/wp-json\/wp\/v2\/media?parent=2668"}],"wp:term":[{"taxonomy":"category","embeddable":true,"href":"https:\/\/agora.xtec.cat\/insaferrer\/wp-json\/wp\/v2\/categories?post=2668"},{"taxonomy":"post_tag","embeddable":true,"href":"https:\/\/agora.xtec.cat\/insaferrer\/wp-json\/wp\/v2\/tags?post=2668"}],"curies":[{"name":"wp","href":"https:\/\/api.w.org\/{rel}","templated":true}]}}