{"id":2661,"date":"2025-04-04T12:43:13","date_gmt":"2025-04-04T10:43:13","guid":{"rendered":"https:\/\/agora.xtec.cat\/insaferrer\/?p=2661"},"modified":"2025-04-23T12:45:02","modified_gmt":"2025-04-23T10:45:02","slug":"ens-endinsem-en-la-recerca-amb-el-bist","status":"publish","type":"post","link":"https:\/\/agora.xtec.cat\/insaferrer\/eso\/ens-endinsem-en-la-recerca-amb-el-bist\/","title":{"rendered":"Ens endinsem en la recerca amb el BIST"},"content":{"rendered":"<p>El 3 d\u2019abril es va tancar el projecte de 1r d\u2019ESO \u201cEns endinsem en la recerca amb el BIST\u201d amb l\u2019exhibici\u00f3 p\u00fablica al Parc Cient\u00edfic de Barcelona.<\/p>\n<p>\u201cCom es fa la ci\u00e8ncia, qui la fa i com es comunica?\u201d ha sigut la pregunta a la qual l\u2019alumnat ha respost aquest segon trimestre. El projecte va comen\u00e7ar amb la visita a l\u2019Institut de recerca Biom\u00e8dica (IRB) i l\u2019Institut de Bioenginyeria de Catalunya (IBEC) ambd\u00f3s centres de recerca del Barcelona Institute of Science and Technology (BIST).<\/p>\n<p>El projecte s\u2019ha dividit en 4 blocs. Primer vam preparar la visita al BIST. El segon bloc va servir per aprofundir en els nostres coneixements de la c\u00e8l\u00b7lula, el m\u00e8tode cient\u00edfic i fer entrevistes en angl\u00e8s. El tercer bloc va comen\u00e7ar amb una entrevista a les cient\u00edfiques que ens van visitar i explicar com fer els experiments. A partir d\u2019aqu\u00ed, l\u2019alumnat va decidir quina pregunta investigaria, va dissenyar l\u2019experiment i el va fer.<\/p>\n<p>Com en el m\u00e8tode cient\u00edfic, l\u2019\u00faltim bloc es basava en comunicar els resultats de la nostra recerca al m\u00f3n. Primer, van haver d\u2019enviar un email a les cient\u00edfiques amb els resultats de l\u2019experiment i els dubtes que els havien sorgit. Despr\u00e9s van crear un p\u00f2ster cient\u00edfic i, finalment, el van exhibir a la sala Dolors Aleu al BIST davant de les fam\u00edlies i cient\u00edfiques.<\/p>\n<p>El projecte ha estat estretament vinculat amb l\u2019aprenentatge i l\u2019\u00fas de l\u2019angl\u00e8s com a eina fonamental de comunicaci\u00f3 en el m\u00f3n cient\u00edfic. L\u2019alumnat ha aprofundit en els continguts espec\u00edfics del projecte i, tamb\u00e9 ha desenvolupat de manera significativa la seva compet\u00e8ncia comunicativa en angl\u00e8s. Al llarg del trimestre, el format ha estat biling\u00fce i s\u2019ha integrat progressivament l\u2019angl\u00e8s en totes les fases del treball, des de la recerca fins a la preparaci\u00f3 de materials. A m\u00e9s, l\u2019alumnat ha mostrat una gran implicaci\u00f3 en utilitzar l\u2019angl\u00e8s com a llengua vehicular en la comunicaci\u00f3 oral i escrita, culminant amb una exhibici\u00f3 p\u00fablica \u00edntegrament en aquesta llengua.<\/p>\n\r\n\t<div class=\"slideshow_container slideshow_container_style-light\" style=\"height: 400px; \" data-slideshow-id=\"2656\" data-style-name=\"style-light\" data-style-version=\"2.3.1\" >\r\n\r\n\t\t\t\t\t<div class=\"slideshow_loading_icon\"><\/div>\r\n\t\t\r\n\t\t<div class=\"slideshow_content\" style=\"display: none;\">\r\n\r\n\t\t\t<div class=\"slideshow_view\">\r\n\t\t\t\t<div class=\"slideshow_slide slideshow_slide_image\">\r\n\t\t\t\t\t\t\t\t\t\t\t<img src=\"https:\/\/agora.xtec.cat\/insaferrer\/wp-content\/uploads\/usu2510\/2025\/04\/Captura-de-pantalla-2025-04-23-123844.jpg\" alt=\"Ens endinsem en la recerca amb el BIST\" width=\"1041\" height=\"601\" \/>\r\n\t\t\t\t\t\t\t\t\t\t<div class=\"slideshow_description_box slideshow_transparent\">\r\n\t\t\t\t\t\t<div class=\"slideshow_title\">Ens endinsem en la recerca amb el BIST<\/div>\t\t\t\t\t\t\t\t\t\t\t<\/div>\r\n\t\t\t\t<\/div>\r\n\r\n\t\t\t\t\t\t<div style=\"clear: both;\"><\/div><\/div><div class=\"slideshow_view\">\r\n\t\t\t\t<div class=\"slideshow_slide slideshow_slide_image\">\r\n\t\t\t\t\t\t\t\t\t\t\t<img src=\"https:\/\/agora.xtec.cat\/insaferrer\/wp-content\/uploads\/usu2510\/2025\/04\/Captura-de-pantalla-2025-04-23-123914.jpg\" alt=\"Ens endinsem en la recerca amb el BIST\" width=\"1040\" height=\"680\" \/>\r\n\t\t\t\t\t\t\t\t\t\t<div class=\"slideshow_description_box slideshow_transparent\">\r\n\t\t\t\t\t\t<div class=\"slideshow_title\">Ens endinsem en la recerca amb el BIST<\/div>\t\t\t\t\t\t\t\t\t\t\t<\/div>\r\n\t\t\t\t<\/div>\r\n\r\n\t\t\t\t\t\t<div style=\"clear: both;\"><\/div><\/div><div class=\"slideshow_view\">\r\n\t\t\t\t<div class=\"slideshow_slide slideshow_slide_image\">\r\n\t\t\t\t\t\t\t\t\t\t\t<img src=\"https:\/\/agora.xtec.cat\/insaferrer\/wp-content\/uploads\/usu2510\/2025\/04\/IMG_20250127_110055-scaled.jpg\" alt=\"Ens endinsem en la recerca amb el BIST\" width=\"1920\" height=\"2560\" \/>\r\n\t\t\t\t\t\t\t\t\t\t<div class=\"slideshow_description_box slideshow_transparent\">\r\n\t\t\t\t\t\t<div class=\"slideshow_title\">Ens endinsem en la recerca amb el BIST<\/div>\t\t\t\t\t\t\t\t\t\t\t<\/div>\r\n\t\t\t\t<\/div>\r\n\r\n\t\t\t\t\t\t<div style=\"clear: both;\"><\/div><\/div>\r\n\t\t<\/div>\r\n\r\n\t\t<div class=\"slideshow_controlPanel slideshow_transparent\" style=\"display: none;\"><ul><li class=\"slideshow_togglePlay\" data-play-text=\"Visualitza\" data-pause-text=\"Pausa\"><\/li><\/ul><\/div>\r\n\r\n\t\t<div class=\"slideshow_button slideshow_previous slideshow_transparent\" role=\"button\" data-previous-text=\"Anterior\" style=\"display: none;\"><\/div>\r\n\t\t<div class=\"slideshow_button slideshow_next slideshow_transparent\" role=\"button\" data-next-text=\"Seg\u00fcent\" style=\"display: none;\"><\/div>\r\n\r\n\t\t<div class=\"slideshow_pagination\" style=\"display: none;\" data-go-to-text=\"V\u00e9s a la diapositiva\"><div class=\"slideshow_pagination_center\"><\/div><\/div>\r\n\r\n\t\t<!-- WordPress Slideshow Version 2.3.1 -->\r\n\r\n\t\t\t<\/div>\r\n\r\n\n","protected":false},"excerpt":{"rendered":"<p>El 3 d\u2019abril es va tancar el projecte de 1r d\u2019ESO \u201cEns endinsem en la recerca amb el BIST\u201d amb l\u2019exhibici\u00f3 p\u00fablica al Parc Cient\u00edfic de Barcelona.<br \/>\n\u201cCom es fa la ci\u00e8ncia, qui la fa i com es comunica?\u201d ha sigut la pregunta a la qual&hellip;  <a href=\"https:\/\/agora.xtec.cat\/insaferrer\/eso\/ens-endinsem-en-la-recerca-amb-el-bist\/\" title=\"Read Ens endinsem en la recerca amb el BIST\">Llegeix m\u00e9s\u00bb<\/a><\/p>\n","protected":false},"author":1,"featured_media":2609,"comment_status":"closed","ping_status":"closed","sticky":false,"template":"","format":"standard","meta":{"_bbp_topic_count":0,"_bbp_reply_count":0,"_bbp_total_topic_count":0,"_bbp_total_reply_count":0,"_bbp_voice_count":0,"_bbp_anonymous_reply_count":0,"_bbp_topic_count_hidden":0,"_bbp_reply_count_hidden":0,"_bbp_forum_subforum_count":0,"footnotes":""},"categories":[124,3,4,29],"tags":[122,167],"class_list":["post-2661","post","type-post","status-publish","format-standard","has-post-thumbnail","hentry","category-alumnat","category-eso","category-eso-1","category-portada","tag-abp","tag-steam"],"post_mailing_queue_ids":[],"_links":{"self":[{"href":"https:\/\/agora.xtec.cat\/insaferrer\/wp-json\/wp\/v2\/posts\/2661","targetHints":{"allow":["GET"]}}],"collection":[{"href":"https:\/\/agora.xtec.cat\/insaferrer\/wp-json\/wp\/v2\/posts"}],"about":[{"href":"https:\/\/agora.xtec.cat\/insaferrer\/wp-json\/wp\/v2\/types\/post"}],"author":[{"embeddable":true,"href":"https:\/\/agora.xtec.cat\/insaferrer\/wp-json\/wp\/v2\/users\/1"}],"replies":[{"embeddable":true,"href":"https:\/\/agora.xtec.cat\/insaferrer\/wp-json\/wp\/v2\/comments?post=2661"}],"version-history":[{"count":2,"href":"https:\/\/agora.xtec.cat\/insaferrer\/wp-json\/wp\/v2\/posts\/2661\/revisions"}],"predecessor-version":[{"id":2663,"href":"https:\/\/agora.xtec.cat\/insaferrer\/wp-json\/wp\/v2\/posts\/2661\/revisions\/2663"}],"wp:featuredmedia":[{"embeddable":true,"href":"https:\/\/agora.xtec.cat\/insaferrer\/wp-json\/wp\/v2\/media\/2609"}],"wp:attachment":[{"href":"https:\/\/agora.xtec.cat\/insaferrer\/wp-json\/wp\/v2\/media?parent=2661"}],"wp:term":[{"taxonomy":"category","embeddable":true,"href":"https:\/\/agora.xtec.cat\/insaferrer\/wp-json\/wp\/v2\/categories?post=2661"},{"taxonomy":"post_tag","embeddable":true,"href":"https:\/\/agora.xtec.cat\/insaferrer\/wp-json\/wp\/v2\/tags?post=2661"}],"curies":[{"name":"wp","href":"https:\/\/api.w.org\/{rel}","templated":true}]}}