{"id":2637,"date":"2025-04-03T14:01:46","date_gmt":"2025-04-03T12:01:46","guid":{"rendered":"https:\/\/agora.xtec.cat\/insaferrer\/?p=2637"},"modified":"2025-04-04T23:17:53","modified_gmt":"2025-04-04T21:17:53","slug":"oferta-inicial-de-places-de-batxillerat-pel-curs-2025-2026","status":"publish","type":"post","link":"https:\/\/agora.xtec.cat\/insaferrer\/general\/oferta-inicial-de-places-de-batxillerat-pel-curs-2025-2026\/","title":{"rendered":"Oferta inicial de places de Batxillerat pel curs 2025-2026"},"content":{"rendered":"<p>El batxillerat t\u00e9 com a finalitat proporcionar als i les alumnes formaci\u00f3, maduresa intel\u00b7lectual i humana, coneixements, habilitats i actituds que els permetin desenvolupar funcions socials i incorporar-se a la vida activa amb responsabilitat i compet\u00e8ncia sense els condicionants de g\u00e8nere. Aix\u00ed mateix, aquesta etapa ha de permetre als i les alumnes l\u2019assoliment de les compet\u00e8ncies indispensables per al seu futur formatiu o professional i capacitar-los per a l\u2019acc\u00e9s a l\u2019educaci\u00f3 superior.<\/p>\n<p>El curs 2025-2026 l&#8217;institut Angeleta Ferrer oferir\u00e0<strong>\u00a0estudis de batxillerat en la modalitat de ci\u00e8ncies i tecnologia<\/strong>, en una aproximaci\u00f3 STEAM, en coher\u00e8ncia amb el projecte de l&#8217;ESO.<\/p>\n<p><iframe loading=\"lazy\" src=\"https:\/\/docs.google.com\/presentation\/d\/e\/2PACX-1vS4HLB-xEfon2wPuLukS_3wAOe98oWDzsrdv_9uBDJdj4ufIOEk0e4l4FJk9yiutY7B8hE6CN2jYwRn\/embed?start=false&#038;loop=false&#038;delayms=3000\" frameborder=\"0\" width=\"960\" height=\"569\" allowfullscreen=\"true\" mozallowfullscreen=\"true\" webkitallowfullscreen=\"true\"><\/iframe><\/p>\n<p>Segons calendari previst, i tal com disposa el Decret d&#8217;admissi\u00f3, els centres educatius p\u00fablics l&#8217;oferta inicial de places de Batxillerat per a la preinscripci\u00f3 2025-2026.<\/p>\n<h3 style=\"text-align: center;\"><a href=\"https:\/\/agora.xtec.cat\/insaferrer\/wp-content\/uploads\/usu2510\/2025\/04\/INS-aferrer-Oferta-inicial-de-places-pel-batxillerat-Curs-25-26.pdf\">INS aferrer &#8211; Oferta inicial de places pel batxillerat &#8211; Curs 25-26<\/a><\/h3>\n<p>Podeu trobar tota la informaci\u00f3 referent a la <a href=\"https:\/\/preinscripcio.gencat.cat\/ca\/estudis\/batxillerat\/inici\/\">preinscripci\u00f3 i matr\u00edcula al web de la Generalitat<\/a>.<\/p>\n","protected":false},"excerpt":{"rendered":"<p>El batxillerat t\u00e9 com a finalitat proporcionar als i les alumnes formaci\u00f3, maduresa intel\u00b7lectual i humana, coneixements, habilitats i actituds que els permetin desenvolupar funcions socials i incorporar-se a la vida activa amb responsabilitat i compet\u00e8ncia sense els condicionants de g\u00e8nere. Aix\u00ed mateix, aquesta etapa&hellip;  <a href=\"https:\/\/agora.xtec.cat\/insaferrer\/general\/oferta-inicial-de-places-de-batxillerat-pel-curs-2025-2026\/\" title=\"Read Oferta inicial de places de Batxillerat pel curs 2025-2026\">Llegeix m\u00e9s\u00bb<\/a><\/p>\n","protected":false},"author":1,"featured_media":2639,"comment_status":"closed","ping_status":"closed","sticky":false,"template":"","format":"standard","meta":{"_bbp_topic_count":0,"_bbp_reply_count":0,"_bbp_total_topic_count":0,"_bbp_total_reply_count":0,"_bbp_voice_count":0,"_bbp_anonymous_reply_count":0,"_bbp_topic_count_hidden":0,"_bbp_reply_count_hidden":0,"_bbp_forum_subforum_count":0,"footnotes":""},"categories":[8,1,29],"tags":[],"class_list":["post-2637","post","type-post","status-publish","format-standard","has-post-thumbnail","hentry","category-batxillerat","category-general","category-portada"],"post_mailing_queue_ids":[],"_links":{"self":[{"href":"https:\/\/agora.xtec.cat\/insaferrer\/wp-json\/wp\/v2\/posts\/2637","targetHints":{"allow":["GET"]}}],"collection":[{"href":"https:\/\/agora.xtec.cat\/insaferrer\/wp-json\/wp\/v2\/posts"}],"about":[{"href":"https:\/\/agora.xtec.cat\/insaferrer\/wp-json\/wp\/v2\/types\/post"}],"author":[{"embeddable":true,"href":"https:\/\/agora.xtec.cat\/insaferrer\/wp-json\/wp\/v2\/users\/1"}],"replies":[{"embeddable":true,"href":"https:\/\/agora.xtec.cat\/insaferrer\/wp-json\/wp\/v2\/comments?post=2637"}],"version-history":[{"count":6,"href":"https:\/\/agora.xtec.cat\/insaferrer\/wp-json\/wp\/v2\/posts\/2637\/revisions"}],"predecessor-version":[{"id":2645,"href":"https:\/\/agora.xtec.cat\/insaferrer\/wp-json\/wp\/v2\/posts\/2637\/revisions\/2645"}],"wp:featuredmedia":[{"embeddable":true,"href":"https:\/\/agora.xtec.cat\/insaferrer\/wp-json\/wp\/v2\/media\/2639"}],"wp:attachment":[{"href":"https:\/\/agora.xtec.cat\/insaferrer\/wp-json\/wp\/v2\/media?parent=2637"}],"wp:term":[{"taxonomy":"category","embeddable":true,"href":"https:\/\/agora.xtec.cat\/insaferrer\/wp-json\/wp\/v2\/categories?post=2637"},{"taxonomy":"post_tag","embeddable":true,"href":"https:\/\/agora.xtec.cat\/insaferrer\/wp-json\/wp\/v2\/tags?post=2637"}],"curies":[{"name":"wp","href":"https:\/\/api.w.org\/{rel}","templated":true}]}}