{"id":2607,"date":"2025-03-30T19:08:29","date_gmt":"2025-03-30T17:08:29","guid":{"rendered":"https:\/\/agora.xtec.cat\/insaferrer\/?p=2607"},"modified":"2025-03-31T07:47:24","modified_gmt":"2025-03-31T05:47:24","slug":"exhibicions-publiques-2n-trimestre","status":"publish","type":"post","link":"https:\/\/agora.xtec.cat\/insaferrer\/general\/exhibicions-publiques-2n-trimestre\/","title":{"rendered":"Exhibicions p\u00fabliques 2n trimestre"},"content":{"rendered":"<p style=\"text-align: justify;\">Ens fa molta il\u00b7lusi\u00f3 anunciar les exhibicions p\u00fabliques dels projectes STEAM i Social Human\u00edstic que ha realitzat l&#8217;alumnat de 1r a 3r d&#8217;ESO aquest 2n trimestre.<\/p>\n<p style=\"text-align: justify;\"><strong>Dimecres 2 d&#8217;abril a les 15 h <\/strong>projectes STEAM<\/p>\n<p style=\"text-align: justify; padding-left: 40px;\">1r ESO. <span style=\"font-weight: 400;\">Ens<\/span><b>\u00a0endinsem en la recerca amb el<\/b> <b>BIST. <\/b>Parc cient\u00edfic de Barcelona. Sala Dolors Aleu.<br style=\"padding-left: 40px;\" \/>2n ESO. <b>L\u2019aire que respirem.<\/b><span style=\"font-weight: 400;\"> A l\u2019institut i al c\/Marina a les 16 h<\/span><br style=\"padding-left: 40px;\" \/>3r ESO. <strong>Hivernacle. <\/strong>A l&#8217;Institut Angeleta Ferrer.<br style=\"padding-left: 40px;\" \/>3r ESO. <strong>STEAM a la cuina. <\/strong>A l&#8217;institut Angeleta Ferrer.<\/p>\n<p><strong>Dijous 3 d&#8217;abril<\/strong> <strong>a les 15 h<\/strong> projectes Social-Human\u00edstics<\/p>\n<p style=\"padding-left: 40px;\">1r ESO. <strong>Atles per a un m\u00f3n millor<\/strong>.<br style=\"padding-left: 40px;\" \/>2n ESO. <strong>Qu\u00e8 ens provoca l&#8217;esport?<\/strong> A l&#8217;institut (gimn\u00e0s)<br style=\"padding-left: 40px;\" \/>3r ESO. <strong>Racons de mem\u00f2ria<\/strong>. Centre c\u00edvic Fort Pienc.<br style=\"padding-left: 40px;\" \/>3r ESO. <strong>El m\u00f3n en guerra.<\/strong> A l&#8217;institut Angeleta Ferrer.<\/p>\n<p>A continuaci\u00f3 us adjuntem els cartells que anuncien cada exhibici\u00f3:<\/p>\n<p><strong>1r ESO<\/strong><\/p>\n<p><a href=\"https:\/\/agora.xtec.cat\/insaferrer\/wp-content\/uploads\/usu2510\/2025\/03\/2425-Exhibicio-publica-1r-ESO-Atles-per-a-un-mon-millor.jpg\"><img loading=\"lazy\" decoding=\"async\" class=\"alignnone size-medium wp-image-2634\" src=\"https:\/\/agora.xtec.cat\/insaferrer\/wp-content\/uploads\/usu2510\/2025\/03\/2425-Exhibicio-publica-1r-ESO-Atles-per-a-un-mon-millor-212x300.jpg\" alt=\"\" width=\"212\" height=\"300\" srcset=\"https:\/\/agora.xtec.cat\/insaferrer\/wp-content\/uploads\/usu2510\/2025\/03\/2425-Exhibicio-publica-1r-ESO-Atles-per-a-un-mon-millor-212x300.jpg 212w, https:\/\/agora.xtec.cat\/insaferrer\/wp-content\/uploads\/usu2510\/2025\/03\/2425-Exhibicio-publica-1r-ESO-Atles-per-a-un-mon-millor-724x1024.jpg 724w, https:\/\/agora.xtec.cat\/insaferrer\/wp-content\/uploads\/usu2510\/2025\/03\/2425-Exhibicio-publica-1r-ESO-Atles-per-a-un-mon-millor-768x1086.jpg 768w, https:\/\/agora.xtec.cat\/insaferrer\/wp-content\/uploads\/usu2510\/2025\/03\/2425-Exhibicio-publica-1r-ESO-Atles-per-a-un-mon-millor-1087x1536.jpg 1087w, https:\/\/agora.xtec.cat\/insaferrer\/wp-content\/uploads\/usu2510\/2025\/03\/2425-Exhibicio-publica-1r-ESO-Atles-per-a-un-mon-millor.jpg 1122w\" sizes=\"auto, (max-width: 212px) 100vw, 212px\" \/><\/a>\u00a0<a href=\"https:\/\/agora.xtec.cat\/insaferrer\/wp-content\/uploads\/usu2510\/2025\/03\/2425-Exhibicio-publica-1r-ESO-Ens-endinsem-en-la-recerca-amb-el-BIST-1.jpg\"><img loading=\"lazy\" decoding=\"async\" class=\"alignnone size-medium wp-image-2609\" src=\"https:\/\/agora.xtec.cat\/insaferrer\/wp-content\/uploads\/usu2510\/2025\/03\/2425-Exhibicio-publica-1r-ESO-Ens-endinsem-en-la-recerca-amb-el-BIST-1-300x212.jpg\" alt=\"\" width=\"300\" height=\"212\" srcset=\"https:\/\/agora.xtec.cat\/insaferrer\/wp-content\/uploads\/usu2510\/2025\/03\/2425-Exhibicio-publica-1r-ESO-Ens-endinsem-en-la-recerca-amb-el-BIST-1-300x212.jpg 300w, https:\/\/agora.xtec.cat\/insaferrer\/wp-content\/uploads\/usu2510\/2025\/03\/2425-Exhibicio-publica-1r-ESO-Ens-endinsem-en-la-recerca-amb-el-BIST-1-1024x724.jpg 1024w, https:\/\/agora.xtec.cat\/insaferrer\/wp-content\/uploads\/usu2510\/2025\/03\/2425-Exhibicio-publica-1r-ESO-Ens-endinsem-en-la-recerca-amb-el-BIST-1-768x543.jpg 768w, https:\/\/agora.xtec.cat\/insaferrer\/wp-content\/uploads\/usu2510\/2025\/03\/2425-Exhibicio-publica-1r-ESO-Ens-endinsem-en-la-recerca-amb-el-BIST-1-1536x1087.jpg 1536w, https:\/\/agora.xtec.cat\/insaferrer\/wp-content\/uploads\/usu2510\/2025\/03\/2425-Exhibicio-publica-1r-ESO-Ens-endinsem-en-la-recerca-amb-el-BIST-1.jpg 1586w\" sizes=\"auto, (max-width: 300px) 100vw, 300px\" \/><\/a><\/p>\n<p><strong>2n ESO<\/strong><\/p>\n<p><a href=\"https:\/\/agora.xtec.cat\/insaferrer\/wp-content\/uploads\/usu2510\/2025\/03\/2425-Exhibicio-publica-2n-ESO-Laire-que-respirem-1.jpg\"><img loading=\"lazy\" decoding=\"async\" class=\"alignnone size-medium wp-image-2612\" src=\"https:\/\/agora.xtec.cat\/insaferrer\/wp-content\/uploads\/usu2510\/2025\/03\/2425-Exhibicio-publica-2n-ESO-Laire-que-respirem-1-300x212.jpg\" alt=\"\" width=\"300\" height=\"212\" srcset=\"https:\/\/agora.xtec.cat\/insaferrer\/wp-content\/uploads\/usu2510\/2025\/03\/2425-Exhibicio-publica-2n-ESO-Laire-que-respirem-1-300x212.jpg 300w, https:\/\/agora.xtec.cat\/insaferrer\/wp-content\/uploads\/usu2510\/2025\/03\/2425-Exhibicio-publica-2n-ESO-Laire-que-respirem-1-1024x724.jpg 1024w, https:\/\/agora.xtec.cat\/insaferrer\/wp-content\/uploads\/usu2510\/2025\/03\/2425-Exhibicio-publica-2n-ESO-Laire-que-respirem-1-768x543.jpg 768w, https:\/\/agora.xtec.cat\/insaferrer\/wp-content\/uploads\/usu2510\/2025\/03\/2425-Exhibicio-publica-2n-ESO-Laire-que-respirem-1-1536x1087.jpg 1536w, https:\/\/agora.xtec.cat\/insaferrer\/wp-content\/uploads\/usu2510\/2025\/03\/2425-Exhibicio-publica-2n-ESO-Laire-que-respirem-1.jpg 1586w\" sizes=\"auto, (max-width: 300px) 100vw, 300px\" \/>\u00a0<\/a><a href=\"https:\/\/agora.xtec.cat\/insaferrer\/wp-content\/uploads\/usu2510\/2025\/03\/2425-Exhibicio-publica-2n-ESO-Que-ens-provoca-lesport.jpg\"><img loading=\"lazy\" decoding=\"async\" class=\"alignnone size-medium wp-image-2611\" src=\"https:\/\/agora.xtec.cat\/insaferrer\/wp-content\/uploads\/usu2510\/2025\/03\/2425-Exhibicio-publica-2n-ESO-Que-ens-provoca-lesport-300x212.jpg\" alt=\"\" width=\"300\" height=\"212\" srcset=\"https:\/\/agora.xtec.cat\/insaferrer\/wp-content\/uploads\/usu2510\/2025\/03\/2425-Exhibicio-publica-2n-ESO-Que-ens-provoca-lesport-300x212.jpg 300w, https:\/\/agora.xtec.cat\/insaferrer\/wp-content\/uploads\/usu2510\/2025\/03\/2425-Exhibicio-publica-2n-ESO-Que-ens-provoca-lesport-1024x724.jpg 1024w, https:\/\/agora.xtec.cat\/insaferrer\/wp-content\/uploads\/usu2510\/2025\/03\/2425-Exhibicio-publica-2n-ESO-Que-ens-provoca-lesport-768x543.jpg 768w, https:\/\/agora.xtec.cat\/insaferrer\/wp-content\/uploads\/usu2510\/2025\/03\/2425-Exhibicio-publica-2n-ESO-Que-ens-provoca-lesport-1536x1087.jpg 1536w, https:\/\/agora.xtec.cat\/insaferrer\/wp-content\/uploads\/usu2510\/2025\/03\/2425-Exhibicio-publica-2n-ESO-Que-ens-provoca-lesport.jpg 1586w\" sizes=\"auto, (max-width: 300px) 100vw, 300px\" \/><\/a><\/p>\n<p><strong>3r ESO<\/strong><\/p>\n<p><a href=\"https:\/\/agora.xtec.cat\/insaferrer\/wp-content\/uploads\/usu2510\/2025\/03\/2425-Exhibicio-publica-3r-ESO-1-Hivernacle.jpg\"><img loading=\"lazy\" decoding=\"async\" class=\"alignnone size-medium wp-image-2626\" src=\"https:\/\/agora.xtec.cat\/insaferrer\/wp-content\/uploads\/usu2510\/2025\/03\/2425-Exhibicio-publica-3r-ESO-1-Hivernacle-300x212.jpg\" alt=\"\" width=\"300\" height=\"212\" srcset=\"https:\/\/agora.xtec.cat\/insaferrer\/wp-content\/uploads\/usu2510\/2025\/03\/2425-Exhibicio-publica-3r-ESO-1-Hivernacle-300x212.jpg 300w, https:\/\/agora.xtec.cat\/insaferrer\/wp-content\/uploads\/usu2510\/2025\/03\/2425-Exhibicio-publica-3r-ESO-1-Hivernacle-1024x724.jpg 1024w, https:\/\/agora.xtec.cat\/insaferrer\/wp-content\/uploads\/usu2510\/2025\/03\/2425-Exhibicio-publica-3r-ESO-1-Hivernacle-768x543.jpg 768w, https:\/\/agora.xtec.cat\/insaferrer\/wp-content\/uploads\/usu2510\/2025\/03\/2425-Exhibicio-publica-3r-ESO-1-Hivernacle-1536x1087.jpg 1536w, https:\/\/agora.xtec.cat\/insaferrer\/wp-content\/uploads\/usu2510\/2025\/03\/2425-Exhibicio-publica-3r-ESO-1-Hivernacle.jpg 1586w\" sizes=\"auto, (max-width: 300px) 100vw, 300px\" \/> <\/a><a href=\"https:\/\/agora.xtec.cat\/insaferrer\/wp-content\/uploads\/usu2510\/2025\/03\/2425-Exhibicio-publica-3r-ESO-2-STEAM-a-la-cuina.jpg\"><img loading=\"lazy\" decoding=\"async\" class=\"alignnone size-medium wp-image-2632\" src=\"https:\/\/agora.xtec.cat\/insaferrer\/wp-content\/uploads\/usu2510\/2025\/03\/2425-Exhibicio-publica-3r-ESO-2-STEAM-a-la-cuina-300x212.jpg\" alt=\"\" width=\"300\" height=\"212\" srcset=\"https:\/\/agora.xtec.cat\/insaferrer\/wp-content\/uploads\/usu2510\/2025\/03\/2425-Exhibicio-publica-3r-ESO-2-STEAM-a-la-cuina-300x212.jpg 300w, https:\/\/agora.xtec.cat\/insaferrer\/wp-content\/uploads\/usu2510\/2025\/03\/2425-Exhibicio-publica-3r-ESO-2-STEAM-a-la-cuina-1024x724.jpg 1024w, https:\/\/agora.xtec.cat\/insaferrer\/wp-content\/uploads\/usu2510\/2025\/03\/2425-Exhibicio-publica-3r-ESO-2-STEAM-a-la-cuina-768x543.jpg 768w, https:\/\/agora.xtec.cat\/insaferrer\/wp-content\/uploads\/usu2510\/2025\/03\/2425-Exhibicio-publica-3r-ESO-2-STEAM-a-la-cuina-1536x1087.jpg 1536w, https:\/\/agora.xtec.cat\/insaferrer\/wp-content\/uploads\/usu2510\/2025\/03\/2425-Exhibicio-publica-3r-ESO-2-STEAM-a-la-cuina.jpg 1586w\" sizes=\"auto, (max-width: 300px) 100vw, 300px\" \/><\/a><\/p>\n<p><a href=\"https:\/\/agora.xtec.cat\/insaferrer\/wp-content\/uploads\/usu2510\/2025\/03\/2425-Exhibicio-publica-3r-ESO-2-Racons-de-memoria.jpg\"><img loading=\"lazy\" decoding=\"async\" class=\"alignnone size-medium wp-image-2614\" src=\"https:\/\/agora.xtec.cat\/insaferrer\/wp-content\/uploads\/usu2510\/2025\/03\/2425-Exhibicio-publica-3r-ESO-2-Racons-de-memoria-300x212.jpg\" alt=\"\" width=\"300\" height=\"212\" srcset=\"https:\/\/agora.xtec.cat\/insaferrer\/wp-content\/uploads\/usu2510\/2025\/03\/2425-Exhibicio-publica-3r-ESO-2-Racons-de-memoria-300x212.jpg 300w, https:\/\/agora.xtec.cat\/insaferrer\/wp-content\/uploads\/usu2510\/2025\/03\/2425-Exhibicio-publica-3r-ESO-2-Racons-de-memoria-1024x724.jpg 1024w, https:\/\/agora.xtec.cat\/insaferrer\/wp-content\/uploads\/usu2510\/2025\/03\/2425-Exhibicio-publica-3r-ESO-2-Racons-de-memoria-768x543.jpg 768w, https:\/\/agora.xtec.cat\/insaferrer\/wp-content\/uploads\/usu2510\/2025\/03\/2425-Exhibicio-publica-3r-ESO-2-Racons-de-memoria-1536x1087.jpg 1536w, https:\/\/agora.xtec.cat\/insaferrer\/wp-content\/uploads\/usu2510\/2025\/03\/2425-Exhibicio-publica-3r-ESO-2-Racons-de-memoria.jpg 1586w\" sizes=\"auto, (max-width: 300px) 100vw, 300px\" \/>\u00a0<\/a><a href=\"https:\/\/agora.xtec.cat\/insaferrer\/wp-content\/uploads\/usu2510\/2025\/03\/2425-Exhibicio-publica-3r-ESO-1-El-mon-en-guerra.jpg\"><img loading=\"lazy\" decoding=\"async\" class=\"alignnone size-medium wp-image-2610\" src=\"https:\/\/agora.xtec.cat\/insaferrer\/wp-content\/uploads\/usu2510\/2025\/03\/2425-Exhibicio-publica-3r-ESO-1-El-mon-en-guerra-300x212.jpg\" alt=\"\" width=\"300\" height=\"212\" srcset=\"https:\/\/agora.xtec.cat\/insaferrer\/wp-content\/uploads\/usu2510\/2025\/03\/2425-Exhibicio-publica-3r-ESO-1-El-mon-en-guerra-300x212.jpg 300w, https:\/\/agora.xtec.cat\/insaferrer\/wp-content\/uploads\/usu2510\/2025\/03\/2425-Exhibicio-publica-3r-ESO-1-El-mon-en-guerra-1024x724.jpg 1024w, https:\/\/agora.xtec.cat\/insaferrer\/wp-content\/uploads\/usu2510\/2025\/03\/2425-Exhibicio-publica-3r-ESO-1-El-mon-en-guerra-768x543.jpg 768w, https:\/\/agora.xtec.cat\/insaferrer\/wp-content\/uploads\/usu2510\/2025\/03\/2425-Exhibicio-publica-3r-ESO-1-El-mon-en-guerra-1536x1087.jpg 1536w, https:\/\/agora.xtec.cat\/insaferrer\/wp-content\/uploads\/usu2510\/2025\/03\/2425-Exhibicio-publica-3r-ESO-1-El-mon-en-guerra.jpg 1586w\" sizes=\"auto, (max-width: 300px) 100vw, 300px\" \/><\/a><\/p>\n<p>Us hi esperem!!!<\/p>\n","protected":false},"excerpt":{"rendered":"<p>Ens fa molta il\u00b7lusi\u00f3 anunciar les exhibicions p\u00fabliques dels projectes STEAM i Social Human\u00edstic que ha realitzat l&#8217;alumnat de 1r a 3r d&#8217;ESO aquest 2n trimestre.<br \/>\nDimecres 2 d&#8217;abril a les 15 h projectes STEAM<br \/>\n1r ESO. Ens\u00a0endinsem en la recerca amb el BIST. Parc cient\u00edfic de&hellip;  <a href=\"https:\/\/agora.xtec.cat\/insaferrer\/general\/exhibicions-publiques-2n-trimestre\/\" title=\"Read Exhibicions p\u00fabliques 2n trimestre\">Llegeix m\u00e9s\u00bb<\/a><\/p>\n","protected":false},"author":1,"featured_media":2631,"comment_status":"closed","ping_status":"closed","sticky":false,"template":"","format":"standard","meta":{"_bbp_topic_count":0,"_bbp_reply_count":0,"_bbp_total_topic_count":0,"_bbp_total_reply_count":0,"_bbp_voice_count":0,"_bbp_anonymous_reply_count":0,"_bbp_topic_count_hidden":0,"_bbp_reply_count_hidden":0,"_bbp_forum_subforum_count":0,"footnotes":""},"categories":[4,5,6,7,1,29],"tags":[107,141,151,122,140,119],"class_list":["post-2607","post","type-post","status-publish","format-standard","has-post-thumbnail","hentry","category-eso-1","category-eso-2","category-eso-3","category-eso-4","category-general","category-portada","tag-1r-eso","tag-2n-eso","tag-3r-eso","tag-abp","tag-exhibicio-publica","tag-projecte-dambit"],"post_mailing_queue_ids":[],"_links":{"self":[{"href":"https:\/\/agora.xtec.cat\/insaferrer\/wp-json\/wp\/v2\/posts\/2607","targetHints":{"allow":["GET"]}}],"collection":[{"href":"https:\/\/agora.xtec.cat\/insaferrer\/wp-json\/wp\/v2\/posts"}],"about":[{"href":"https:\/\/agora.xtec.cat\/insaferrer\/wp-json\/wp\/v2\/types\/post"}],"author":[{"embeddable":true,"href":"https:\/\/agora.xtec.cat\/insaferrer\/wp-json\/wp\/v2\/users\/1"}],"replies":[{"embeddable":true,"href":"https:\/\/agora.xtec.cat\/insaferrer\/wp-json\/wp\/v2\/comments?post=2607"}],"version-history":[{"count":7,"href":"https:\/\/agora.xtec.cat\/insaferrer\/wp-json\/wp\/v2\/posts\/2607\/revisions"}],"predecessor-version":[{"id":2636,"href":"https:\/\/agora.xtec.cat\/insaferrer\/wp-json\/wp\/v2\/posts\/2607\/revisions\/2636"}],"wp:featuredmedia":[{"embeddable":true,"href":"https:\/\/agora.xtec.cat\/insaferrer\/wp-json\/wp\/v2\/media\/2631"}],"wp:attachment":[{"href":"https:\/\/agora.xtec.cat\/insaferrer\/wp-json\/wp\/v2\/media?parent=2607"}],"wp:term":[{"taxonomy":"category","embeddable":true,"href":"https:\/\/agora.xtec.cat\/insaferrer\/wp-json\/wp\/v2\/categories?post=2607"},{"taxonomy":"post_tag","embeddable":true,"href":"https:\/\/agora.xtec.cat\/insaferrer\/wp-json\/wp\/v2\/tags?post=2607"}],"curies":[{"name":"wp","href":"https:\/\/api.w.org\/{rel}","templated":true}]}}