{"id":2600,"date":"2025-03-12T09:23:09","date_gmt":"2025-03-12T08:23:09","guid":{"rendered":"https:\/\/agora.xtec.cat\/insaferrer\/?p=2600"},"modified":"2025-03-12T09:24:52","modified_gmt":"2025-03-12T08:24:52","slug":"oferta-inicial-de-places-pel-curs-2025-2026","status":"publish","type":"post","link":"https:\/\/agora.xtec.cat\/insaferrer\/general\/oferta-inicial-de-places-pel-curs-2025-2026\/","title":{"rendered":"Oferta inicial de places pel curs 2025-2026"},"content":{"rendered":"<p>Segons calendari previst, i tal com disposa el Decret d\u2019admissi\u00f3, avui els centres educatius publiquem l\u2019oferta inicial de places per a la preinscripci\u00f3 2025-2026.<\/p>\n<p>L\u2019oferta inicial pot modificar-se pel Consorci al llarg del proc\u00e9s (en nombre de grups, places i reserva de places NEE) en funci\u00f3 de les necessitats d\u2019escolaritzaci\u00f3 i del nombre d\u2019alumnes amb necessitats educatives espec\u00edfiques que s\u2019hagi detectat. <strong>El 16 de juny es publicar\u00e0\u00a0l&#8217;oferta final de places d&#8217;ESO.<\/strong><\/p>\n<p>L\u2019oferta inicial de places a l\u2019institut Angeleta Ferrer pel proper curs \u00e9s la seg\u00fcent:<a href=\"https:\/\/agora.xtec.cat\/insaferrer\/wp-content\/uploads\/usu2510\/2025\/03\/oferta-insaferrer.jpg\"><img loading=\"lazy\" decoding=\"async\" class=\"aligncenter wp-image-2601 size-full\" src=\"https:\/\/agora.xtec.cat\/insaferrer\/wp-content\/uploads\/usu2510\/2025\/03\/oferta-insaferrer.jpg\" alt=\"Oferta inicial ins aferrer\" width=\"952\" height=\"359\" srcset=\"https:\/\/agora.xtec.cat\/insaferrer\/wp-content\/uploads\/usu2510\/2025\/03\/oferta-insaferrer.jpg 952w, https:\/\/agora.xtec.cat\/insaferrer\/wp-content\/uploads\/usu2510\/2025\/03\/oferta-insaferrer-300x113.jpg 300w, https:\/\/agora.xtec.cat\/insaferrer\/wp-content\/uploads\/usu2510\/2025\/03\/oferta-insaferrer-768x290.jpg 768w\" sizes=\"auto, (max-width: 952px) 100vw, 952px\" \/><\/a>Podeu trobar tota la informaci\u00f3 referent a la preinscripci\u00f3 i matr\u00edcula al web:<\/p>\n<div class=\"gmail_default\"><a href=\"https:\/\/preinscripcio.gencat.cat\/ca\/estudis\/eso\/inici\/\" target=\"_blank\" rel=\"noopener\" data-saferedirecturl=\"https:\/\/www.google.com\/url?q=https:\/\/preinscripcio.gencat.cat\/ca\/estudis\/eso\/inici\/&amp;source=gmail&amp;ust=1741853715560000&amp;usg=AOvVaw0d_S_i-qqPg5KxgqZJZQCZ\">https:\/\/preinscripcio.gencat.<wbr \/>cat\/ca\/estudis\/eso\/inici\/<\/a><\/div>\n<p>&nbsp;<\/p>\n<p style=\"text-align: center;\"><a href=\"https:\/\/agora.xtec.cat\/insaferrer\/wp-content\/uploads\/usu2510\/2025\/03\/INS-aferrer-Oferta-inicial-curs-2025-2026.pdf\">INS aferrer &#8211; Oferta inicial curs 2025 2026<\/a><\/p>\n","protected":false},"excerpt":{"rendered":"<p>Segons calendari previst, i tal com disposa el Decret d\u2019admissi\u00f3, avui els centres educatius publiquem l\u2019oferta inicial de places per a la preinscripci\u00f3 2025-2026.<br \/>\nL\u2019oferta inicial pot modificar-se pel Consorci al llarg del proc\u00e9s (en nombre de grups, places i reserva de places NEE) en funci\u00f3&hellip;  <a href=\"https:\/\/agora.xtec.cat\/insaferrer\/general\/oferta-inicial-de-places-pel-curs-2025-2026\/\" title=\"Read Oferta inicial de places pel curs 2025-2026\">Llegeix m\u00e9s\u00bb<\/a><\/p>\n","protected":false},"author":1,"featured_media":2602,"comment_status":"closed","ping_status":"closed","sticky":false,"template":"","format":"standard","meta":{"_bbp_topic_count":0,"_bbp_reply_count":0,"_bbp_total_topic_count":0,"_bbp_total_reply_count":0,"_bbp_voice_count":0,"_bbp_anonymous_reply_count":0,"_bbp_topic_count_hidden":0,"_bbp_reply_count_hidden":0,"_bbp_forum_subforum_count":0,"footnotes":""},"categories":[8,3,1,29],"tags":[],"class_list":["post-2600","post","type-post","status-publish","format-standard","has-post-thumbnail","hentry","category-batxillerat","category-eso","category-general","category-portada"],"post_mailing_queue_ids":[],"_links":{"self":[{"href":"https:\/\/agora.xtec.cat\/insaferrer\/wp-json\/wp\/v2\/posts\/2600","targetHints":{"allow":["GET"]}}],"collection":[{"href":"https:\/\/agora.xtec.cat\/insaferrer\/wp-json\/wp\/v2\/posts"}],"about":[{"href":"https:\/\/agora.xtec.cat\/insaferrer\/wp-json\/wp\/v2\/types\/post"}],"author":[{"embeddable":true,"href":"https:\/\/agora.xtec.cat\/insaferrer\/wp-json\/wp\/v2\/users\/1"}],"replies":[{"embeddable":true,"href":"https:\/\/agora.xtec.cat\/insaferrer\/wp-json\/wp\/v2\/comments?post=2600"}],"version-history":[{"count":3,"href":"https:\/\/agora.xtec.cat\/insaferrer\/wp-json\/wp\/v2\/posts\/2600\/revisions"}],"predecessor-version":[{"id":2606,"href":"https:\/\/agora.xtec.cat\/insaferrer\/wp-json\/wp\/v2\/posts\/2600\/revisions\/2606"}],"wp:featuredmedia":[{"embeddable":true,"href":"https:\/\/agora.xtec.cat\/insaferrer\/wp-json\/wp\/v2\/media\/2602"}],"wp:attachment":[{"href":"https:\/\/agora.xtec.cat\/insaferrer\/wp-json\/wp\/v2\/media?parent=2600"}],"wp:term":[{"taxonomy":"category","embeddable":true,"href":"https:\/\/agora.xtec.cat\/insaferrer\/wp-json\/wp\/v2\/categories?post=2600"},{"taxonomy":"post_tag","embeddable":true,"href":"https:\/\/agora.xtec.cat\/insaferrer\/wp-json\/wp\/v2\/tags?post=2600"}],"curies":[{"name":"wp","href":"https:\/\/api.w.org\/{rel}","templated":true}]}}