{"id":2594,"date":"2025-02-25T19:21:09","date_gmt":"2025-02-25T18:21:09","guid":{"rendered":"https:\/\/agora.xtec.cat\/insaferrer\/?p=2594"},"modified":"2025-03-09T19:32:55","modified_gmt":"2025-03-09T18:32:55","slug":"noticies-del-projecte-de-4t-angeletaxvalencia","status":"publish","type":"post","link":"https:\/\/agora.xtec.cat\/insaferrer\/general\/noticies-del-projecte-de-4t-angeletaxvalencia\/","title":{"rendered":"Not\u00edcies del projecte de 4t #angeletaxvalencia"},"content":{"rendered":"<p><i><span style=\"font-weight: 400;\">El primer br\u00edfing quinzenal ja est\u00e0 aqu\u00ed i les sis comissions ens comparteixen els seus avan\u00e7os m\u00e9s recents.<\/span><\/i><\/p>\n<p><span style=\"font-weight: 400;\">Comencem la setmana amb m\u00e9s not\u00edcies sobre el projecte, que cada vegada comen\u00e7a a tenir millor pinta. Entre <\/span><b><i>disfresses<\/i><\/b><span style=\"font-weight: 400;\"> i celebracions, donem pas a les noves hores de treball per comissions \u2014 <\/span><b><i>sis setmanals<\/i><\/b><span style=\"font-weight: 400;\"> \u2014, on ens dividim per espais i els respectius membres d\u2019aquestes treballen \u00fanicament en el seu contingut.<\/span><span style=\"font-weight: 400;\"><br \/>\n<\/span><span style=\"font-weight: 400;\">A continuaci\u00f3, resumim en qu\u00e8 han treballat els diferents grups i qu\u00e8 tenen planejat per les setmanes vinents.<\/span><\/p>\n<h3><b>Comissi\u00f3 de Documental<\/b><\/h3>\n<p><span style=\"font-weight: 400;\">Un dels productes m\u00e9s <\/span><b><i>ambiciosos<\/i><\/b><span style=\"font-weight: 400;\"> d\u2019aquest projecte comen\u00e7a a prendre forma. Els alumnes d\u2019aquesta comissi\u00f3 s\u2019han dedicat a fer tota mena de proves, tant de <\/span><b><i>c\u00e0meres<\/i><\/b><span style=\"font-weight: 400;\">, <\/span><b><i>guions<\/i><\/b><span style=\"font-weight: 400;\"> i de <\/span><b><i>pl\u00e0nols<\/i><\/b><span style=\"font-weight: 400;\">. Han contactat amb diversos cineastes i documentalistes per a donar un <\/span><b><i>tret de sortida perfecte<\/i><\/b><span style=\"font-weight: 400;\"> al seu producte, que comen\u00e7a amb les primeres gravacions a l\u2019institut, on filmen el proc\u00e9s creatiu de totes les comissions i inicien les primeres <\/span><b><i>entrevistes<\/i><\/b><span style=\"font-weight: 400;\"> a companys.<\/span><\/p>\n<h3><b>Comissi\u00f3 d\u2019Esport i Festes<\/b><\/h3>\n<p><span style=\"font-weight: 400;\">La comissi\u00f3 m\u00e9s <\/span><b><i>divertida<\/i><\/b><span style=\"font-weight: 400;\"> del projecte presenta els seus dos nous torneigs que col\u00b7laboraran m\u00e0 a m\u00e0 amb els alumnes de l\u2019institut Sedav\u00ed:<\/span><\/p>\n<ul>\n<li style=\"font-weight: 400;\" aria-level=\"1\"><b><i>El torneig \u201cFIFAFUT\u201d<\/i><\/b><span style=\"font-weight: 400;\">, constar\u00e0 d\u2019una primera ronda digital al videojoc <\/span><b><i>FC25<\/i><\/b><span style=\"font-weight: 400;\">, on els jugadors competiran entre instituts. La segona ronda tindr\u00e0 lloc al <\/span><b><i>maig<\/i><\/b><span style=\"font-weight: 400;\"> d\u2019aquest any, quan visitem Val\u00e8ncia, on es disputar\u00e0 un <\/span><b><i>partit de futbol<\/i><\/b><span style=\"font-weight: 400;\"> al pati de l\u2019institut que determinar\u00e0 el guanyador.<\/span><\/li>\n<li style=\"font-weight: 400;\" aria-level=\"1\"><span style=\"font-weight: 400;\">Un torneig de <\/span><b><i>\u201cTwo Ball\u201d<\/i><\/b><span style=\"font-weight: 400;\"> \u00e9s l\u2019altra activitat que es troba en preparaci\u00f3, que es disputar\u00e0 directament a Val\u00e8ncia.<\/span><\/li>\n<\/ul>\n<p><span style=\"font-weight: 400;\">Acabem amb el <\/span><b><i>Bingo Musical ben\u00e8fic<\/i><\/b><span style=\"font-weight: 400;\">, que posarem a prova aprofitant el <\/span><b><i>divendres de Carnaval<\/i><\/b><span style=\"font-weight: 400;\">, on es recaptaran diners a l\u2019institut per tal d&#8217;invertir-los al projecte.<\/span><\/p>\n<h3><b>Comissi\u00f3 de Construcci\u00f3<\/b><\/h3>\n<p><span style=\"font-weight: 400;\">Els alumnes que reparen els danys de la <\/span><b><i>DANA<\/i><\/b><span style=\"font-weight: 400;\"> amb les seves pr\u00f2pies mans han contactat amb l\u2019equip docent i alumnat del Sedav\u00ed per a agafar mesures per a la seva primera creaci\u00f3: <\/span><b><i>Un nou hivernacle fet a m\u00e0<\/i><\/b><span style=\"font-weight: 400;\">. L\u2019hort de l\u2019institut va quedar totalment <\/span><b><i>inundat<\/i><\/b><span style=\"font-weight: 400;\"> i <\/span><b><i>destrossat<\/i><\/b><span style=\"font-weight: 400;\">, i la seva reparaci\u00f3 \u00e9s el primer tema que han tractat. Amb les mesures ja establertes, a base d\u2019<\/span><b><i>esbossos<\/i><\/b><span style=\"font-weight: 400;\">, <\/span><b><i>reunions<\/i><\/b><span style=\"font-weight: 400;\"> i <\/span><b><i>pluges d\u2019idees<\/i><\/b><span style=\"font-weight: 400;\">, estan dissenyant el seu primer model.<\/span><\/p>\n<h3><b>Comissi\u00f3 d\u2019Art<\/b><\/h3>\n<p><span style=\"font-weight: 400;\">Donant-li <\/span><b><i>color i vida<\/i><\/b><span style=\"font-weight: 400;\"> a la nostra missi\u00f3, l\u2019equip d\u2019art ja t\u00e9 llest el primer mural de <\/span><b><i>#angeletaxvalencia<\/i><\/b><span style=\"font-weight: 400;\">. El tema escollit \u00e9s la <\/span><b><i>uni\u00f3<\/i><\/b><span style=\"font-weight: 400;\">, concepte que ha marcat molt aquesta <\/span><b><i>DANA<\/i><\/b><span style=\"font-weight: 400;\">, arribant a salvar pobles sencers. Es troben <\/span><b><i>esbossant<\/i><\/b><span style=\"font-weight: 400;\"> el primer disseny, el qual tindr\u00e0 una primera versi\u00f3 en paper, per tal de perfeccionar el producte final que veureu les seg\u00fcents setmanes.<\/span><\/p>\n<h3><b>Comissi\u00f3 de Periodisme i Xarxes<\/b><\/h3>\n<p><span style=\"font-weight: 400;\">Els encarregats de donar <\/span><b><i>visibilitat<\/i><\/b><span style=\"font-weight: 400;\"> a aquest projecte han contactat amb diversos <\/span><b><i>mitjans de comunicaci\u00f3<\/i><\/b><span style=\"font-weight: 400;\"> \u2014 <\/span><b><i>r\u00e0dio<\/i><\/b><span style=\"font-weight: 400;\">, <\/span><b><i>televisi\u00f3<\/i><\/b><span style=\"font-weight: 400;\">, <\/span><b><i>xarxes<\/i><\/b><span style=\"font-weight: 400;\"> \u2014 per tal de pactar tractes publicitaris i donar a con\u00e8ixer el nostre projecte.<\/span><\/p>\n<p><span style=\"font-weight: 400;\">Els perfils de <\/span><b><i>TikTok<\/i><\/b><span style=\"font-weight: 400;\"> i <\/span><b><i>Instagram<\/i><\/b><span style=\"font-weight: 400;\"> ja estan en marxa, plens de <\/span><b><i>contingut recentment fornejat<\/i><\/b><span style=\"font-weight: 400;\">, que podeu trobar en aquesta mateixa web del projecte, la qual hem reformat i afegit nou contingut com el <\/span><b><i>v\u00eddeo informatiu<\/i><\/b><span style=\"font-weight: 400;\">. Tot l\u2019equip de xarxes est\u00e0 <\/span><b><i>guionitzant<\/i><\/b><span style=\"font-weight: 400;\">, <\/span><b><i>gravant<\/i><\/b><span style=\"font-weight: 400;\"> i <\/span><b><i>editant<\/i><\/b><span style=\"font-weight: 400;\"> el nou contingut vertical que tindreu durant les seg\u00fcents setmanes, mentre que els <\/span><b><i>periodistes<\/i><\/b><span style=\"font-weight: 400;\"> continuen donant veu al projecte amb articles com aquest.<\/span><\/p>\n<h3><b>Comissi\u00f3 de Campanyes i Esp\u00f2nsors<\/b><\/h3>\n<p><span style=\"font-weight: 400;\">Acabem amb el grup d\u2019<\/span><b><i>esp\u00f2nsors<\/i><\/b><span style=\"font-weight: 400;\">, encarregat d&#8217;unir-nos m\u00e9s que mai amb el <\/span><b><i>poble valenci\u00e0<\/i><\/b><span style=\"font-weight: 400;\">. Buscant <\/span><b><i>finan\u00e7adors<\/i><\/b><span style=\"font-weight: 400;\"> i <\/span><b><i>connectors<\/i><\/b><span style=\"font-weight: 400;\">, estan en contacte amb l\u2019<\/span><b><i>Ajuntament de Sedav\u00ed<\/i><\/b><span style=\"font-weight: 400;\"> i l\u2019<\/span><b><i>associaci\u00f3 de ve\u00efns<\/i><\/b><span style=\"font-weight: 400;\">, principals col\u00b7laboradors del projecte. Estan informats del que farem i seran els distribu\u00efdors dels <\/span><b><i>diners<\/i><\/b><span style=\"font-weight: 400;\"> i <\/span><b><i>materials<\/i><\/b><span style=\"font-weight: 400;\"> que donem de part de l\u2019institut.<\/span><\/p>\n<p><span style=\"font-weight: 400;\">Concloem aquest primer <\/span><b><i>br\u00edfing quinzenal<\/i><\/b><span style=\"font-weight: 400;\"> convidant-vos a seguir-nos a les nostres xarxes: <\/span><b><i>@angeletaxvalencia<\/i><\/b><span style=\"font-weight: 400;\">, i a estar atents a la nostra <\/span><b><i>p\u00e0gina web<\/i><\/b><span style=\"font-weight: 400;\"> per a no perdre-us cap novetat. De part de l\u2019institut, us adjuntem el nostre <\/span><b><i>correu<\/i><\/b><span style=\"font-weight: 400;\"> per a dubtes o donacions, que s\u00f3n m\u00e9s que benvingudes: <\/span><b><i>angeletaxvalencia@insaferrer.cat<\/i><\/b><\/p>\n<p><span style=\"font-weight: 400;\">Fins d&#8217;aqu\u00ed a quinze dies!<\/span><\/p>\n<p><a href=\"https:\/\/agora.xtec.cat\/insaferrer\/wp-content\/uploads\/usu2510\/2025\/03\/IMG_8504.jpg\"><img loading=\"lazy\" decoding=\"async\" class=\"alignnone size-medium wp-image-2596\" src=\"https:\/\/agora.xtec.cat\/insaferrer\/wp-content\/uploads\/usu2510\/2025\/03\/IMG_8504-225x300.jpg\" alt=\"\" width=\"225\" height=\"300\" srcset=\"https:\/\/agora.xtec.cat\/insaferrer\/wp-content\/uploads\/usu2510\/2025\/03\/IMG_8504-225x300.jpg 225w, https:\/\/agora.xtec.cat\/insaferrer\/wp-content\/uploads\/usu2510\/2025\/03\/IMG_8504-768x1024.jpg 768w, https:\/\/agora.xtec.cat\/insaferrer\/wp-content\/uploads\/usu2510\/2025\/03\/IMG_8504.jpg 960w\" sizes=\"auto, (max-width: 225px) 100vw, 225px\" \/><\/a> <a href=\"https:\/\/agora.xtec.cat\/insaferrer\/wp-content\/uploads\/usu2510\/2025\/03\/IMG_8507-1.jpg\"><img loading=\"lazy\" decoding=\"async\" class=\"alignnone size-medium wp-image-2597\" src=\"https:\/\/agora.xtec.cat\/insaferrer\/wp-content\/uploads\/usu2510\/2025\/03\/IMG_8507-1-225x300.jpg\" alt=\"\" width=\"225\" height=\"300\" srcset=\"https:\/\/agora.xtec.cat\/insaferrer\/wp-content\/uploads\/usu2510\/2025\/03\/IMG_8507-1-225x300.jpg 225w, https:\/\/agora.xtec.cat\/insaferrer\/wp-content\/uploads\/usu2510\/2025\/03\/IMG_8507-1-768x1024.jpg 768w, https:\/\/agora.xtec.cat\/insaferrer\/wp-content\/uploads\/usu2510\/2025\/03\/IMG_8507-1.jpg 960w\" sizes=\"auto, (max-width: 225px) 100vw, 225px\" \/><\/a><\/p>\n<p><a href=\"https:\/\/agora.xtec.cat\/insaferrer\/wp-content\/uploads\/usu2510\/2025\/03\/IMG_8466.jpg\"><img loading=\"lazy\" decoding=\"async\" class=\"alignnone size-medium wp-image-2595\" src=\"https:\/\/agora.xtec.cat\/insaferrer\/wp-content\/uploads\/usu2510\/2025\/03\/IMG_8466-300x225.jpg\" alt=\"\" width=\"300\" height=\"225\" srcset=\"https:\/\/agora.xtec.cat\/insaferrer\/wp-content\/uploads\/usu2510\/2025\/03\/IMG_8466-300x225.jpg 300w, https:\/\/agora.xtec.cat\/insaferrer\/wp-content\/uploads\/usu2510\/2025\/03\/IMG_8466-1024x768.jpg 1024w, https:\/\/agora.xtec.cat\/insaferrer\/wp-content\/uploads\/usu2510\/2025\/03\/IMG_8466-768x576.jpg 768w, https:\/\/agora.xtec.cat\/insaferrer\/wp-content\/uploads\/usu2510\/2025\/03\/IMG_8466-200x150.jpg 200w, https:\/\/agora.xtec.cat\/insaferrer\/wp-content\/uploads\/usu2510\/2025\/03\/IMG_8466.jpg 1280w\" sizes=\"auto, (max-width: 300px) 100vw, 300px\" \/><\/a><\/p>\n","protected":false},"excerpt":{"rendered":"<p>El primer br\u00edfing quinzenal ja est\u00e0 aqu\u00ed i les sis comissions ens comparteixen els seus avan\u00e7os m\u00e9s recents.<br \/>\nComencem la setmana amb m\u00e9s not\u00edcies sobre el projecte, que cada vegada comen\u00e7a a tenir millor pinta. Entre disfresses i celebracions, donem pas a les noves hores de&hellip;  <a href=\"https:\/\/agora.xtec.cat\/insaferrer\/general\/noticies-del-projecte-de-4t-angeletaxvalencia\/\" title=\"Read Not\u00edcies del projecte de 4t #angeletaxvalencia\">Llegeix m\u00e9s\u00bb<\/a><\/p>\n","protected":false},"author":1,"featured_media":2598,"comment_status":"closed","ping_status":"closed","sticky":false,"template":"","format":"standard","meta":{"_bbp_topic_count":0,"_bbp_reply_count":0,"_bbp_total_topic_count":0,"_bbp_total_reply_count":0,"_bbp_voice_count":0,"_bbp_anonymous_reply_count":0,"_bbp_topic_count_hidden":0,"_bbp_reply_count_hidden":0,"_bbp_forum_subforum_count":0,"footnotes":""},"categories":[3,7,1,29],"tags":[160,165,150],"class_list":["post-2594","post","type-post","status-publish","format-standard","has-post-thumbnail","hentry","category-eso","category-eso-4","category-general","category-portada","tag-4t-eso","tag-angeletaxvalencia","tag-projectes"],"post_mailing_queue_ids":[],"_links":{"self":[{"href":"https:\/\/agora.xtec.cat\/insaferrer\/wp-json\/wp\/v2\/posts\/2594","targetHints":{"allow":["GET"]}}],"collection":[{"href":"https:\/\/agora.xtec.cat\/insaferrer\/wp-json\/wp\/v2\/posts"}],"about":[{"href":"https:\/\/agora.xtec.cat\/insaferrer\/wp-json\/wp\/v2\/types\/post"}],"author":[{"embeddable":true,"href":"https:\/\/agora.xtec.cat\/insaferrer\/wp-json\/wp\/v2\/users\/1"}],"replies":[{"embeddable":true,"href":"https:\/\/agora.xtec.cat\/insaferrer\/wp-json\/wp\/v2\/comments?post=2594"}],"version-history":[{"count":1,"href":"https:\/\/agora.xtec.cat\/insaferrer\/wp-json\/wp\/v2\/posts\/2594\/revisions"}],"predecessor-version":[{"id":2599,"href":"https:\/\/agora.xtec.cat\/insaferrer\/wp-json\/wp\/v2\/posts\/2594\/revisions\/2599"}],"wp:featuredmedia":[{"embeddable":true,"href":"https:\/\/agora.xtec.cat\/insaferrer\/wp-json\/wp\/v2\/media\/2598"}],"wp:attachment":[{"href":"https:\/\/agora.xtec.cat\/insaferrer\/wp-json\/wp\/v2\/media?parent=2594"}],"wp:term":[{"taxonomy":"category","embeddable":true,"href":"https:\/\/agora.xtec.cat\/insaferrer\/wp-json\/wp\/v2\/categories?post=2594"},{"taxonomy":"post_tag","embeddable":true,"href":"https:\/\/agora.xtec.cat\/insaferrer\/wp-json\/wp\/v2\/tags?post=2594"}],"curies":[{"name":"wp","href":"https:\/\/api.w.org\/{rel}","templated":true}]}}